{"id":527550,"date":"2026-07-01T04:30:12","date_gmt":"2026-07-01T04:30:12","guid":{"rendered":"https:\/\/www.europesays.com\/pl\/527550\/"},"modified":"2026-07-01T04:30:12","modified_gmt":"2026-07-01T04:30:12","slug":"j-d-vance-ocenia-negocjacje-z-iranem-jestesmy-w-dobrej-pozycji","status":"publish","type":"post","link":"https:\/\/www.europesays.com\/pl\/527550\/","title":{"rendered":"J.D. Vance ocenia negocjacje z Iranem. &#8222;Jeste\u015bmy w dobrej pozycji&#8221;"},"content":{"rendered":"<p>Vance oceni\u0142 w rozmowie z Fox News, \u017ce presja wywierana przez Waszyngton przynosi wymierne rezultaty w regionie Zatoki Perskiej. Wskaza\u0142, \u017ce Teheran w ostatnim czasie powstrzyma\u0142 si\u0119 od agresywnych dzia\u0142a\u0144 wobec \u017ceglugi handlowej, co jego zdaniem jest efektem stanowczej postawy ameryka\u0144skiego prezydenta.<\/p>\n<p>\u2014 Ira\u0144czycy w ci\u0105gu ostatnich kilku tygodni nie atakowali statk\u00f3w, a ropa nadal p\u0142ynie przez cie\u015bnin\u0119 Ormuz. Dzieje si\u0119 tak cz\u0119\u015bciowo dlatego, \u017ce prezydent bardzo wyra\u017anie da\u0142 do zrozumienia, i\u017c je\u015bli Iran zaatakuje statki, Stany Zjednoczone odpowiedz\u0105. Czasami potrzebna jest zar\u00f3wno marchewka, jak i kij \u2014 powiedzia\u0142 Vance.<\/p>\n<p>W zesz\u0142ym tygodniu Pentagon poinformowa\u0142, \u017ce ameryka\u0144skie wojsko przeprowadzi\u0142o uderzenia na cele po\u0142o\u017cone na terytorium Iranu. By\u0142a to reakcja na wcze\u015bniejsze ira\u0144skie ataki wymierzone w dwie jednostki handlowe p\u0142ywaj\u0105ce w rejonie cie\u015bniny Ormuz.<\/p>\n<p> Dalszy ci\u0105g artyku\u0142u pod materia\u0142em wideo Dwa scenariusze wed\u0142ug Vance&#8217;a<\/p>\n<p>Wiceprezydent nakre\u015bli\u0142 dwa mo\u017cliwe scenariusze zako\u0144czenia negocjacji z Teheranem. W jego ocenie ka\u017cdy z nich jest korzystny z perspektywy interes\u00f3w Stan\u00f3w Zjednoczonych, cho\u0107 preferowanym wariantem pozostaje osi\u0105gni\u0119cie porozumienia dyplomatycznego.<\/p>\n<p>\u2014 Je\u015bli zako\u0144cz\u0105 si\u0119 sukcesem \u2013 a oczywi\u015bcie tego w\u0142a\u015bnie chcemy \u2013 b\u0119dziemy mieli Iran, kt\u00f3ry przeszed\u0142 trwa\u0142\u0105 transformacj\u0119: przesta\u0142 finansowa\u0107 terroryzm i destabilizacj\u0119 w regionie, definitywnie zrezygnowa\u0142 z ambicji posiadania broni j\u0105drowej i dzi\u0119ki temu zosta\u0142 ponownie przyj\u0119ty do \u015bwiatowej gospodarki. To by\u0142by znakomity rezultat dla narodu ameryka\u0144skiego i dla ca\u0142ego regionu \u2014 zaznaczy\u0142.<\/p>\n<p>\u2014 Z drugiej strony, je\u015bli Ira\u0144czycy nie b\u0119d\u0105 post\u0119powa\u0107 w\u0142a\u015bciwie, je\u015bli nie zgodz\u0105 si\u0119 na ust\u0119pstwa, kt\u00f3rych oczekujemy w trakcie negocjacji, to ich program nuklearny i tak pozostanie zniszczony, ich konwencjonalne si\u0142y zbrojne r\u00f3wnie\u017c b\u0119d\u0105 zniszczone, a Stany Zjednoczone nadal b\u0119d\u0105 znajdowa\u0107 si\u0119 w znacznie silniejszej pozycji wobec Iranu \u2014 kontynuowa\u0142.<\/p>\n<p>Priorytet Waszyngtonu wobec programu nuklearnego<\/p>\n<p>Polityk stwierdzi\u0142, \u017ce jego kraj dysponuje pe\u0142n\u0105 przewag\u0105 przy stole rozm\u00f3w. Doda\u0142 jednocze\u015bnie, \u017ce pomimo d\u0105\u017cenia do porozumienia, administracja w znacznej mierze zrealizowa\u0142a ju\u017c sw\u00f3j priorytet. \u2014 Ale nawet je\u015bli tak si\u0119 nie stanie, osi\u0105gn\u0119li\u015bmy nasz podstawowy cel \u2013 zapewnienie, \u017ce Iran nigdy nie b\u0119dzie posiada\u0142 broni j\u0105drowej \u2014 przekonywa\u0142 wiceprezydent.<\/p>\n<p>Vance opisa\u0142 r\u00f3wnie\u017c napi\u0119cia, kt\u00f3re jego zdaniem widoczne s\u0105 wewn\u0105trz ira\u0144skiego aparatu w\u0142adzy. Dostrzega tam \u015bcieranie si\u0119 dw\u00f3ch oboz\u00f3w o odmiennych wizjach dalszej polityki pa\u0144stwa.<\/p>\n<p>\u2014 S\u0105 ludzie, kt\u00f3rzy zdaj\u0105 sobie spraw\u0119, \u017ce spos\u00f3b, w jaki Iran prowadzi\u0142 swoj\u0105 polityk\u0119 przez ostatnie 47 lat, by\u0142 b\u0142\u0119dem, i chc\u0105 rozpocz\u0105\u0107 nowy rozdzia\u0142. Wida\u0107 jednak tak\u017ce op\u00f3r ze strony twardog\u0142owych i radyka\u0142\u00f3w, kt\u00f3rzy nie chc\u0105 zmienia\u0107 swojego post\u0119powania \u2014 doda\u0142 Vance.<\/p>\n<p> Plan Trumpa trafi do kosza? Kruczek w umowie mo\u017ce na nowo podpali\u0107 lont   <img class=\"ods-a-photo ods-a-photo--background\" src=\"https:\/\/www.europesays.com\/pl\/wp-content\/uploads\/2026\/07\/TPqk9lBaHR0cHM6Ly9vY2RuLmV1L3B1bHNjbXMvTURBXy9iNzgxYzZjMmM2ZjkwN2M3NWM4OTQ0MjgyOTgwMzBkNC5qcGeRlQLNA.jpeg\" height=\"253\" width=\"450\" alt=\"Prezydent Stan\u00f3w Zjednoczonych Donald Trump w Waszyngtonie, 28 czerwca 2026 r. W tle mapa Bliskiego Wschodu. Zaznaczona zosta\u0142a tak\u017ce cie\u015bnina Ormuz\" loading=\"lazy\" fetchpriority=\"low\" decoding=\"async\"\/>  Oczekiwania Waszyngtonu wobec Teheranu<\/p>\n<p>Vance zaznaczy\u0142, \u017ce kluczowym testem dla Teheranu b\u0119dzie to, czy przeka\u017ce stronie ameryka\u0144skiej wiarygodne sygna\u0142y gotowo\u015bci do zmiany kursu. Waszyngton nie uzna samych zapewnie\u0144 za wystarczaj\u0105ce, by uzna\u0107 rozmowy za owocne.<\/p>\n<p>\u2014 A je\u015bli maj\u0105 by\u0107 traktowani powa\u017cnie, nie wystarczy, \u017ce b\u0119d\u0105 m\u00f3wi\u0107 w\u0142a\u015bciwe rzeczy \u2013 musz\u0105 dokona\u0107 rzeczywistych ust\u0119pstw \u2014 oznajmi\u0142. \u2014 Dostrzegamy pewne pozytywne sygna\u0142y, ale oczywi\u015bcie widzimy r\u00f3wnie\u017c sygna\u0142y negatywne \u2014 doda\u0142.<\/p>\n<p>\u2014 Prezydent poleci\u0142 nam kontynuowa\u0107 prac\u0119 nad tym problemem i sprawdzi\u0107, dok\u0105d doprowadz\u0105 negocjacje. Je\u015bli jednak nie zako\u0144cz\u0105 si\u0119 one pomy\u015blnym rozwi\u0105zaniem na drodze dyplomatycznej, nadal dysponujemy wieloma mo\u017cliwo\u015bciami dzia\u0142ania, a jednocze\u015bnie ju\u017c osi\u0105gn\u0119li\u015bmy bardzo wiele z punktu widzenia narodu ameryka\u0144skiego \u2014 stwierdzi\u0142 wiceprezydent.<\/p>\n<p>     Konsultacje w Dosze<\/p>\n<p>R\u00f3wnolegle do wypowiedzi Vance&#8217;a katarskie ministerstwo spraw zagranicznych przekaza\u0142o, \u017ce do Dohy przyjechali ameryka\u0144scy wys\u0142annicy \u2014 Steve Witkoff oraz Jared Kushner. Ich celem s\u0105 konsultacje z lokalnymi negocjatorami, a nie bezpo\u015brednie spotkania z przedstawicielami Teheranu.<\/p>\n<p>\u2014 Witkoff i Kushner s\u0105 ju\u017c tutaj w Dosze, by spotka\u0107 si\u0119 mediatorami, z katarskimi urz\u0119dnikami. (&#8230;) Nie s\u0105 tutaj po to, by negocjowa\u0107 z Ira\u0144czykami \u2014 powiedzia\u0142 rzecznik resortu Mad\u017ced Al-Ansari, cytowany przez agencj\u0119 AFP.<\/p>\n<p>Wysoki rang\u0105 przedstawiciel Bia\u0142ego Domu poinformowa\u0142 media, \u017ce w \u015brod\u0119 delegacje ze Stan\u00f3w Zjednoczonych i Iranu przeprowadz\u0105 osobne konsultacje z mediatorami z Kataru oraz Omanu. Tematem tych spotka\u0144 ma by\u0107 porozumienie pokojowe. O ameryka\u0144sko-ira\u0144skich rozmowach w stolicy Kataru m\u00f3wi\u0142 w poniedzia\u0142ek prezydent Donald Trump. Teheran zdementowa\u0142 jednak informacje o planowanych negocjacjach na wysokim szczeblu \u2014 wys\u0142a\u0142 do Kataru jedynie delegacj\u0119 techniczn\u0105, kt\u00f3ra ma spotka\u0107 si\u0119 z tamtejszymi urz\u0119dnikami.<\/p>\n","protected":false},"excerpt":{"rendered":"Vance oceni\u0142 w rozmowie z Fox News, \u017ce presja wywierana przez Waszyngton przynosi wymierne rezultaty w regionie Zatoki&hellip;\n","protected":false},"author":2,"featured_media":527551,"comment_status":"","ping_status":"","sticky":false,"template":"","format":"standard","meta":{"footnotes":"","_share_on_mastodon":"0"},"categories":[14],"tags":[61195,32,33,44,27,663,6909,34,35,28,31,48,25,46,40,41,47,80,29,30,71,26,82,83,84],"class_list":["post-527550","post","type-post","status-publish","format-standard","has-post-thumbnail","category-swiat","tag-bottomfeed_styl","tag-breaking-news","tag-breakingnews","tag-donald_trump","tag-headlines","tag-iran","tag-j_d_vance","tag-latest-news","tag-latestnews","tag-naglowki","tag-najwazniejsze-artykuly","tag-nat_styl","tag-news","tag-omp","tag-polish","tag-polski","tag-screening_general","tag-swiat","tag-top-stories","tag-topstories","tag-usa","tag-wiadomosci","tag-world","tag-world-news","tag-worldnews"],"share_on_mastodon":{"url":"https:\/\/pubeurope.com\/@pl\/116842845079203143","error":""},"_links":{"self":[{"href":"https:\/\/www.europesays.com\/pl\/wp-json\/wp\/v2\/posts\/527550","targetHints":{"allow":["GET"]}}],"collection":[{"href":"https:\/\/www.europesays.com\/pl\/wp-json\/wp\/v2\/posts"}],"about":[{"href":"https:\/\/www.europesays.com\/pl\/wp-json\/wp\/v2\/types\/post"}],"author":[{"embeddable":true,"href":"https:\/\/www.europesays.com\/pl\/wp-json\/wp\/v2\/users\/2"}],"replies":[{"embeddable":true,"href":"https:\/\/www.europesays.com\/pl\/wp-json\/wp\/v2\/comments?post=527550"}],"version-history":[{"count":0,"href":"https:\/\/www.europesays.com\/pl\/wp-json\/wp\/v2\/posts\/527550\/revisions"}],"wp:featuredmedia":[{"embeddable":true,"href":"https:\/\/www.europesays.com\/pl\/wp-json\/wp\/v2\/media\/527551"}],"wp:attachment":[{"href":"https:\/\/www.europesays.com\/pl\/wp-json\/wp\/v2\/media?parent=527550"}],"wp:term":[{"taxonomy":"category","embeddable":true,"href":"https:\/\/www.europesays.com\/pl\/wp-json\/wp\/v2\/categories?post=527550"},{"taxonomy":"post_tag","embeddable":true,"href":"https:\/\/www.europesays.com\/pl\/wp-json\/wp\/v2\/tags?post=527550"}],"curies":[{"name":"wp","href":"https:\/\/api.w.org\/{rel}","templated":true}]}}