{"id":527725,"date":"2026-07-01T06:25:08","date_gmt":"2026-07-01T06:25:08","guid":{"rendered":"https:\/\/www.europesays.com\/pl\/527725\/"},"modified":"2026-07-01T06:25:08","modified_gmt":"2026-07-01T06:25:08","slug":"brak-reakcji-urzedu-bedzie-milczaca-zgoda-przelomowa-zmiana-w-prawie-podpisana-przez-prezydenta-pity-rozlicz-twoj-e-pit-2025-2026","status":"publish","type":"post","link":"https:\/\/www.europesays.com\/pl\/527725\/","title":{"rendered":"Brak reakcji urz\u0119du b\u0119dzie \u201emilcz\u0105c\u0105 zgod\u0105\u201d. Prze\u0142omowa zmiana w prawie podpisana przez prezydenta &#8211; Pity | Rozlicz Tw\u00f3j e-PIT 2025\/2026"},"content":{"rendered":"<p>Zasada tzw. milcz\u0105cej zgody b\u0119dzie stosowana w wi\u0119kszej liczbie przypadk\u00f3w. To jedna ze zmian b\u0119d\u0105cych cz\u0119\u015bci\u0105 podpisanej przez prezydenta Karola Nawrockiego ustawy wprowadzonej w celu uproszczenia procedur administracyjnych. Nowe przepisy s\u0105 wa\u017cn\u0105 modyfikacj\u0105 dla podatnik\u00f3w czekaj\u0105cych np. na decyzje fiskusa.<\/p>\n<p>Prezydent Karol Nawrocki podpisa\u0142 ustaw\u0119 o zmianie niekt\u00f3rych ustaw w celu uproszczenia procedur administracyjnych w sprawach rozstrzyganych w drodze decyzji administracyjnych albo za\u0142atwianych milcz\u0105co \u2013 poda\u0142a Kancelaria Prezydenta. Ustawa rozszerza zakres stosowania tzw. milcz\u0105cej zgody \u2013 czyli zasady, wg kt\u00f3rej brak reakcji organu administracji publicznej lub drugiej strony umowy oznacza akceptacj\u0119 wniosku. Zaakceptowane przez prezydenta przepisy wprowadzaj\u0105 mo\u017cliwo\u015b\u0107 zastosowania milcz\u0105cej zgody w 17 ustawach.<\/p>\n<p>Spraw\u0119 uznaje si\u0119 za \u201eza\u0142atwion\u0105 milcz\u0105co\u201d<\/p>\n<p>Zgodnie z now\u0105 ustaw\u0105 w przypadku wniosku o umorzenie w ca\u0142o\u015bci lub w cz\u0119\u015bci zaleg\u0142o\u015bci podatkowych, odsetek za zw\u0142ok\u0119 lub op\u0142aty prolongacyjnej spraw\u0119 uznaje si\u0119 za za\u0142atwion\u0105 milcz\u0105co w spos\u00f3b w ca\u0142o\u015bci uwzgl\u0119dniaj\u0105cy \u017c\u0105danie wnioskodawcy, je\u017celi w terminie 60 dni od dnia z\u0142o\u017cenia wniosku o umorzenie w ca\u0142o\u015bci lub w cz\u0119\u015bci zaleg\u0142o\u015bci podatkowych, odsetek za zw\u0142ok\u0119 lub op\u0142aty prolongacyjnej organ podatkowy nie wyda\u0142 decyzji lub postanowienia ko\u0144cz\u0105cego post\u0119powanie w tej sprawie.<\/p>\n<p><img fetchpriority=\"high\" decoding=\"async\" width=\"1024\" height=\"683\" src=\"https:\/\/www.europesays.com\/pl\/wp-content\/uploads\/2026\/07\/prez1800forum-Jacek-Szydlowski-Forum1074007818-1024x683.jpg\" alt=\"prezydent Karol Nawrocki\" class=\"wp-image-50481\"  \/>Fot. Jacek Szydlowski \/ Forum<\/p>\n<p>Ustawa stanowi np. \u017ce brak opinii gminnej komisji rozwi\u0105zywania problem\u00f3w alkoholowych o zgodno\u015bci lokalizacji punktu sprzeda\u017cy z uchwa\u0142ami rady gminy w ci\u0105gu 30 dni od dnia otrzymania \u017c\u0105dania jej przedstawienia jest uznawana za pozytywn\u0105 opini\u0119.<\/p>\n<p>Gdy organ podatkowy nie wyda\u0142 decyzji<\/p>\n<p>Inne rozwi\u0105zanie dotyczy stosowania niekt\u00f3rych ulg i zwolnie\u0144 od podatku rolnego \u2013 je\u015bli organ podatkowy w ci\u0105gu 60 dni od dnia z\u0142o\u017cenia wniosku organ podatkowy nie wyda\u0142 decyzji lub postanowienia ko\u0144cz\u0105cego post\u0119powanie w sprawie stosowania ulg, oznacza to, \u017ce w ca\u0142o\u015bci uwzgl\u0119dni\u0142 \u017c\u0105dania wnioskodawc\u00f3w.<\/p>\n<p>Reklama<\/p>\n<p>Elektroniczny obieg dokument\u00f3w z KSeF<\/p>\n<p>Jak stanowi nowa ustawa: je\u017celi w przypadku wniosku o wydanie zezwolenia na przeprowadzenie imprezy masowej organ nie wyda decyzji lub postanowienia ko\u0144cz\u0105cego post\u0119powanie w sprawie we wskazanym w ustawie terminie, to w dniu nast\u0119puj\u0105cym po dniu, w kt\u00f3rym up\u0142yn\u0105\u0142 termin wydania zezwolenia na przeprowadzenie imprezy masowej, zosta\u0142o wydane zezwolenie na przeprowadzenie imprezy masowej na warunkach okre\u015blonych we wniosku.<\/p>\n<p>Ustawa wchodzi w \u017cycie pierwszego dnia miesi\u0105ca nast\u0119puj\u0105cego po up\u0142ywie 6 miesi\u0119cy od dnia og\u0142oszenia.<\/p>\n<p>\u0179r\u00f3d\u0142o: Kancelaria Prezydenta RP, PAP<\/p>\n","protected":false},"excerpt":{"rendered":"Zasada tzw. milcz\u0105cej zgody b\u0119dzie stosowana w wi\u0119kszej liczbie przypadk\u00f3w. To jedna ze zmian b\u0119d\u0105cych cz\u0119\u015bci\u0105 podpisanej przez&hellip;\n","protected":false},"author":2,"featured_media":527726,"comment_status":"","ping_status":"","sticky":false,"template":"","format":"standard","meta":{"footnotes":"","_share_on_mastodon":"0"},"categories":[62712],"tags":[103165,103166,690,383],"class_list":["post-527725","post","type-post","status-publish","format-standard","has-post-thumbnail","category-karol-nawrocki","tag-e-us","tag-home-1","tag-karol-nawrocki","tag-prawo"],"share_on_mastodon":{"url":"https:\/\/pubeurope.com\/@pl\/116843297954920493","error":""},"_links":{"self":[{"href":"https:\/\/www.europesays.com\/pl\/wp-json\/wp\/v2\/posts\/527725","targetHints":{"allow":["GET"]}}],"collection":[{"href":"https:\/\/www.europesays.com\/pl\/wp-json\/wp\/v2\/posts"}],"about":[{"href":"https:\/\/www.europesays.com\/pl\/wp-json\/wp\/v2\/types\/post"}],"author":[{"embeddable":true,"href":"https:\/\/www.europesays.com\/pl\/wp-json\/wp\/v2\/users\/2"}],"replies":[{"embeddable":true,"href":"https:\/\/www.europesays.com\/pl\/wp-json\/wp\/v2\/comments?post=527725"}],"version-history":[{"count":0,"href":"https:\/\/www.europesays.com\/pl\/wp-json\/wp\/v2\/posts\/527725\/revisions"}],"wp:featuredmedia":[{"embeddable":true,"href":"https:\/\/www.europesays.com\/pl\/wp-json\/wp\/v2\/media\/527726"}],"wp:attachment":[{"href":"https:\/\/www.europesays.com\/pl\/wp-json\/wp\/v2\/media?parent=527725"}],"wp:term":[{"taxonomy":"category","embeddable":true,"href":"https:\/\/www.europesays.com\/pl\/wp-json\/wp\/v2\/categories?post=527725"},{"taxonomy":"post_tag","embeddable":true,"href":"https:\/\/www.europesays.com\/pl\/wp-json\/wp\/v2\/tags?post=527725"}],"curies":[{"name":"wp","href":"https:\/\/api.w.org\/{rel}","templated":true}]}}