{"id":527751,"date":"2026-07-01T06:44:09","date_gmt":"2026-07-01T06:44:09","guid":{"rendered":"https:\/\/www.europesays.com\/pl\/527751\/"},"modified":"2026-07-01T06:44:09","modified_gmt":"2026-07-01T06:44:09","slug":"the-dragons-tail-prawdopodobnie-nowa-polska-linia-na-jangyaraju-5650-m","status":"publish","type":"post","link":"https:\/\/www.europesays.com\/pl\/527751\/","title":{"rendered":"\u201eThe Dragon\u2019s Tail\u201d &#8211; prawdopodobnie nowa polska linia na Jangyaraju (5650 m)"},"content":{"rendered":"<p>Wojtek Bojanowski, Leon Dobrza\u0144ski i Patryk Kunc poprowadzili najprawdopodobniej now\u0105 drog\u0119 na po\u0142udniowej \u015bcianie Jangyaraju (5650 m) w Kordylierze Bia\u0142ej w Peru. Powsta\u0142a The Dragon\u2019s Tail\u00a0(D+, M5, 80\u00b0max).<\/p>\n<p><a href=\"https:\/\/wspinanie.pl\/wp-content\/uploads\/2026\/07\/dragons-trail.jpg\" data-rel=\"lightbox-gallery-OCI61YrB\" data-rl_title=\"Przebieg \u201eThe Dragon\u2019s Tail\u201d (D+, M5, 80\u00b0max), Jangyaraju (5650 m), fot. IG Wojtek Bojanowski\" data-rl_caption=\"\" title=\"Przebieg \u201eThe Dragon\u2019s Tail\u201d (D+, M5, 80\u00b0max), Jangyaraju (5650 m), fot. IG Wojtek Bojanowski\" rel=\"nofollow noopener\" target=\"_blank\"><img fetchpriority=\"high\" decoding=\"async\" class=\"size-large wp-image-306094\" src=\"https:\/\/www.europesays.com\/pl\/wp-content\/uploads\/2026\/07\/dragons-trail-620x466.jpg\" alt=\"Przebieg \u201eThe Dragon\u2019s Tail\u201d (D+, M5, 80\u00b0max), Jangyaraju (5650 m), fot. IG Wojtek Bojanowski\" width=\"620\" height=\"466\"  \/><\/a>Przebieg \u201eThe Dragon\u2019s Tail\u201d (D+, M5, 80\u00b0max), Jangyaraju (5650 m), fot. IG Wojtek Bojanowski<\/p>\n<p style=\"text-align: center\">***<\/p>\n<p>Przej\u015bcie zosta\u0142o zrealizowane w ramach wi\u0119kszej wyprawy \u0142\u0105cz\u0105cej wspinaczy z Grupy M\u0142odzie\u017cowej PZA z do\u015bwiadczonymi alpinistami z Polskiego Himalaizmu Sportowego. Peru zosta\u0142o wybrane nie przez przypadek. Kordyliera Bia\u0142a oferuje stosunkowo przyst\u0119pn\u0105 logistyk\u0119 dzia\u0142ania w g\u00f3rach wysokich, dzi\u0119ki czemu stanowi doskona\u0142y poligon przygotowawczy przed przysz\u0142ymi wyprawami, np. w najwy\u017csze pasma Azji. Zapewne wkr\u00f3tce b\u0119dziemy informowa\u0107 o kolejnych efektach tego wyjazdu. W sumie do Peru polecia\u0142a 10-osobowa ekipa i zespo\u0142y s\u0105 ju\u017c po etapie aklimatyzacji.<\/p>\n<p><a href=\"https:\/\/wspinanie.pl\/wp-content\/uploads\/2026\/07\/dragons-trail1.jpg\" data-rel=\"lightbox-gallery-OCI61YrB\" data-rl_title=\"Wspinaczka na \u201eThe Dragon\u2019s Tail\u201d (fot. Wojtek Bojanowski)\" data-rl_caption=\"\" title=\"Wspinaczka na \u201eThe Dragon\u2019s Tail\u201d (fot. Wojtek Bojanowski)\" rel=\"nofollow noopener\" target=\"_blank\"><img loading=\"lazy\" decoding=\"async\" class=\"size-large wp-image-306095\" src=\"https:\/\/www.europesays.com\/pl\/wp-content\/uploads\/2026\/07\/dragons-trail1-620x468.jpg\" alt=\"Wspinaczka na \u201eThe Dragon\u2019s Tail\u201d (fot. Wojtek Bojanowski)\" width=\"620\" height=\"468\"  \/><\/a>Wspinaczka na \u201eThe Dragon\u2019s Tail\u201d (fot. Wojtek Bojanowski)<\/p>\n<p>Wracaj\u0105c do Jangyaraju. Pierwsz\u0105 lini\u0105 na po\u0142udniowej \u015bcianie tego szczytu by\u0142a biegn\u0105ca \u015brodkiem droga Joy Tree (TD+ 50\u00b0-65\u00b0, 90\u00b0 max), wytyczona przez peruwia\u0144ski zesp\u00f3\u0142 w sk\u0142adze Aritza Monasterio, Peter Alvarado\u00a0i Darwin Jamamca w 2003 roku.<\/p>\n<p>Mamy na tej \u015bcianie tak\u017ce polski akcent. W 2021 roku Adam Bielecki i Michael Levy otworzyli na prawo od Joy Tree swoj\u0105 drog\u0119 <a href=\"https:\/\/wspinanie.pl\/2021\/08\/bielecki-levy-janyaraju\/\" rel=\"nofollow noopener\" target=\"_blank\">Cita a ciegas<\/a> (D+, M4, 60\u00b0-70\u00b0, 85\u00b0 max).<\/p>\n<p><a href=\"https:\/\/wspinanie.pl\/wp-content\/uploads\/2026\/07\/dragons-trail-team2.jpg\" data-rel=\"lightbox-gallery-OCI61YrB\" data-rl_title=\"Wojtek Bojanowski, Leon Dobrza\u0144ski i Patryk Kunc (fot. Wojtek Bojanowski)\" data-rl_caption=\"\" title=\"Wojtek Bojanowski, Leon Dobrza\u0144ski i Patryk Kunc (fot. Wojtek Bojanowski)\" rel=\"nofollow noopener\" target=\"_blank\"><img loading=\"lazy\" decoding=\"async\" class=\"size-large wp-image-306096\" src=\"https:\/\/www.europesays.com\/pl\/wp-content\/uploads\/2026\/07\/dragons-trail-team2-620x465.jpg\" alt=\"Wojtek Bojanowski, Leon Dobrza\u0144ski i Patryk Kunc (fot. Wojtek Bojanowski)\" width=\"620\" height=\"465\"  \/><\/a>Wojtek Bojanowski, Leon Dobrza\u0144ski i Patryk Kunc (fot. Wojtek Bojanowski)<\/p>\n<p>Tegoroczna nowo\u015b\u0107 biegnie na prawo od linii Bielecki-Levy. Zesp\u00f3\u0142 po pokonaniu 400-metrowej w wi\u0119kszo\u015bci lodowo-\u015bnie\u017cnego terenu zszed\u0142 przez szczyt grani\u0105 na lodowiec.<\/p>\n<p>CIESZ SI\u0118 WSPINANIEM, CIESZ SI\u0118 CZYTANIEM<\/p>\n<p>Mamy nadziej\u0119, \u017ce ten tekst Ci si\u0119 spodoba\u0142, \u017ce Ci\u0119 zainspirowa\u0142, zaciekawi\u0142, dostarczy\u0142 Ci informacji. Je\u015bli tak to zach\u0119camy Ci\u0119 do wsparcia serwisu. Dzi\u0119ki Tobie b\u0119dziemy mogli dzia\u0142a\u0107 jeszcze lepiej. Wielkie dzi\u0119ki! Do zobaczenia na \u015bciance albo w ska\u0142ach.<\/p>\n","protected":false},"excerpt":{"rendered":"Wojtek Bojanowski, Leon Dobrza\u0144ski i Patryk Kunc poprowadzili najprawdopodobniej now\u0105 drog\u0119 na po\u0142udniowej \u015bcianie Jangyaraju (5650 m) w&hellip;\n","protected":false},"author":2,"featured_media":527752,"comment_status":"","ping_status":"","sticky":false,"template":"","format":"standard","meta":{"footnotes":"","_share_on_mastodon":"0"},"categories":[12],"tags":[7204,3760,8119,42,38,40,39,41,8117,8118,5047],"class_list":["post-527751","post","type-post","status-publish","format-standard","has-post-thumbnail","category-polska","tag-alpinizm","tag-gory","tag-himalaizm","tag-pl","tag-poland","tag-polish","tag-polska","tag-polski","tag-skialpinizm","tag-taternictwo","tag-wspinaczka"],"share_on_mastodon":{"url":"https:\/\/pubeurope.com\/@pl\/116843372915530387","error":""},"_links":{"self":[{"href":"https:\/\/www.europesays.com\/pl\/wp-json\/wp\/v2\/posts\/527751","targetHints":{"allow":["GET"]}}],"collection":[{"href":"https:\/\/www.europesays.com\/pl\/wp-json\/wp\/v2\/posts"}],"about":[{"href":"https:\/\/www.europesays.com\/pl\/wp-json\/wp\/v2\/types\/post"}],"author":[{"embeddable":true,"href":"https:\/\/www.europesays.com\/pl\/wp-json\/wp\/v2\/users\/2"}],"replies":[{"embeddable":true,"href":"https:\/\/www.europesays.com\/pl\/wp-json\/wp\/v2\/comments?post=527751"}],"version-history":[{"count":0,"href":"https:\/\/www.europesays.com\/pl\/wp-json\/wp\/v2\/posts\/527751\/revisions"}],"wp:featuredmedia":[{"embeddable":true,"href":"https:\/\/www.europesays.com\/pl\/wp-json\/wp\/v2\/media\/527752"}],"wp:attachment":[{"href":"https:\/\/www.europesays.com\/pl\/wp-json\/wp\/v2\/media?parent=527751"}],"wp:term":[{"taxonomy":"category","embeddable":true,"href":"https:\/\/www.europesays.com\/pl\/wp-json\/wp\/v2\/categories?post=527751"},{"taxonomy":"post_tag","embeddable":true,"href":"https:\/\/www.europesays.com\/pl\/wp-json\/wp\/v2\/tags?post=527751"}],"curies":[{"name":"wp","href":"https:\/\/api.w.org\/{rel}","templated":true}]}}