{"id":528090,"date":"2026-07-01T10:05:19","date_gmt":"2026-07-01T10:05:19","guid":{"rendered":"https:\/\/www.europesays.com\/pl\/528090\/"},"modified":"2026-07-01T10:05:19","modified_gmt":"2026-07-01T10:05:19","slug":"kluczowy-dylemat-zelenskiego-moze-wbic-klina-miedzy-putina-i-kim-dzong-una-na-szali-zycie-ukrainskich-zolnierzy","status":"publish","type":"post","link":"https:\/\/www.europesays.com\/pl\/528090\/","title":{"rendered":"Kluczowy dylemat Ze\u0142enskiego. Mo\u017ce wbi\u0107 klina mi\u0119dzy Putina i Kim Dzong Una. Na szali \u017cycie ukrai\u0144skich \u017co\u0142nierzy"},"content":{"rendered":"<p>Los okaza\u0142 si\u0119 \u0142askawy dla 27-letniego p\u00f3\u0142nocnokorea\u0144skiego \u017co\u0142nierza Ri i jego 22-letniego towarzysza Baeka. Obaj s\u0105 do dzi\u015b jedynymi spo\u015br\u00f3d ponad 14 tys. Korea\u0144czyk\u00f3w z P\u00f3\u0142nocy s\u0142u\u017c\u0105cych Putinowi, kt\u00f3rzy zostali pojmani przez Ukrain\u0119.<\/p>\n<p>     <img class=\"ods-a-photo ods-a-photo--background\" src=\"https:\/\/www.europesays.com\/pl\/wp-content\/uploads\/2026\/07\/Dkkk9lBaHR0cHM6Ly9vY2RuLmV1L3B1bHNjbXMvTURBXy84NzliOWJlZmM2NGUwZWNhM2I4YWY5ZDUzMmQ3YWNlNy5qcGeRkwXNB.jpeg\" height=\"529\" width=\"940\" alt=\"Baek, jeden z dw\u00f3ch pojmanych przez Ukrain\u0119 p\u00f3\u0142nocnokorea\u0144skich \u017co\u0142nierzy\" loading=\"lazy\" fetchpriority=\"auto\" decoding=\"auto\"\/>    <\/p>\n<p>Ukrainian President Volodymyr Zelensky&#8217;s Social Media \/ Handout \/ Anadolu\/ABACAPRESS.COM \/ AA \/ East News<\/p>\n<p>  Baek, jeden z dw\u00f3ch pojmanych przez Ukrain\u0119 p\u00f3\u0142nocnokorea\u0144skich \u017co\u0142nierzy  <\/p>\n<p>Ponad 7000 ich towarzyszy zgin\u0119\u0142o na wojnie. Wielu z nich pope\u0142ni\u0142o samob\u00f3jstwo \u2014 zgodnie z tym, co wpojono im podczas szkolenia \u2014 aby nie wpa\u015b\u0107 \u017cywcem w r\u0119ce wroga.<\/p>\n<p>Wkr\u00f3tce po schwytaniu Ri i jego kolega napisali w li\u015bcie, \u017ce obawiaj\u0105 si\u0119 powrotu do re\u017cimu Kim Dzong Una. Eksperci do spraw Korei P\u00f3\u0142nocnej r\u00f3wnie\u017c uwa\u017caj\u0105, \u017ce gro\u017c\u0105 im tortury. Kto zostanie schwytany \u017cywy podczas wojny, jest w Korei P\u00f3\u0142nocnej uznawany za zdrajc\u0119.<\/p>\n<p>Ri i jego towarzysza mo\u017ce czeka\u0107 teraz najlepsze, co mo\u017ce spotka\u0107 mieszka\u0144ca Korei P\u00f3\u0142nocnej: wyjazd do Korei Po\u0142udniowej. Seul ch\u0119tnie przyj\u0105\u0142by obu m\u0119\u017cczyzn \u2014 co stawia prezydenta Wo\u0142odymyra Ze\u0142enskiego przed dylematem.<\/p>\n<p>Czy powinien pozwoli\u0107 Korea\u0144czykom z P\u00f3\u0142nocy wyjecha\u0107 do Seulu, chroni\u0105c ich przed Kimem i id\u0105c na ust\u0119pstwa polityczne wobec Korei Po\u0142udniowej? Czy te\u017c powinien przekaza\u0107 ich Putinowi, aby w ten spos\u00f3b sprowadzi\u0107 do domu ukrai\u0144skich je\u0144c\u00f3w?<\/p>\n<p>Korea Po\u0142udniowa w swojej konstytucji stanowi, \u017ce wszyscy mieszka\u0144cy P\u00f3\u0142wyspu Korea\u0144skiego, a wi\u0119c r\u00f3wnie\u017c prawie 27 mln mieszka\u0144c\u00f3w Korei P\u00f3\u0142nocnej, s\u0105 cz\u0119\u015bci\u0105 narodu korea\u0144skiego. Tak samo postrzegaj\u0105 to Ri i jego kolega z pola bitwy: &#8222;Uwa\u017camy Korea\u0144czyk\u00f3w z Po\u0142udnia za naszych rodzic\u00f3w i braci. Chcieliby\u015bmy wyjecha\u0107 do Korei Po\u0142udniowej&#8221; \u2014 pisz\u0105.<\/p>\n<p> Dalszy ci\u0105g artyku\u0142u pod materia\u0142em wideo      <\/p>\n<p>Seul przyj\u0105\u0142by ich r\u00f3wnie\u017c dlatego, \u017ce mogliby posiada\u0107 cenne informacje na temat p\u00f3\u0142nocnokorea\u0144skiej armii. Dla Kim Jong Una dobrowolna ucieczka dw\u00f3ch rodak\u00f3w do po\u0142udniowego s\u0105siada by\u0142aby ha\u0144b\u0105.<\/p>\n<p>W\u0142adimir Putin zdaje sobie z tego spraw\u0119. Chce oszcz\u0119dzi\u0107 swojemu sojusznikowi tego upokorzenia \u2014 r\u00f3wnie\u017c dlatego, \u017ce wci\u0105\u017c <a href=\"https:\/\/www.onet.pl\/informacje\/onetwiadomosci\/samozniszczenie-walcza-do-konca-i-odbieraja-sobie-zycie-dla-rosjan-sa-wielkim-atutem\/ven40nv,79cfc278\" id=\"93b6bfee-b07d-4c70-8584-08d06ce13180\" rel=\"nofollow noopener\" target=\"_blank\">liczy na p\u00f3\u0142nocnokorea\u0144skich \u017co\u0142nierzy i kontenery z amunicj\u0105<\/a>. Dlatego Rosja naciska, by obu P\u00f3\u0142nocnokorea\u0144czyk\u00f3w przekazano do Moskwy w ramach wymiany je\u0144c\u00f3w. Stamt\u0105d ich podr\u00f3\u017c prawdopodobnie przebiega\u0142aby bezpo\u015brednio do Pjongjangu.<\/p>\n<p>Konwencja genewska zabrania jednak wydawania je\u0144c\u00f3w wojennych pa\u0144stwom, w kt\u00f3rych gro\u017c\u0105 im tortury. Ze\u0142enski o tym wie. Wielokrotnie wypowiada\u0142 si\u0119 o p\u00f3\u0142nocnokorea\u0144skich bojownikach niemal z politowaniem. \u2014 Trudno by\u0142oby nam ich schwyta\u0107, poniewa\u017c ich ludzie wcze\u015bniej ich rozstrzeliwuj\u0105. Rosjanie wysy\u0142aj\u0105 ich z minimalnym wyposa\u017ceniem na misje samob\u00f3jcze \u2014 powiedzia\u0142 ju\u017c w grudniu 2024 r.<\/p>\n<p>Przekazuj\u0105c ich do Korei Po\u0142udniowej, Ze\u0142enski m\u00f3g\u0142by wyj\u015b\u0107 naprzeciw partnerowi w Seulu \u2014 a mo\u017ce nawet zwi\u0119kszy\u0107 jego gotowo\u015b\u0107 do bezpo\u015brednich dostaw broni do Kijowa. Jak dot\u0105d Korea Po\u0142udniowa tego nie zrobi\u0142a.<\/p>\n<p>Ze\u0142enski musia\u0142by jednak zrezygnowa\u0107 z innej, cennej wymiany. W zamian za Ri i jego towarzyszy Putin uwolni\u0142by ukrai\u0144skich je\u0144c\u00f3w wojennych. Ostatnio w ramach takich porozumie\u0144 uwolniono nawet bojownik\u00f3w <a href=\"https:\/\/www.onet.pl\/informacje\/onetwiadomosci\/azow-daje-popalic-rosji-zamienili-droge-kremla-w-autostrade-do-piekla\/fgvn77n,79cfc278\" id=\"a75b052b-dc44-418e-b2b3-b8a2f75cd895\" rel=\"nofollow noopener\" target=\"_blank\">cenionej w Ukrainie Brygady Azow<\/a>, kt\u00f3ra broni\u0142a Mariupola i kt\u00f3rej cz\u0142onkowie w niekt\u00f3rych przypadkach przetrwali ponad cztery lata w rosyjskiej niewoli.Wielki dylemat<\/p>\n<p>Ze\u0142enski stoi zatem przed dylematem moralnym. Z strategicznego punktu widzenia odpowied\u017a jest stosunkowo jasna: celem Ukrainy jest wbicie klina mi\u0119dzy Kima a Putina. Je\u015bli najwa\u017cniejszy partner Rosjan na polu bitwy zacznie si\u0119 waha\u0107 przed spe\u0142nieniem kolejnej pro\u015bby Kremla o wys\u0142anie dodatkowych \u017co\u0142nierzy, b\u0119dzie to korzystne dla Kijowa. Wydaj\u0105c obu Korea\u0144czyk\u00f3w z P\u00f3\u0142nocy Korei Po\u0142udniowej, Ze\u0142enski m\u00f3g\u0142by w\u0142a\u015bnie to osi\u0105gn\u0105\u0107.<\/p>\n<p>Z tego powodu ukrai\u0144scy je\u0144cy wojenni, kt\u00f3rych Ze\u0142enski m\u00f3g\u0142by wymieni\u0107 na tych dw\u00f3ch Korea\u0144czyk\u00f3w z P\u00f3\u0142nocy, musieliby cierpie\u0107 w putinowskich lochach. To bolesna kalkulacja, kt\u00f3r\u0105 ukrai\u0144ski prezydent mo\u017ce zaakceptowa\u0107.<\/p>\n","protected":false},"excerpt":{"rendered":"Los okaza\u0142 si\u0119 \u0142askawy dla 27-letniego p\u00f3\u0142nocnokorea\u0144skiego \u017co\u0142nierza Ri i jego 22-letniego towarzysza Baeka. Obaj s\u0105 do dzi\u015b&hellip;\n","protected":false},"author":2,"featured_media":528091,"comment_status":"","ping_status":"","sticky":false,"template":"","format":"standard","meta":{"footnotes":"","_share_on_mastodon":"0"},"categories":[14],"tags":[56,61195,32,33,27,1239,2014,5835,34,35,28,31,48,25,46,40,41,87,47,1746,80,29,30,415,26,408,309,82,83,84],"class_list":["post-528090","post","type-post","status-publish","format-standard","has-post-thumbnail","category-swiat","tag-article_premium","tag-bottomfeed_styl","tag-breaking-news","tag-breakingnews","tag-headlines","tag-kijow","tag-korea_polnocna","tag-korea_poludniowa","tag-latest-news","tag-latestnews","tag-naglowki","tag-najwazniejsze-artykuly","tag-nat_styl","tag-news","tag-omp","tag-polish","tag-polski","tag-rosja","tag-screening_general","tag-seul","tag-swiat","tag-top-stories","tag-topstories","tag-ukraina","tag-wiadomosci","tag-wladimir_putin","tag-wolodymyr_zelenski","tag-world","tag-world-news","tag-worldnews"],"share_on_mastodon":{"url":"https:\/\/pubeurope.com\/@pl\/116844162333043466","error":""},"_links":{"self":[{"href":"https:\/\/www.europesays.com\/pl\/wp-json\/wp\/v2\/posts\/528090","targetHints":{"allow":["GET"]}}],"collection":[{"href":"https:\/\/www.europesays.com\/pl\/wp-json\/wp\/v2\/posts"}],"about":[{"href":"https:\/\/www.europesays.com\/pl\/wp-json\/wp\/v2\/types\/post"}],"author":[{"embeddable":true,"href":"https:\/\/www.europesays.com\/pl\/wp-json\/wp\/v2\/users\/2"}],"replies":[{"embeddable":true,"href":"https:\/\/www.europesays.com\/pl\/wp-json\/wp\/v2\/comments?post=528090"}],"version-history":[{"count":0,"href":"https:\/\/www.europesays.com\/pl\/wp-json\/wp\/v2\/posts\/528090\/revisions"}],"wp:featuredmedia":[{"embeddable":true,"href":"https:\/\/www.europesays.com\/pl\/wp-json\/wp\/v2\/media\/528091"}],"wp:attachment":[{"href":"https:\/\/www.europesays.com\/pl\/wp-json\/wp\/v2\/media?parent=528090"}],"wp:term":[{"taxonomy":"category","embeddable":true,"href":"https:\/\/www.europesays.com\/pl\/wp-json\/wp\/v2\/categories?post=528090"},{"taxonomy":"post_tag","embeddable":true,"href":"https:\/\/www.europesays.com\/pl\/wp-json\/wp\/v2\/tags?post=528090"}],"curies":[{"name":"wp","href":"https:\/\/api.w.org\/{rel}","templated":true}]}}