{"id":528096,"date":"2026-07-01T10:08:11","date_gmt":"2026-07-01T10:08:11","guid":{"rendered":"https:\/\/www.europesays.com\/pl\/528096\/"},"modified":"2026-07-01T10:08:11","modified_gmt":"2026-07-01T10:08:11","slug":"donald-tusk-planuje-kolejne-rozmowy-o-finansowaniu-nfz-z-minister-zdrowia-i-prezesem-funduszu","status":"publish","type":"post","link":"https:\/\/www.europesays.com\/pl\/528096\/","title":{"rendered":"Donald Tusk planuje kolejne rozmowy o finansowaniu NFZ z minister zdrowia i prezesem funduszu"},"content":{"rendered":"<p class=\"news__lead\">Premier Donald Tusk kontynuuje rozmowy dotycz\u0105ce finansowania NFZ oraz sytuacji w systemie ochrony zdrowia w Polsce. Rzecznik rz\u0105du Adam Sz\u0142apka zapowiada kolejne spotkania z minister zdrowia Jolant\u0105 Sobiera\u0144sk\u0105-Grend\u0105 oraz prezesem NFZ Filipem Nowakiem. Rz\u0105d zapewnia, \u017ce \u015brodki na zdrowie s\u0105 zabezpieczone, ale jednocze\u015bnie podkre\u015bla konieczno\u015b\u0107 dalszych prac nad reformami systemowymi.<\/p>\n<p>                                                                                                                                                                                                                                                                                    <a name=\"topic_0\">Kolejne spotkania premiera Tuska z resortem zdrowia i NFZ<\/a>  <\/p>\n<p>Rzecznik rz\u0105du Adam Sz\u0142apka poinformowa\u0142, \u017ce w tym tygodniu odb\u0119d\u0105 si\u0119 kolejne rozmowy premiera Donalda Tuska z kierownictwem ochrony zdrowia. Spotkania obejm\u0105 minister zdrowia Jolant\u0119 Sobiera\u0144sk\u0105-Grend\u0119 oraz prezesa Narodowego Funduszu Zdrowia Filipa Nowaka.<\/p>\n<p>Jak przekazano, rozmowy b\u0119d\u0105 kontynuacj\u0105 wcze\u015bniejszych analiz dotycz\u0105cych sytuacji w systemie ochrony zdrowia i finansowania \u015bwiadcze\u0144.\u00a0Jednym z g\u0142\u00f3wnych temat\u00f3w spotka\u0144 jest finansowanie NFZ. W rozmowach uczestniczy\u0142 ju\u017c r\u00f3wnie\u017c minister finans\u00f3w Andrzej Doma\u0144ski, co podkre\u015bla wag\u0119 kwestii bud\u017cetowych.<\/p>\n<p>Adam Sz\u0142apka zapewni\u0142:<\/p>\n<p>Pieni\u0119dzy na ochron\u0119 zdrowia na pewno nie zabraknie.<\/p>\n<p>Jednocze\u015bnie zaznaczy\u0142, \u017ce konieczne s\u0105 dalsze rozmowy i prace nad rozwi\u0105zaniami systemowymi.<\/p>\n<p>                                    Zobacz tak\u017ce:<br \/>\n                                    &#13;<br \/>\n                                        &#13;<\/p>\n<p>                                                <a href=\"https:\/\/politykazdrowotna.com\/artykul\/media-tusk-sie-wsciekl-n2385734\" rel=\"nofollow noopener\" target=\"_blank\"><img decoding=\"async\" src=\"https:\/\/www.europesays.com\/pl\/wp-content\/uploads\/2026\/07\/thumb__2385734_1781854781.webp\" alt=\"Media: Tusk si\u0119 w\u015bciek\u0142, b\u0119dzie g\u0142\u0119boka reforma systemu ochrony zdrowia\" class=\"content-more__img\"\/><\/a><br \/>\n                                            &#13;<br \/>\n                                                            <a href=\"https:\/\/politykazdrowotna.com\/artykul\/media-tusk-sie-wsciekl-n2385734\" class=\"content-more__link\" rel=\"nofollow noopener\" target=\"_blank\">&#13;<br \/>\n                                                Media: Tusk si\u0119 w\u015bciek\u0142, b\u0119dzie g\u0142\u0119boka reforma systemu ochrony zdrowia&#13;<br \/>\n                                            <\/a>&#13;<br \/>\n                                        &#13;<\/p>\n<p>                                  <a name=\"topic_1\">Donald Tusk zapowiada dalsze rozmowy o systemie zdrowia<\/a>  <\/p>\n<p>Premier Donald Tusk ju\u017c wcze\u015bniej zapowiada\u0142 \u201ebardzo powa\u017cn\u0105 rozmow\u0119 z szefostwem NFZ\u201d. Spotkania maj\u0105 dotyczy\u0107 zar\u00f3wno bie\u017c\u0105cej sytuacji, jak i propozycji zmian systemowych.<\/p>\n<p>W tle rozm\u00f3w pojawiaj\u0105 si\u0119 informacje o mo\u017cliwych nieprawid\u0142owo\u015bciach w systemie ochrony zdrowia, kt\u00f3re wymagaj\u0105 \u2013 jak podkre\u015blaj\u0105 rz\u0105dz\u0105cy \u2013 analizy i reakcji.\u00a0<\/p>\n<p>Filip Nowak kieruje Narodowym Funduszem Zdrowia od 2020 roku \u2013 pocz\u0105tkowo jako pe\u0142ni\u0105cy obowi\u0105zki, a od 2021 roku jako formalnie powo\u0142any prezes.<\/p>\n<p>Zgodnie z przepisami, prezesa NFZ powo\u0142uje minister zdrowia po konkursie i opinii Rady Funduszu. W okre\u015blonych sytuacjach mo\u017cliwe jest jednak jego natychmiastowe odwo\u0142anie bez konsultacji, je\u015bli dochodzi do ra\u017c\u0105cego naruszenia obowi\u0105zk\u00f3w.<\/p>\n<p>  <a name=\"topic_2\">Znaczenie rozm\u00f3w dla systemu ochrony zdrowia<\/a>  <\/p>\n<p>Planowane spotkania premiera z kierownictwem resortu zdrowia i NFZ maj\u0105 dotyczy\u0107 zar\u00f3wno bie\u017c\u0105cego zarz\u0105dzania systemem, jak i jego reformy. Rz\u0105d podkre\u015bla, \u017ce system ochrony zdrowia w Polsce wymaga sta\u0142ej analizy i dostosowa\u0144.<\/p>\n<p>Wed\u0142ug zapowiedzi, najbli\u017csze dni maj\u0105 przynie\u015b\u0107 dalsze decyzje i kierunki dzia\u0142a\u0144 w obszarze finansowania oraz organizacji \u015bwiadcze\u0144 zdrowotnych.<\/p>\n<p>                                                                                                                                                                                                        ]]><\/p>\n","protected":false},"excerpt":{"rendered":"Premier Donald Tusk kontynuuje rozmowy dotycz\u0105ce finansowania NFZ oraz sytuacji w systemie ochrony zdrowia w Polsce. Rzecznik rz\u0105du&hellip;\n","protected":false},"author":2,"featured_media":528097,"comment_status":"","ping_status":"","sticky":false,"template":"","format":"standard","meta":{"footnotes":"","_share_on_mastodon":"0"},"categories":[62713],"tags":[7508,31362,103260,1345,102927,102928,103259,229,103261,103263,103262],"class_list":["post-528096","post","type-post","status-publish","format-standard","has-post-thumbnail","category-donald-tusk","tag-adam-szlapka","tag-andrzej-domanski","tag-budzet-na-ochrone-zdrowia","tag-donald-tusk","tag-filip-nowak","tag-finansowanie-nfz","tag-minister-zdrowia-jolanta-sobieranska-grenda","tag-nfz","tag-reforma-ochrony-zdrowia","tag-swiadczenia-zdrowotnemedycyna-i-zdrowie","tag-swiadczenia-zdrowotnezdrowie-publiczne"],"share_on_mastodon":{"url":"https:\/\/pubeurope.com\/@pl\/116844175141623187","error":""},"_links":{"self":[{"href":"https:\/\/www.europesays.com\/pl\/wp-json\/wp\/v2\/posts\/528096","targetHints":{"allow":["GET"]}}],"collection":[{"href":"https:\/\/www.europesays.com\/pl\/wp-json\/wp\/v2\/posts"}],"about":[{"href":"https:\/\/www.europesays.com\/pl\/wp-json\/wp\/v2\/types\/post"}],"author":[{"embeddable":true,"href":"https:\/\/www.europesays.com\/pl\/wp-json\/wp\/v2\/users\/2"}],"replies":[{"embeddable":true,"href":"https:\/\/www.europesays.com\/pl\/wp-json\/wp\/v2\/comments?post=528096"}],"version-history":[{"count":0,"href":"https:\/\/www.europesays.com\/pl\/wp-json\/wp\/v2\/posts\/528096\/revisions"}],"wp:featuredmedia":[{"embeddable":true,"href":"https:\/\/www.europesays.com\/pl\/wp-json\/wp\/v2\/media\/528097"}],"wp:attachment":[{"href":"https:\/\/www.europesays.com\/pl\/wp-json\/wp\/v2\/media?parent=528096"}],"wp:term":[{"taxonomy":"category","embeddable":true,"href":"https:\/\/www.europesays.com\/pl\/wp-json\/wp\/v2\/categories?post=528096"},{"taxonomy":"post_tag","embeddable":true,"href":"https:\/\/www.europesays.com\/pl\/wp-json\/wp\/v2\/tags?post=528096"}],"curies":[{"name":"wp","href":"https:\/\/api.w.org\/{rel}","templated":true}]}}