{"id":528437,"date":"2026-07-01T13:20:09","date_gmt":"2026-07-01T13:20:09","guid":{"rendered":"https:\/\/www.europesays.com\/pl\/528437\/"},"modified":"2026-07-01T13:20:09","modified_gmt":"2026-07-01T13:20:09","slug":"to-ona-padla-ofiara-zamachu-w-monako-kochanka-oligarchy-stracila-nogi","status":"publish","type":"post","link":"https:\/\/www.europesays.com\/pl\/528437\/","title":{"rendered":"To ona pad\u0142a ofiar\u0105 zamachu w Monako. Kochanka oligarchy straci\u0142a nogi"},"content":{"rendered":"<p>Jak czytamy, w zamachu ucierpia\u0142 r\u00f3wnie\u017c 13-letni syn pary oraz sam Jermo\u0142ajew \u2014 ca\u0142a tr\u00f3jka przebywa obecnie na oddziale intensywnej terapii.<\/p>\n<p> Dalszy ci\u0105g artyku\u0142u pod materia\u0142em wideo <\/p>\n<p>Pocz\u0105tkowo media sugerowa\u0142y, \u017ce poszkodowana zosta\u0142a \u017cona oligarchy Anna, matka czw\u00f3rki jego dzieci. Szybko jednak okaza\u0142o si\u0119, \u017ce Ukrainiec przebywa\u0142 ze swoj\u0105 wieloletni\u0105 kochank\u0105 Ann\u0105 Nasobin\u0105.<\/p>\n<p>&#8222;Jeste\u015bmy w stanie silnego stresu i aktywnie wsp\u00f3\u0142pracujemy z organami \u015bledczymi&#8221; \u2014 powiedzia\u0142a Jermo\u0142ajewa w rozmowie z ukrai\u0144skimi dziennikarzami.<\/p>\n<p>Informacje o tym, \u017ce to nie \u017cona, a partnerka bogacza zosta\u0142a ranna, potwierdzi\u0142 tak\u017ce znany ukrai\u0144ski bloger polityczny Anatolij Szarij: &#8222;To by\u0142a ta kobieta, kt\u00f3ra straci\u0142a nogi. Jest na granicy \u017cycia i \u015bmierci&#8221;.<\/p>\n<p>     Anna Nasobina \u2014 co o niej wiadomo?<\/p>\n<p>Anna Nasobina urodzi\u0142a si\u0119 jako c\u00f3rka by\u0142ego zast\u0119pcy prokuratora pa\u0144stwowego obwodu dniepropietrowskiego. Uko\u0144czy\u0142a prawo na Narodowym Uniwersytecie Dniepropietrowskim, a nast\u0119pnie studiowa\u0142a w Mi\u0119dzynarodowym Instytucie Zarz\u0105dzania.<\/p>\n<p>Od kilku lat mieszka w Londynie, gdzie pe\u0142ni funkcj\u0119 dyrektorki brytyjskiej sp\u00f3\u0142ki Wycombe Square Investments LLP. Wsp\u00f3\u0142prowadzi tak\u017ce Club \u00c9clectique \u2014 prywatny klub literacko-artystyczny z siedzib\u0105 przy Oxford Street w Londynie i biurem w Monako. Organizowane s\u0105 tam wydarzenia z udzia\u0142em rosyjskich artyst\u00f3w zwi\u0105zanych z prokremlowskimi \u015brodowiskami oraz cz\u0142onkami moskiewskiej diaspory.<\/p>\n<p>W\u015br\u00f3d go\u015bci Nasobiny wymienia si\u0119 m.in. Sophie Ellis-Bextor, projektant Julien Macdonald czy aktorka Camilla Rutherford.<\/p>\n<p>Jermo\u0142ajew, jak wielu oligarch\u00f3w, kt\u00f3rzy wzbogacili si\u0119 po upadku ZSRR, by\u0142 wielokrotnie oskar\u017cany o dzia\u0142alno\u015b\u0107 przest\u0119pcz\u0105, w tym pranie pieni\u0119dzy \u2014 czemu stanowczo zaprzecza. Jego prawnik, Theo Koszlakow, zapewnia: &#8222;Do tej pory w \u017cadnej jurysdykcji nie wszcz\u0119to post\u0119powania s\u0105dowego przeciwko panu Jermo\u0142ajewowi&#8221;.<\/p>\n<p>Oligarcha mieszka w Monako od 2021 r. W 2019 r. zrzek\u0142 si\u0119 obywatelstwa ukrai\u0144skiego na rzecz paszportu cypryjskiego. W grudniu 2023 r. zosta\u0142 obj\u0119ty sankcjami przez Kij\u00f3w.<\/p>\n","protected":false},"excerpt":{"rendered":"Jak czytamy, w zamachu ucierpia\u0142 r\u00f3wnie\u017c 13-letni syn pary oraz sam Jermo\u0142ajew \u2014 ca\u0142a tr\u00f3jka przebywa obecnie na&hellip;\n","protected":false},"author":2,"featured_media":528438,"comment_status":"","ping_status":"","sticky":false,"template":"","format":"standard","meta":{"footnotes":"","_share_on_mastodon":"0"},"categories":[14],"tags":[61195,32,33,27,34,35,946,28,31,48,25,46,55,40,41,47,80,29,30,415,26,82,83,84],"class_list":["post-528437","post","type-post","status-publish","format-standard","has-post-thumbnail","category-swiat","tag-bottomfeed_styl","tag-breaking-news","tag-breakingnews","tag-headlines","tag-latest-news","tag-latestnews","tag-monako","tag-naglowki","tag-najwazniejsze-artykuly","tag-nat_styl","tag-news","tag-omp","tag-phx","tag-polish","tag-polski","tag-screening_general","tag-swiat","tag-top-stories","tag-topstories","tag-ukraina","tag-wiadomosci","tag-world","tag-world-news","tag-worldnews"],"share_on_mastodon":{"url":"","error":""},"_links":{"self":[{"href":"https:\/\/www.europesays.com\/pl\/wp-json\/wp\/v2\/posts\/528437","targetHints":{"allow":["GET"]}}],"collection":[{"href":"https:\/\/www.europesays.com\/pl\/wp-json\/wp\/v2\/posts"}],"about":[{"href":"https:\/\/www.europesays.com\/pl\/wp-json\/wp\/v2\/types\/post"}],"author":[{"embeddable":true,"href":"https:\/\/www.europesays.com\/pl\/wp-json\/wp\/v2\/users\/2"}],"replies":[{"embeddable":true,"href":"https:\/\/www.europesays.com\/pl\/wp-json\/wp\/v2\/comments?post=528437"}],"version-history":[{"count":0,"href":"https:\/\/www.europesays.com\/pl\/wp-json\/wp\/v2\/posts\/528437\/revisions"}],"wp:featuredmedia":[{"embeddable":true,"href":"https:\/\/www.europesays.com\/pl\/wp-json\/wp\/v2\/media\/528438"}],"wp:attachment":[{"href":"https:\/\/www.europesays.com\/pl\/wp-json\/wp\/v2\/media?parent=528437"}],"wp:term":[{"taxonomy":"category","embeddable":true,"href":"https:\/\/www.europesays.com\/pl\/wp-json\/wp\/v2\/categories?post=528437"},{"taxonomy":"post_tag","embeddable":true,"href":"https:\/\/www.europesays.com\/pl\/wp-json\/wp\/v2\/tags?post=528437"}],"curies":[{"name":"wp","href":"https:\/\/api.w.org\/{rel}","templated":true}]}}