{"id":529649,"date":"2026-07-02T02:29:13","date_gmt":"2026-07-02T02:29:13","guid":{"rendered":"https:\/\/www.europesays.com\/pl\/529649\/"},"modified":"2026-07-02T02:29:13","modified_gmt":"2026-07-02T02:29:13","slug":"zmiany-w-kursowaniu-pociagow-na-liniach-pkm-przez-remont-przystanku-gdansk-strzyza","status":"publish","type":"post","link":"https:\/\/www.europesays.com\/pl\/529649\/","title":{"rendered":"Zmiany w kursowaniu poci\u0105g\u00f3w na liniach PKM przez remont przystanku Gda\u0144sk Strzy\u017ca"},"content":{"rendered":"<p>            <a href=\"https:\/\/s-trojmiasto.pl\/zdj\/c\/n\/9\/4360\/1536x0\/4360460-Roboty-naprawcze-w-rejonie-przystanku-Gdansk-Strzyza-zaplanowano-na-okres-od-lipca-do-wrzesnia-br.webp\" target=\"_blank\" data-slide-name=\"848062\" data-lightbox-target=\"photo full\" data-sub-html=\"&lt;h4&gt;Roboty naprawcze w rejonie przystanku Gda\u0144sk Strzy\u017ca zaplanowano na okres od lipca do wrze\u015bnia br.&lt;\/h4&gt;&lt;p&gt;fot. PKM&lt;\/p&gt;&#010;\" class=\"photoMarker__link\" data-filter-brightness=\"brightness--100\" rel=\"nofollow noopener\"><\/p>\n<p>    <img decoding=\"async\" style=\"height:421px; aspect-ratio: 1.77778\/1; filter:brightness(1);\" alt=\"Roboty naprawcze w rejonie przystanku Gda\u0144sk Strzy\u017ca zaplanowano na okres od lipca do wrze\u015bnia br.\" src=\"https:\/\/www.europesays.com\/pl\/wp-content\/uploads\/2026\/07\/4360460-Roboty-naprawcze-w-rejonie-przystanku-Gdansk-Strzyza-zaplanowano-na-okres-od.webp\" class=\"photoMarker__img \" data-slider=\"img\" fetchpriority=\"high\"\/><\/p>\n<p>            <\/a><\/p>\n<p class=\"lead\"><a href=\"https:\/\/www.trojmiasto.pl\/Pomorska-Kolej-Metropolitalna-o38236.html\" data-tklik=\"473663\" rel=\"nofollow noopener\" target=\"_blank\">Pomorska Kolej Metropolitalna<\/a> poinformowa\u0142a o\u00a0zmianach w\u00a0kursowaniu poci\u0105g\u00f3w Polregio od lipca. Z\u00a0powodu prac torowych na przystankach Strzy\u017ca, Nied\u017awiednik i\u00a0Br\u0119towo wszystkie poci\u0105gi b\u0119d\u0105 odje\u017cd\u017ca\u0107 z\u00a0toru nr 2 przy peronie 2. Ma to zwi\u0105zek z\u00a0pracami naprawczymi na trzech wiaduktach PKM w\u00a0rejonie przystanku Gda\u0144sk Strzy\u017ca.<\/p>\n<p>                                to spory problem w mojej codzienno\u015bci<br \/>\n                                58%<\/p>\n<p>                                uci\u0105\u017cliwe, ale do prze\u017cycia<br \/>\n                                28%<\/p>\n<p>                                raczej nie maj\u0105 na mnie wp\u0142ywu<br \/>\n                                14%<\/p>\n<p>Roboty realizowane b\u0119d\u0105 w\u00a0ramach gwarancji przez generalnego wykonawc\u0119 linii PKM &#8211; firm\u0119 Budimex SA. Tego samego dnia wznowiony zostanie ruch po obu torach na estakadzie PKM przy gda\u0144skim lotnisku, gdzie prace prowadzone by\u0142y wcze\u015bniej.Co b\u0119dzie naprawiane?<\/p>\n<p>Naprawy obejmuj\u0105 betonowe bloki podszynowe, kt\u00f3re znajduj\u0105 si\u0119 na bezpodsypkowej nawierzchni torowej kilku wiadukt\u00f3w kolejowych PKM. Ju\u017c kilka lat temu na cz\u0119\u015bci z\u00a0nich pojawi\u0142y si\u0119 niewielkie rysy i\u00a0sp\u0119kania, kt\u00f3re sp\u00f3\u0142ka PKM zg\u0142osi\u0142a wykonawcy jako usterki gwarancyjne. Wykryte uszkodzenia nie mia\u0142y wp\u0142ywu na bezpiecze\u0144stwo ruchu kolejowego i\u00a0nie wymaga\u0142y natychmiastowej interwencji. <\/p>\n<p>Od tego czasu by\u0142y one na bie\u017c\u0105co monitorowane przez ekspert\u00f3w z\u00a0Politechniki Warszawskiej, kt\u00f3rzy &#8211; korzystaj\u0105c z\u00a0czasowego zamkni\u0119cia jednego toru w\u00a0trakcie prowadzonej w\u00a0latach 2022-2023 elektryfikacji linii PKM &#8211; przetestowali na wybranym odcinku metody naprawy wykrytych usterek.<\/p>\n<p><a data-tklik=\"121863\" href=\"https:\/\/www.trojmiasto.pl\/skm\/\" class=\"transport-info-box\" rel=\"nofollow noopener\" target=\"_blank\"><\/p>\n<p>Sprawd\u017a rozk\u0142ad jazdy poci\u0105g\u00f3w Polregio<\/p>\n<p><\/a><\/p>\n<p>Roboty w\u00a0dogodnym terminie<\/p>\n<p>PKM wraz z\u00a0wykonawc\u0105 zdecydowali o\u00a0przeprowadzeniu napraw w\u00a0dogodnym dla pasa\u017cer\u00f3w terminie &#8211; zbie\u017cnym z\u00a0prowadzon\u0105 przez PKP PLK modernizacj\u0105 linii kolejowej nr 201 Gdynia-Ko\u015bcierzyna, kiedy cz\u0119\u015b\u0107 ruchu poci\u0105g\u00f3w zosta\u0142a przekierowana na tzw. bajpas kartuski. <\/p>\n<p><a href=\"https:\/\/www.trojmiasto.pl\/wiadomosci\/Jelen-na-peronie-PKM-Niedzwiednik-n221972.html\" data-tklik=\"117525\" class=\"marker-news component newsMarker\" rel=\"nofollow noopener\" target=\"_blank\"><br \/>\n            <img decoding=\"async\" src=\"https:\/\/www.europesays.com\/pl\/wp-content\/uploads\/2026\/07\/4358927__c_977_349_898_629__kr.webp\" alt=\"Jele\u0144 wr\u00f3ci\u0142 na lini\u0119 PKM Nied\u017awiednik. Tym razem wybra\u0142 bezpieczny peron\" class=\"lazy newsMarker__img\"\/><br \/>\n        Jele\u0144 wr\u00f3ci\u0142 na lini\u0119 PKM Nied\u017awiednik. Tym razem wybra\u0142 bezpieczny peron<br \/>\n<\/a><\/p>\n<p>Dzi\u0119ki temu utrudnienia dla pasa\u017cer\u00f3w, kt\u00f3rych przy takich pracach nie da si\u0119 unikn\u0105\u0107, s\u0105 mniejsze ni\u017c by\u0142yby w\u00a0czasie pe\u0142nego funkcjonowania LK 201.<\/p>\n<p>Dodatkowo jest to sezon wakacyjny, kiedy liczba pasa\u017cer\u00f3w korzystaj\u0105cych z\u00a0kolei jest mniejsza. Harmonogram zak\u0142ada zako\u0144czenie prac we wrze\u015bniu, tak aby od pa\u017adziernika &#8211; wraz z\u00a0powrotem student\u00f3w na uczelnie i\u00a0do poci\u0105g\u00f3w &#8211; mo\u017cliwe by\u0142o ponowne uruchomienie wi\u0119kszej liczby poci\u0105g\u00f3w po obu torach.<\/p>\n<p>                                    <a data-tklik=\"457039\" href=\"https:\/\/katalog.trojmiasto.pl\/komunikacja_i_transport\/komunikacja_miejska\/\" rel=\"nofollow noopener\" target=\"_blank\"><br \/>\n                                                    Katalog.trojmiasto.pl \u2013<br \/>\n                                                                    Komunikacja miejska w Tr\u00f3jmie\u015bcie<br \/>\n                                                                    <\/a><\/p>\n<p>                <a data-tklik=\"457039\" href=\"https:\/\/katalog.trojmiasto.pl\/komunikacja_i_transport\/komunikacja_miejska\/\" rel=\"nofollow noopener\" target=\"_blank\"><br \/>\n                    wi\u0119cej<\/p>\n<p>                <\/a><\/p>\n<p><\/p>\n<p>Zako\u0144czenie prac przy lotnisku i\u00a0przeniesienie rob\u00f3t na Strzy\u017c\u0119<\/p>\n<p>Rozpocz\u0119cie prac na Strzy\u017cy nast\u0105pi bezpo\u015brednio po zako\u0144czeniu trwaj\u0105cych od sierpnia 2025 r. analogicznych rob\u00f3t na estakadzie PKM w\u00a0rejonie Portu Lotniczego. Obejmowa\u0142y one niemal 900-metrowy odcinek i\u00a0ponad 1000 bloczk\u00f3w podszynowych. <\/p>\n<p>Zako\u0144czone pod koniec czerwca prace umo\u017cliwiaj\u0105 przywr\u00f3cenie od lipca ruchu po obu torach na odcinku linii PKM przy lotnisku.<\/p>\n<p>Od 1 lipca 2026 r. front rob\u00f3t zosta\u0142 przeniesiony na Strzy\u017c\u0119. W\u00a0tym przypadku zakres prac jest mniejszy &#8211; obejmuje odcinek ok. trzykrotnie kr\u00f3tszy oraz niespe\u0142na 300 bloczk\u00f3w podszynowych.<\/p>\n<p>                                    <a data-tklik=\"525095\" href=\"https:\/\/katalog.trojmiasto.pl\/dom_i_budownictwo\/budownictwo_przemyslowe\/\" rel=\"nofollow noopener\" target=\"_blank\"><br \/>\n                                                    Katalog.trojmiasto.pl \u2013<br \/>\n                                                                    Firmy budowalne w Tr\u00f3jmie\u015bcie<br \/>\n                                                                    <\/a><\/p>\n<p>                <a data-tklik=\"525095\" href=\"https:\/\/katalog.trojmiasto.pl\/dom_i_budownictwo\/budownictwo_przemyslowe\/\" rel=\"nofollow noopener\" target=\"_blank\"><br \/>\n                    wi\u0119cej<\/p>\n<p>                <\/a><\/p>\n<p><\/p>\n<p>Tymczasowe ograniczenia w\u00a0ruchu poci\u0105g\u00f3w<\/p>\n<p>Prace na Strzy\u017cy potrwaj\u0105 ok. trzech miesi\u0119cy. W\u00a0tym czasie na odcinku Strzy\u017ca &#8211; Br\u0119towo zamkni\u0119ty b\u0119dzie tor nr 1, co wp\u0142ynie na organizacj\u0119 ruchu poci\u0105g\u00f3w. Ze wzgl\u0119du na ograniczon\u0105 przepustowo\u015b\u0107 tak d\u0142ugiego jednotorowego odcinka, liczba po\u0142\u0105cze\u0144 Polregio na linii PKM b\u0119dzie tymczasowo zmniejszona do 101 poci\u0105g\u00f3w na dob\u0119.<\/p>\n<p>Jednocze\u015bnie najbardziej popularne po\u0142\u0105czenia w\u00a0godzinach szczytu b\u0119d\u0105 realizowane podw\u00f3jnymi sk\u0142adami, aby wszyscy pasa\u017cerowie swobodnie pomie\u015bcili si\u0119 w\u00a0poci\u0105gach.\n                <\/p>\n","protected":false},"excerpt":{"rendered":"Pomorska Kolej Metropolitalna poinformowa\u0142a o\u00a0zmianach w\u00a0kursowaniu poci\u0105g\u00f3w Polregio od lipca. Z\u00a0powodu prac torowych na przystankach Strzy\u017ca, Nied\u017awiednik i\u00a0Br\u0119towo&hellip;\n","protected":false},"author":2,"featured_media":529650,"comment_status":"","ping_status":"","sticky":false,"template":"","format":"standard","meta":{"footnotes":"","_share_on_mastodon":"0"},"categories":[51610],"tags":[63371,1048,103543,1064,24820,63572,48444,8939,42,1811,38,40,757,39,41,6478,1756,3756,38857,3813,1063,52112,14835,5977],"class_list":["post-529649","post","type-post","status-publish","format-standard","has-post-thumbnail","category-gdansk","tag-bretowo","tag-gdansk","tag-gdansk-strzyza","tag-gdynia","tag-kursowanie","tag-niedzwiednik","tag-peron","tag-pkm","tag-pl","tag-pociag","tag-poland","tag-polish","tag-polregio","tag-polska","tag-polski","tag-pomorska-kolej-metropolitalna","tag-praca","tag-przystanek","tag-rejon","tag-remont","tag-sopot","tag-tor","tag-wiadukt","tag-zmiana"],"share_on_mastodon":{"url":"https:\/\/pubeurope.com\/@pl\/116848031473699409","error":""},"_links":{"self":[{"href":"https:\/\/www.europesays.com\/pl\/wp-json\/wp\/v2\/posts\/529649","targetHints":{"allow":["GET"]}}],"collection":[{"href":"https:\/\/www.europesays.com\/pl\/wp-json\/wp\/v2\/posts"}],"about":[{"href":"https:\/\/www.europesays.com\/pl\/wp-json\/wp\/v2\/types\/post"}],"author":[{"embeddable":true,"href":"https:\/\/www.europesays.com\/pl\/wp-json\/wp\/v2\/users\/2"}],"replies":[{"embeddable":true,"href":"https:\/\/www.europesays.com\/pl\/wp-json\/wp\/v2\/comments?post=529649"}],"version-history":[{"count":0,"href":"https:\/\/www.europesays.com\/pl\/wp-json\/wp\/v2\/posts\/529649\/revisions"}],"wp:featuredmedia":[{"embeddable":true,"href":"https:\/\/www.europesays.com\/pl\/wp-json\/wp\/v2\/media\/529650"}],"wp:attachment":[{"href":"https:\/\/www.europesays.com\/pl\/wp-json\/wp\/v2\/media?parent=529649"}],"wp:term":[{"taxonomy":"category","embeddable":true,"href":"https:\/\/www.europesays.com\/pl\/wp-json\/wp\/v2\/categories?post=529649"},{"taxonomy":"post_tag","embeddable":true,"href":"https:\/\/www.europesays.com\/pl\/wp-json\/wp\/v2\/tags?post=529649"}],"curies":[{"name":"wp","href":"https:\/\/api.w.org\/{rel}","templated":true}]}}