{"id":529773,"date":"2026-07-02T04:00:12","date_gmt":"2026-07-02T04:00:12","guid":{"rendered":"https:\/\/www.europesays.com\/pl\/529773\/"},"modified":"2026-07-02T04:00:12","modified_gmt":"2026-07-02T04:00:12","slug":"11-9-w-meczu-aryny-sabalenki-wstrzas-na-koniec-dnia-na-wimbledon","status":"publish","type":"post","link":"https:\/\/www.europesays.com\/pl\/529773\/","title":{"rendered":"11-9 w meczu Aryny Sabalenki. Wstrz\u0105s na koniec dnia na Wimbledon"},"content":{"rendered":"<p>Za nami kolejny dzie\u0144 zmaga\u0144 na Wimbledonie i zn\u00f3w emocji nie brakowa\u0142o. Tym razem wi\u0119kszo\u015b\u0107 faworytek nie zawiod\u0142a. Na pocz\u0105tku dnia swoje mecze wygra\u0142y Jelena Ostapenko z Antoni\u0105 Ruzic 6:2, 6:0 oraz Naomi Osaka 6:3, 6:2. Nieco p\u00f3\u017aniej swoje spotkanie niespodziewanie wygra\u0142a te\u017c pogromczyni Mai Chwali\u0144skiej \u2014 Mananchaya Sawangkaew.<\/p>\n<p> Dalszy ci\u0105g artyku\u0142u pod materia\u0142em wideo Ale\u017c dzie\u0144 na Wimbledonie! Andriejewa wyeliminowana. I problemy Sabalenki<\/p>\n<p>Ona okaza\u0142a si\u0119 lepsza od Alycii Parks 7:5, 6:0. Spore problemy z McCartney Kessler mia\u0142a za to Aryna Sabalenka. Bia\u0142orusinka wygra\u0142a pierwszego seta 6:1, ale w drugim przegrywa\u0142a ju\u017c 2:5. Ostatecznie jednak uda\u0142o jej si\u0119 wr\u00f3ci\u0107 i zwyci\u0119\u017cy\u0107 7:6(9). Du\u017ce k\u0142opoty mia\u0142a tak\u017ce Coco Gauff, kt\u00f3ra mierzy\u0142a si\u0119 z Solan\u0105 Sierr\u0105.<\/p>\n<p>Finalnie jednak Amerykanka wygra\u0142a 6:3, 3:6, 7:6(7). Na koniec dnia dosz\u0142o te\u017c do sensacji, bo Barbora Krejcikova wyeliminowa\u0142a Mirr\u0119 Andriejew\u0119 w drugiej rundzie wynikiem 4:6, 7:5, 6:4. Rosjanka by\u0142a tym wynikiem wyra\u017anie zirytowana, a tu\u017c po zako\u0144czeniu pojedynku a\u017c rzuci\u0142a rakiet\u0105. W wieczornych starciach triumfowa\u0142y te\u017c inne faworytki.<\/p>\n<p>Bez niespodzianek oby\u0142o si\u0119 w meczach Belindy Bencic, Jekatieriny Aleksandrowej, Ivy Jovic czy Jessicy Peguli. \u0141\u0105cznie obejrzeli\u015bmy jednak a\u017c 11 tie-break\u00f3w. Warto te\u017c wspomnie\u0107, \u017ce w \u015brod\u0119 na londy\u0144skich kortach triumfowa\u0142 r\u00f3wnie\u017c Hubert Hurkacz. Polak awansowa\u0142 do trzeciej rundy po zwyci\u0119stwie z Sebastianem Ofnerem 7:6(8), 6:4, 6:4.<\/p>\n","protected":false},"excerpt":{"rendered":"Za nami kolejny dzie\u0144 zmaga\u0144 na Wimbledonie i zn\u00f3w emocji nie brakowa\u0142o. Tym razem wi\u0119kszo\u015b\u0107 faworytek nie zawiod\u0142a.&hellip;\n","protected":false},"author":2,"featured_media":529774,"comment_status":"","ping_status":"","sticky":false,"template":"","format":"standard","meta":{"footnotes":"","_share_on_mastodon":"0"},"categories":[24],"tags":[1352,61195,5218,4212,48,46,42,38,40,39,41,47,127,126,156,130,17823],"class_list":["post-529773","post","type-post","status-publish","format-standard","has-post-thumbnail","category-sport","tag-aryna_sabalenka","tag-bottomfeed_styl","tag-coco_gauff","tag-mirra_andriejewa","tag-nat_styl","tag-omp","tag-pl","tag-poland","tag-polish","tag-polska","tag-polski","tag-screening_general","tag-sport","tag-sports","tag-tenis","tag-wiadomosci_sportowe","tag-wimbledon"],"share_on_mastodon":{"url":"https:\/\/pubeurope.com\/@pl\/116848389375313272","error":""},"_links":{"self":[{"href":"https:\/\/www.europesays.com\/pl\/wp-json\/wp\/v2\/posts\/529773","targetHints":{"allow":["GET"]}}],"collection":[{"href":"https:\/\/www.europesays.com\/pl\/wp-json\/wp\/v2\/posts"}],"about":[{"href":"https:\/\/www.europesays.com\/pl\/wp-json\/wp\/v2\/types\/post"}],"author":[{"embeddable":true,"href":"https:\/\/www.europesays.com\/pl\/wp-json\/wp\/v2\/users\/2"}],"replies":[{"embeddable":true,"href":"https:\/\/www.europesays.com\/pl\/wp-json\/wp\/v2\/comments?post=529773"}],"version-history":[{"count":0,"href":"https:\/\/www.europesays.com\/pl\/wp-json\/wp\/v2\/posts\/529773\/revisions"}],"wp:featuredmedia":[{"embeddable":true,"href":"https:\/\/www.europesays.com\/pl\/wp-json\/wp\/v2\/media\/529774"}],"wp:attachment":[{"href":"https:\/\/www.europesays.com\/pl\/wp-json\/wp\/v2\/media?parent=529773"}],"wp:term":[{"taxonomy":"category","embeddable":true,"href":"https:\/\/www.europesays.com\/pl\/wp-json\/wp\/v2\/categories?post=529773"},{"taxonomy":"post_tag","embeddable":true,"href":"https:\/\/www.europesays.com\/pl\/wp-json\/wp\/v2\/tags?post=529773"}],"curies":[{"name":"wp","href":"https:\/\/api.w.org\/{rel}","templated":true}]}}