{"id":529888,"date":"2026-07-02T05:26:12","date_gmt":"2026-07-02T05:26:12","guid":{"rendered":"https:\/\/www.europesays.com\/pl\/529888\/"},"modified":"2026-07-02T05:26:12","modified_gmt":"2026-07-02T05:26:12","slug":"polska-uzyskala-dostep-do-poteznej-broni-ai-gpt-5-5-cyber","status":"publish","type":"post","link":"https:\/\/www.europesays.com\/pl\/529888\/","title":{"rendered":"Polska uzyska\u0142a dost\u0119p do pot\u0119\u017cnej broni AI GPT-5.5 Cyber"},"content":{"rendered":"\n<p>&#13;<br \/>\nWed\u0142ug dziennika, rozwi\u0105zanie od\u00a0firmy OpenAI trafi\u0142o do\u00a0NASK, kt\u00f3ry uczestniczy w\u00a0mi\u0119dzynarodowym projekcie badawczym dotycz\u0105cym wykorzystania sztucznej inteligencji w\u00a0cyberobronie. Narz\u0119dzie ma\u00a0wspiera\u0107 m.in. wykrywanie luk w\u00a0zabezpieczeniach, analiz\u0119 podatno\u015bci oraz\u00a0szybsze reagowanie na\u00a0incydenty. &#13;\n<\/p>\n<p>NASK ceniony za\u00a0granic\u0105 <\/p>\n<p>&#13;<br \/>\n\u2013 To\u00a0zas\u0142uga renomy, jak\u0105 zyskali\u015bmy, bardzo du\u017cej rozpoznawalno\u015bci NASK i\u00a0CERT Polska za\u00a0granic\u0105 w\u00a0\u015brodowiskach technologicznych. Ta\u00a0marka jest budowana na\u00a0wieloletniej, rzetelnej ocenie naszej merytorycznej dzia\u0142alno\u015bci \u2013\u00a0powiedzia\u0142 w\u00a0rozmowie z\u00a0&#8222;Rz&#8221; dr in\u017c. Rados\u0142aw Nielek, dyrektor NASK. &#13;\n<\/p>\n<p>&#13;<br \/>\nDoda\u0142, \u017ce\u00a0GPT-5.5 Cyber jest wykorzystywany do\u00a0skanowania r\u00f3\u017cnych system\u00f3w u\u017cywanych przez administracj\u0119 publiczn\u0105 w\u00a0Polsce i\u00a0przez firmy, a\u00a0tak\u017ce do\u00a0testowania naszych w\u0142asnych rozwi\u0105za\u0144. Celem jest &#8222;maksymalne przyspieszenie ca\u0142ego cyklu wykrywania i\u00a0naprawy luk&#8221;. &#13;\n<\/p>\n<p>Pot\u0119\u017cna bro\u0144 AI. Polska uzyska\u0142a dost\u0119p <\/p>\n<p>&#13;<br \/>\nPolska otrzyma\u0142a model GPT-5.5 w\u00a0ramach projektu Trusted Access for\u00a0Cyber, przeznaczonego dla\u00a0jednostek rz\u0105dowych. To\u00a0cz\u0119\u015b\u0107 programu Daybreak, maj\u0105cego na\u00a0celu odwr\u00f3cenie asymetrii si\u0142 w\u00a0sieci na\u00a0korzy\u015b\u0107 &#8222;obro\u0144c\u00f3w&#8221; \u2013\u00a0wskazano w\u00a0artykule. &#13;\n<\/p>\n<p>&#13;<br \/>\nGazeta ustali\u0142a, \u017ce\u00a0zielone \u015bwiat\u0142o na\u00a0udost\u0119pnienie tego systemu da\u0142 Bia\u0142y Dom, a\u00a0Polska sta\u0142a si\u0119 pierwszym krajem w\u00a0regionie i\u00a0jednym z\u00a0niewielu na\u00a0\u015bwiecie, kt\u00f3re mog\u0105 korzysta\u0107 z\u00a0najnowszego narz\u0119dzia OpenAI. &#13;\n<\/p>\n<p>&#13;<br \/>\nGPT-5.5 &#8222;mo\u017ce by\u0107 nie\u00a0tylko tarcz\u0105 wy\u0142apuj\u0105c\u0105 luki we\u00a0w\u0142asnych zabezpieczeniach, ale\u00a0te\u017c broni\u0105 znajduj\u0105c\u0105 s\u0142abe strony (podatno\u015bci) u\u00a0wroga&#8221; \u2013\u00a0pisze &#8222;Rz&#8221;. &#13;\n<\/p>\n<p>&#13;<br \/>\nJak czytamy, cz\u0119\u015b\u0107 ekspert\u00f3w ocenia udost\u0119pnienie tego pot\u0119\u017cnego narz\u0119dzia jako prze\u0142om dla\u00a0polskiego cyberbezpiecze\u0144stwa oraz\u00a0jako wyraz uznania dla\u00a0pracy specjalist\u00f3w z\u00a0CERT Polska, dzia\u0142aj\u0105cego w\u00a0ramach NASK. &#13;\n<\/p>\n<p>&#13;<br \/>\n   Czytaj te\u017c:<br \/><a href=\"https:\/\/dorzeczy.pl\/ekonomia\/908860\/usa-cofaja-ograniczenia-eksportowe-wobec-modeli-ai-anthropic.html\" rel=\"follow nofollow noopener\" data-schema=\"DORZECZY\" data-image=\"https:\/\/img.dorzeczy.pl\/_thumb\/f9\/1b\/5a1324c5f35397f56405855c52ef.jpeg\" target=\"_blank\">USA wycofuj\u0105 zakaz eksportu zaawansowanych modeli AI<\/a>&#13;<\/p>\n","protected":false},"excerpt":{"rendered":"&#13; Wed\u0142ug dziennika, rozwi\u0105zanie od\u00a0firmy OpenAI trafi\u0142o do\u00a0NASK, kt\u00f3ry uczestniczy w\u00a0mi\u0119dzynarodowym projekcie badawczym dotycz\u0105cym wykorzystania sztucznej inteligencji w\u00a0cyberobronie.&hellip;\n","protected":false},"author":2,"featured_media":529889,"comment_status":"","ping_status":"","sticky":false,"template":"","format":"standard","meta":{"footnotes":"","_share_on_mastodon":"0"},"categories":[12],"tags":[776,14567,2363,1347,98,103582,49,103,42,38,40,39,41],"class_list":["post-529888","post","type-post","status-publish","format-standard","has-post-thumbnail","category-polska","tag-ai","tag-bialy-dom","tag-cyberbezpieczenstwo","tag-damian-cygan","tag-dorzeczy","tag-gpt-5-5-cyber","tag-kraj","tag-obserwator-mediow","tag-pl","tag-poland","tag-polish","tag-polska","tag-polski"],"share_on_mastodon":{"url":"https:\/\/pubeurope.com\/@pl\/116848727610270308","error":""},"_links":{"self":[{"href":"https:\/\/www.europesays.com\/pl\/wp-json\/wp\/v2\/posts\/529888","targetHints":{"allow":["GET"]}}],"collection":[{"href":"https:\/\/www.europesays.com\/pl\/wp-json\/wp\/v2\/posts"}],"about":[{"href":"https:\/\/www.europesays.com\/pl\/wp-json\/wp\/v2\/types\/post"}],"author":[{"embeddable":true,"href":"https:\/\/www.europesays.com\/pl\/wp-json\/wp\/v2\/users\/2"}],"replies":[{"embeddable":true,"href":"https:\/\/www.europesays.com\/pl\/wp-json\/wp\/v2\/comments?post=529888"}],"version-history":[{"count":0,"href":"https:\/\/www.europesays.com\/pl\/wp-json\/wp\/v2\/posts\/529888\/revisions"}],"wp:featuredmedia":[{"embeddable":true,"href":"https:\/\/www.europesays.com\/pl\/wp-json\/wp\/v2\/media\/529889"}],"wp:attachment":[{"href":"https:\/\/www.europesays.com\/pl\/wp-json\/wp\/v2\/media?parent=529888"}],"wp:term":[{"taxonomy":"category","embeddable":true,"href":"https:\/\/www.europesays.com\/pl\/wp-json\/wp\/v2\/categories?post=529888"},{"taxonomy":"post_tag","embeddable":true,"href":"https:\/\/www.europesays.com\/pl\/wp-json\/wp\/v2\/tags?post=529888"}],"curies":[{"name":"wp","href":"https:\/\/api.w.org\/{rel}","templated":true}]}}