{"id":530214,"date":"2026-07-02T08:55:08","date_gmt":"2026-07-02T08:55:08","guid":{"rendered":"https:\/\/www.europesays.com\/pl\/530214\/"},"modified":"2026-07-02T08:55:08","modified_gmt":"2026-07-02T08:55:08","slug":"akcja-abw-dwie-osoby-zatrzymane-za-dzialania-na-zlecenie-obcych-sluzb-wiadomosci-onet","status":"publish","type":"post","link":"https:\/\/www.europesays.com\/pl\/530214\/","title":{"rendered":"Akcja ABW. Dwie osoby zatrzymane za dzia\u0142ania na zlecenie obcych s\u0142u\u017cb &#8211; Wiadomo\u015bci Onet"},"content":{"rendered":"<ol>\n<li><a href=\"https:\/\/news.google.com\/rss\/articles\/CBMirgFBVV95cUxOODFJOXVMMUVTRmZpNkdBMWxBcDV2QzVDRU9fY3dEek0xYjdHSi1tbkZraHliSkVNQWlJWkxSY3BfVjRKMS1sZWNkSDQ4eEtmMHV6cFdMSWFONFhRVUYxZ1pRYmRueGUyaUl2SktKMFlkbGl1WHkwQlZQQWZFZVdmNTI1VXJ3SUxJbzhkXzZta2EwTzZyNTk3R0ktdE5LeDNjRHRpdjkwNmRRMWhFaGc?oc=5\" target=\"_blank\" rel=\"nofollow noopener\">Akcja ABW. Dwie osoby zatrzymane za dzia\u0142ania na zlecenie obcych s\u0142u\u017cb<\/a>&nbsp;&nbsp;Wiadomo\u015bci Onet<\/li>\n<li><a href=\"https:\/\/news.google.com\/rss\/articles\/CBMiswFBVV95cUxPX0VVX2Vobk1hSERzLXM4ZmwwUWZRWkxnUnFabGJXaGtpYUo0R21iYVRzYXBiM2gzSzhDd3hJY2hsTlEtaEZlT1RPTWJveUxOUV9LR2YyZXFOUm03YXpqdVpRYnpfUEd6dXltUHkwNUR3SncydGc1S0xlWFZ6R2ZEeEdLT3Rka3J4Tlh5cFFGTjkwMXh0bEwzbmpKN3p4QXJDZHBBRTIzVUJHYlpfb3k1QkNTNA?oc=5\" target=\"_blank\" rel=\"nofollow noopener\">ABW zatrzyma\u0142a Polaka i Bia\u0142orusina. &#8222;Dzia\u0142ali na zlecenie obcych s\u0142u\u017cb&#8221;<\/a>&nbsp;&nbsp;Interia Wydarzenia<\/li>\n<li><a href=\"https:\/\/news.google.com\/rss\/articles\/CBMisAFBVV95cUxOaUQ4eG1Ydmotd2gxU1oyWVdESURfOUdXVUJ0bG5TclktWjdvNFFNQTBEVUFPTnhRdG9JMUhrMFZZSEs0cW80aHA2QUNwSElGcGlUSUh4YTRuMkZGZHJMYXk4TjBpak5WM242WHVYTTBFc0t5WXRnWGZ2T2FsZm9Eb1p6SWhYMFZ2dmw1MVBfc1hmQ0JCZXNJZi1ueUJWNTllRVFKTDNUM1J1V1BreHZ5bw?oc=5\" target=\"_blank\" rel=\"nofollow noopener\">Robili zdj\u0119cia i wysy\u0142ali je na Bia\u0142oru\u015b. Wkroczy\u0142a ABW, s\u0105 zatrzymani<\/a>&nbsp;&nbsp;WP Wiadomo\u015bci<\/li>\n<li><a href=\"https:\/\/news.google.com\/rss\/articles\/CBMisgFBVV95cUxOdGpONGFtWUoxNERSMUtYT1VweVRFOTNmX241OUgxdG9KNXVjRUN6VGdlcVQ4VWJBZng3RXgxd2FXQnZvVE9PZEpzRnFPR1AxeVdPVVFoOE96c1JGTXBDd3U3eTUya3ZLRFN4d0RJOW5jRE1IbnlzVUktRk1HQ3dyVW1oMDFReFZNckRVYjFVQ3lYeVBUSXVEYUNmMjY0NW5kWVJ4azgtQTdHdjB2WmMzamNB?oc=5\" target=\"_blank\" rel=\"nofollow noopener\">Dzia\u0142ali na rzecz obcego wywiadu. Polak i Bia\u0142orusin w r\u0119kach ABW<\/a>&nbsp;&nbsp;RMF24<\/li>\n<li><a href=\"https:\/\/news.google.com\/rss\/articles\/CBMioAFBVV95cUxNUUhGT2toNjhjUGpEeHIxNXBTZTJadGJGekdMcWZRX192WGhtdkluOWZKMnhlLUpPY0RmVk5hNHdyXzdYeU1DakFMUUJXdmliczBnOXlOXzVnM1RBTGplSVBhZG1mMm5pT0tkX19GQnNKNnlzMG5PdUZHbGxTbUpIR0lGdDdLUFNqbkdfb0lULVBLbjZRSG1NaG51T0JjWGpI?oc=5\" target=\"_blank\" rel=\"nofollow noopener\">&#8222;Uzyskuje kilka cel\u00f3w jednocze\u015bnie&#8221;. Ujawnili mechanizm dzia\u0142ania Rosji w Polsce<\/a>&nbsp;&nbsp;Fakt<\/li>\n<\/ol>\n","protected":false},"excerpt":{"rendered":"Akcja ABW. Dwie osoby zatrzymane za dzia\u0142ania na zlecenie obcych s\u0142u\u017cb&nbsp;&nbsp;Wiadomo\u015bci Onet ABW zatrzyma\u0142a Polaka i Bia\u0142orusina. &#8222;Dzia\u0142ali&hellip;\n","protected":false},"author":2,"featured_media":530215,"comment_status":"","ping_status":"","sticky":false,"template":"","format":"standard","meta":{"footnotes":"","_share_on_mastodon":"0"},"categories":[12],"tags":[145,25864,699,61195,32,33,36,37,27,49,34,35,28,31,48,25,46,42,38,40,39,41,47,29,30,26],"class_list":["post-530214","post","type-post","status-publish","format-standard","has-post-thumbnail","category-polska","tag-abw","tag-agenci","tag-bialorus","tag-bottomfeed_styl","tag-breaking-news","tag-breakingnews","tag-featured-news","tag-featurednews","tag-headlines","tag-kraj","tag-latest-news","tag-latestnews","tag-naglowki","tag-najwazniejsze-artykuly","tag-nat_styl","tag-news","tag-omp","tag-pl","tag-poland","tag-polish","tag-polska","tag-polski","tag-screening_general","tag-top-stories","tag-topstories","tag-wiadomosci"],"share_on_mastodon":{"url":"https:\/\/pubeurope.com\/@pl\/116849549154748092","error":""},"_links":{"self":[{"href":"https:\/\/www.europesays.com\/pl\/wp-json\/wp\/v2\/posts\/530214","targetHints":{"allow":["GET"]}}],"collection":[{"href":"https:\/\/www.europesays.com\/pl\/wp-json\/wp\/v2\/posts"}],"about":[{"href":"https:\/\/www.europesays.com\/pl\/wp-json\/wp\/v2\/types\/post"}],"author":[{"embeddable":true,"href":"https:\/\/www.europesays.com\/pl\/wp-json\/wp\/v2\/users\/2"}],"replies":[{"embeddable":true,"href":"https:\/\/www.europesays.com\/pl\/wp-json\/wp\/v2\/comments?post=530214"}],"version-history":[{"count":0,"href":"https:\/\/www.europesays.com\/pl\/wp-json\/wp\/v2\/posts\/530214\/revisions"}],"wp:featuredmedia":[{"embeddable":true,"href":"https:\/\/www.europesays.com\/pl\/wp-json\/wp\/v2\/media\/530215"}],"wp:attachment":[{"href":"https:\/\/www.europesays.com\/pl\/wp-json\/wp\/v2\/media?parent=530214"}],"wp:term":[{"taxonomy":"category","embeddable":true,"href":"https:\/\/www.europesays.com\/pl\/wp-json\/wp\/v2\/categories?post=530214"},{"taxonomy":"post_tag","embeddable":true,"href":"https:\/\/www.europesays.com\/pl\/wp-json\/wp\/v2\/tags?post=530214"}],"curies":[{"name":"wp","href":"https:\/\/api.w.org\/{rel}","templated":true}]}}