{"id":53025,"date":"2025-10-16T23:54:09","date_gmt":"2025-10-16T23:54:09","guid":{"rendered":"https:\/\/www.europesays.com\/pl\/53025\/"},"modified":"2025-10-16T23:54:09","modified_gmt":"2025-10-16T23:54:09","slug":"peknie-ligowa-srednia-30-tysiecy","status":"publish","type":"post","link":"https:\/\/www.europesays.com\/pl\/53025\/","title":{"rendered":"P\u0119knie ligowa \u015brednia 30 tysi\u0119cy!"},"content":{"rendered":"<p>Tego w PKO BP Ekstraklasie jeszcze w tym wieku nie by\u0142o. W niedziel\u0119 Lech Pozna\u0144 przekroczy granic\u0119 30 tysi\u0119cy \u015bredniej frekwencji na meczach ligowych w tym sezonie. Powalczmy o utrzymanie takiego wyniku do ko\u0144ca rozgrywek! Je\u015bli nie masz biletu na starcie z Pogoni\u0105 Szczecin, to radzimy si\u0119 pospieszy\u0107, bo zosta\u0142a niewielka pula w systemie.<\/p>\n<p>29 574 &#8211; tyle wynosi w tym momencie \u015brednia ligowa Kolejorza w tym sezonie. Jest wy\u017csza od rekordowej z poprzednich rozgrywek, kiedy to wy\u015brubowany zosta\u0142 najlepszy do tej pory wynik i osi\u0105gn\u0105\u0142 niemal barier\u0119 29 tysi\u0119cy.<\/p>\n<p>Teraz zn\u00f3w podskoczy\u0142, cho\u0107 trzeba zauwa\u017cy\u0107, \u017ce za nami dopiero sze\u015b\u0107 spotka\u0144 w PKO BP Ekstraklasie w naszym domu, czyli na Enea Stadionie przy Bu\u0142garskiej. Si\u00f3dmym b\u0119dzie konfrontacja z Portowcami. I tutaj ju\u017c pewne jest, \u017ce p\u0119knie 30 tysi\u0119cy, je\u015bli chodzi o \u015bredni\u0105. Sk\u0105d to wiadomo?<\/p>\n<p>Na liczb\u0119 29 574 sk\u0142ada si\u0119 obecno\u015b\u0107 na dotychczasowych grach 177 443 os\u00f3b. Potrzeba 210 tysi\u0119cy, bo tyle podzielone przez siedem da 30 tys. A zatem granic\u0119 pozwoli przekroczy\u0107, je\u015bli na telebimach wy\u015bwietli si\u0119 w niedzielne popo\u0142udnie liczba 32 557. A to w zasadzie jest stuprocentowo pewne.<\/p>\n<p>W tym momencie mamy bowiem uprawnionych ponad 37 tysi\u0119cy, a zatem w sprzeda\u017cy pozosta\u0142a ju\u017c niewielka pula wej\u015bci\u00f3wek. Co ciekawe, \u015brednia mo\u017ce skoczy\u0107 nawet do 31 tysi\u0119cy, je\u015bli na trybunach b\u0119dzie 39,5 tys. To co, robimy taki fantastyczny wynik?<\/p>\n<p>Jest du\u017ce prawdopodobie\u0144stwo, \u017ce b\u0119dziemy mieli sold out, czyli wszystkie przygotowane bilety rozejd\u0105 si\u0119. Takie sytuacje by\u0142y do tej pory zarezerwowane dla mecz\u00f3w w europejskich pucharach, presti\u017cowych star\u0107 z Legi\u0105 Warszawa czy decyduj\u0105cych boj\u00f3w o mistrzostwo Polski lub w og\u00f3le ko\u0144cz\u0105cych sezon. Ale te\u017c np. dla spotkania na stulecie z Jagielloni\u0105 Bia\u0142ystok.<\/p>\n<p>A tutaj mo\u017ce tak by\u0107 ju\u017c w trakcie rundy jesiennej, co tylko potwierdza, \u017ce moda na Lecha Pozna\u0144 trwa w najlepsze. I ty, drogi kibicu, jeste\u015b jej cz\u0119\u015bci\u0105 lub mo\u017cesz by\u0107!<\/p>\n","protected":false},"excerpt":{"rendered":"Tego w PKO BP Ekstraklasie jeszcze w tym wieku nie by\u0142o. W niedziel\u0119 Lech Pozna\u0144 przekroczy granic\u0119 30&hellip;\n","protected":false},"author":2,"featured_media":53026,"comment_status":"","ping_status":"","sticky":false,"template":"","format":"standard","meta":{"footnotes":""},"categories":[24],"tags":[210,6226,274,6221,6225,6222,215,6224,6223,269,42,38,40,39,41,127,126],"class_list":{"0":"post-53025","1":"post","2":"type-post","3":"status-publish","4":"format-standard","5":"has-post-thumbnail","7":"category-sport","8":"tag-aktualnosci","9":"tag-bilety","10":"tag-ekstraklasa","11":"tag-kolejorz","12":"tag-kolejorza","13":"tag-lech","14":"tag-lech-poznan","15":"tag-lechici","16":"tag-oficjalny","17":"tag-pilka-nozna","18":"tag-pl","19":"tag-poland","20":"tag-polish","21":"tag-polska","22":"tag-polski","23":"tag-sport","24":"tag-sports"},"share_on_mastodon":{"url":"","error":""},"_links":{"self":[{"href":"https:\/\/www.europesays.com\/pl\/wp-json\/wp\/v2\/posts\/53025","targetHints":{"allow":["GET"]}}],"collection":[{"href":"https:\/\/www.europesays.com\/pl\/wp-json\/wp\/v2\/posts"}],"about":[{"href":"https:\/\/www.europesays.com\/pl\/wp-json\/wp\/v2\/types\/post"}],"author":[{"embeddable":true,"href":"https:\/\/www.europesays.com\/pl\/wp-json\/wp\/v2\/users\/2"}],"replies":[{"embeddable":true,"href":"https:\/\/www.europesays.com\/pl\/wp-json\/wp\/v2\/comments?post=53025"}],"version-history":[{"count":0,"href":"https:\/\/www.europesays.com\/pl\/wp-json\/wp\/v2\/posts\/53025\/revisions"}],"wp:featuredmedia":[{"embeddable":true,"href":"https:\/\/www.europesays.com\/pl\/wp-json\/wp\/v2\/media\/53026"}],"wp:attachment":[{"href":"https:\/\/www.europesays.com\/pl\/wp-json\/wp\/v2\/media?parent=53025"}],"wp:term":[{"taxonomy":"category","embeddable":true,"href":"https:\/\/www.europesays.com\/pl\/wp-json\/wp\/v2\/categories?post=53025"},{"taxonomy":"post_tag","embeddable":true,"href":"https:\/\/www.europesays.com\/pl\/wp-json\/wp\/v2\/tags?post=53025"}],"curies":[{"name":"wp","href":"https:\/\/api.w.org\/{rel}","templated":true}]}}