{"id":53033,"date":"2025-10-17T00:08:12","date_gmt":"2025-10-17T00:08:12","guid":{"rendered":"https:\/\/www.europesays.com\/pl\/53033\/"},"modified":"2025-10-17T00:08:12","modified_gmt":"2025-10-17T00:08:12","slug":"oto-co-uratowalo-ewe-pajor-przed-prawdziwym-dramatem-przeglad-sportowy-onet","status":"publish","type":"post","link":"https:\/\/www.europesays.com\/pl\/53033\/","title":{"rendered":"Oto co uratowa\u0142o Ew\u0119 Pajor przed prawdziwym dramatem &#8211; Przegl\u0105d Sportowy Onet"},"content":{"rendered":"<ol>\n<li><a href=\"https:\/\/news.google.com\/rss\/articles\/CBMisgFBVV95cUxNYWJtR014MUlYblZib2dTeVk3WUVoNUhqX1pJMUk3bmlzRFdtLUJnV19lb3VMNVZ2b2Q3c2JyOGtBYmpaT1lLWjNUMENhQjRIM1gyanhCUmtRN3M3LUVabWduYVRobWxRMWFHd2ZoWnJHeFM2N3RlZG5mRDVpb0EwTTR4T09iTmxoVTBFN0xvVXAxeVdFTWl5aV9DaTBicFM1LXV4ZXJ0bDlnZ1h3UmNEbVVR?oc=5\" target=\"_blank\" rel=\"nofollow noopener\">Oto co uratowa\u0142o Ew\u0119 Pajor przed prawdziwym dramatem<\/a>&nbsp;&nbsp;Przegl\u0105d Sportowy Onet<\/li>\n<li><a href=\"https:\/\/news.google.com\/rss\/articles\/CBMiwAFBVV95cUxNUzk1djhJOG9UcFE4MHBla0htZUo5d0pVR1N3YXZ3c0RHdXBJLXNnV0NMZ2VYMVhZLWktbHRTLVNvUjdWbTdDbTZzMjdLZjgtYTAyQmFjUVdDRUhxcGx4Yi0xQnlmSzBkTUZGREpPaUttdU93U08tMk9MV2NXWTUycnFCWGlQQ1RZS09VMVBtS0tVVnNDU2x3bm1RQUVHZHNTLWZldkVNVGlpN1lYVXNVcEFLWXNzVnVuRHFhR00tNDQ?oc=5\" target=\"_blank\" rel=\"nofollow noopener\">[CO TAM W KOBIECEJ] Gol Wo\u015b z rzutu ro\u017cnego i Orlen Ekstraliga na r\u00f3\u017cowo<\/a>&nbsp;&nbsp;\u0141\u0105czy nas pi\u0142ka<\/li>\n<li><a href=\"https:\/\/news.google.com\/rss\/articles\/CBMiwAFBVV95cUxOVXZ2Qy0tUUF5X3JuVGxvM3U5YkdQYUxNaGRRQ3JVclhIam91ZnpIYW9XdDJLdjd3cjh2UXRybk9DNjdzQ1RqZWw1bWtvNnhFRWE0dU9pX0VON0tMOUpGeTdEdFVWR1lFM2Q0TlNCQ0hZMGs3SXdyTndBbzNmVkV6VmpVcnpoN1ljbGxsNkp3OVBJX1FnR2Zka25CSjhNMEw1dFdhSzdyUUNob3ZKT1EtZ2hOeHBiWTl2MkRZSXJ6RjA?oc=5\" target=\"_blank\" rel=\"nofollow noopener\">To us\u0142ysza\u0142a Pajor od trenera FC Barcelona. Dosadne okre\u015blenie Polki, nie gryz\u0142 si\u0119 w j\u0119zyk<\/a>&nbsp;&nbsp;Sport w INTERIA.PL<\/li>\n<li><a href=\"https:\/\/news.google.com\/rss\/articles\/CBMirwFBVV95cUxNMW1vZzd0UXhXY29XTzBrM1NUWFFmdTFneEJpbnR4cHJEVHVxZmh0d1RwdmIyenZfNkowQWJSV2hhcGpsNnlQZURNb0RsSVdMbEp2ZXRrM2UwMUo3ZFU1eFUtTjFsVklCc3VBc0w4QnBHb0c5MW1xdW52MnlhaEZMWHpXREtsREFic1FFVWRNRF9zYnVSYjRXUmdvYWZUNWVOQ184VUFrajB2T0hoSzNj?oc=5\" target=\"_blank\" rel=\"nofollow noopener\">Oto co zrobi\u0142a FC Barcelona, po tym jak Pajor dozna\u0142a ci\u0119\u017ckiej kontuzji. Klasy nie kupisz<\/a>&nbsp;&nbsp;Sport.pl<\/li>\n<li><a href=\"https:\/\/news.google.com\/rss\/articles\/CBMiqAFBVV95cUxORF9xc052RUdieTVRNGtHTEJvWTJTQ1RkLUlZck5GMU0tNU5DOGxua2FtSjZ1OUVKVlFEcVVxbzI4Sjl1R3FfVlFxTlhyQ2RfSXMyQWJrS3pQR2JBb1gtLUpKOENvOUIxWnF5eVgxXy1ZMFBQa0k5OVRQMW42THdNc1FtbTBtbG5qUkd2NDFOLUduMzF3bG1LUGdJSHUtaXUyeWFwSWxOSS0?oc=5\" target=\"_blank\" rel=\"nofollow noopener\">Hiszpanie zaskoczyli ws. Ewy Pajor. Wiadomo, co j\u0105 uratowa\u0142o<\/a>&nbsp;&nbsp;SportoweFakty<\/li>\n<\/ol>\n","protected":false},"excerpt":{"rendered":"Oto co uratowa\u0142o Ew\u0119 Pajor przed prawdziwym dramatem&nbsp;&nbsp;Przegl\u0105d Sportowy Onet [CO TAM W KOBIECEJ] Gol Wo\u015b z rzutu&hellip;\n","protected":false},"author":2,"featured_media":53034,"comment_status":"","ping_status":"","sticky":false,"template":"","format":"standard","meta":{"footnotes":""},"categories":[24],"tags":[4004,303,67,2051,194,4003,42,38,40,39,41,136,10987,128,47,127,135,126,130],"class_list":{"0":"post-53033","1":"post","2":"type-post","3":"status-publish","4":"format-standard","5":"has-post-thumbnail","7":"category-sport","8":"tag-ewa_pajor","9":"tag-fc_barcelona","10":"tag-intextvideo_splayer","11":"tag-laliga","12":"tag-maja","13":"tag-pilka_nozna_kobiet","14":"tag-pl","15":"tag-poland","16":"tag-polish","17":"tag-polska","18":"tag-polski","19":"tag-ps_detal_new","20":"tag-ps_sts_tst1","21":"tag-psv2","22":"tag-screening_general","23":"tag-sport","24":"tag-sport_sport","25":"tag-sports","26":"tag-wiadomosci_sportowe"},"share_on_mastodon":{"url":"","error":""},"_links":{"self":[{"href":"https:\/\/www.europesays.com\/pl\/wp-json\/wp\/v2\/posts\/53033","targetHints":{"allow":["GET"]}}],"collection":[{"href":"https:\/\/www.europesays.com\/pl\/wp-json\/wp\/v2\/posts"}],"about":[{"href":"https:\/\/www.europesays.com\/pl\/wp-json\/wp\/v2\/types\/post"}],"author":[{"embeddable":true,"href":"https:\/\/www.europesays.com\/pl\/wp-json\/wp\/v2\/users\/2"}],"replies":[{"embeddable":true,"href":"https:\/\/www.europesays.com\/pl\/wp-json\/wp\/v2\/comments?post=53033"}],"version-history":[{"count":0,"href":"https:\/\/www.europesays.com\/pl\/wp-json\/wp\/v2\/posts\/53033\/revisions"}],"wp:featuredmedia":[{"embeddable":true,"href":"https:\/\/www.europesays.com\/pl\/wp-json\/wp\/v2\/media\/53034"}],"wp:attachment":[{"href":"https:\/\/www.europesays.com\/pl\/wp-json\/wp\/v2\/media?parent=53033"}],"wp:term":[{"taxonomy":"category","embeddable":true,"href":"https:\/\/www.europesays.com\/pl\/wp-json\/wp\/v2\/categories?post=53033"},{"taxonomy":"post_tag","embeddable":true,"href":"https:\/\/www.europesays.com\/pl\/wp-json\/wp\/v2\/tags?post=53033"}],"curies":[{"name":"wp","href":"https:\/\/api.w.org\/{rel}","templated":true}]}}