{"id":53041,"date":"2025-10-17T00:26:07","date_gmt":"2025-10-17T00:26:07","guid":{"rendered":"https:\/\/www.europesays.com\/pl\/53041\/"},"modified":"2025-10-17T00:26:07","modified_gmt":"2025-10-17T00:26:07","slug":"spotkanie-putin-trump-w-budapeszcie-viktor-orban-tryumfuje-wspaniala-wiadomosc","status":"publish","type":"post","link":"https:\/\/www.europesays.com\/pl\/53041\/","title":{"rendered":"Spotkanie Putin-Trump w Budapeszcie. Viktor Orban tryumfuje: wspania\u0142a wiadomo\u015b\u0107!"},"content":{"rendered":"<p class=\"ods-c-paragraph \">&#8222;Kolejna wielka szansa dla pokoju. A to dopiero czwartek!&#8221; \u2014 stwierdzi\u0142 na Facebooku w\u0119gierski premier.<\/p>\n<p class=\"ods-c-paragraph \">Orban poinformowa\u0142 w kolejnym po\u015bcie na X o rozmowie telefonicznej, kt\u00f3r\u0105 przeprowadzi\u0142 w czwartek wieczorem czasu w\u0119gierskiego z prezydentem Trumpem. &#8222;W\u0142a\u015bnie sko\u0144czy\u0142em rozmow\u0119 telefoniczn\u0105 z prezydentem Donaldem Trumpem. Przygotowania do szczytu pokojowego pomi\u0119dzy USA i Rosj\u0105 s\u0105 w toku. W\u0119gry s\u0105 wysp\u0105 POKOJU!&#8221; \u2014 napisa\u0142 polityk.<\/p>\n<p class=\"ods-c-paragraph \">Minister spraw zagranicznych W\u0119gier Peter Szijjarto stwierdzi\u0142 na Facebooku, \u017ce &#8222;droga do pokoju prowadzi przez negocjacje&#8221;. &#8222;To fantastyczna wiadomo\u015b\u0107, \u017ce Donald Trump i W\u0142adimir Putin jeszcze raz ze sob\u0105 rozmawiali, a jeszcze lepsz\u0105 informacj\u0105 jest to, \u017ce nied\u0142ugo si\u0119 spotkaj\u0105. Droga do pokoju prowadzi przez negocjacje. Rozwi\u0105zania (problemu) wojny nie znajdziemy na polu bitwy&#8221; \u2014 napisa\u0142 szef w\u0119gierskiej dyplomacji.<\/p>\n<p class=\"ods-c-paragraph \">&#8222;Prezydent USA Donald Trump spotka si\u0119 z prezydentem W\u0142adimirem Putinem w Budapeszcie. Wspania\u0142a wiadomo\u015b\u0107 dla narod\u00f3w kochaj\u0105cych pok\u00f3j. Jeste\u015bmy zadowoleni i gotowi, by by\u0107 gospodarzem tego historycznego spotkania&#8221; \u2014 zapewni\u0142 z kolei na X rzecznik w\u0119gierskiego rz\u0105du Zolt\u00e1n Kov\u00e1cs.<\/p>\n<p>Dalszy ci\u0105g artyku\u0142u pod materia\u0142em wideo<\/p>\n<p class=\"ods-c-paragraph \"><a href=\"https:\/\/wiadomosci.onet.pl\/swiat\/donald-trump-spotka-sie-z-wladimirem-putinem-w-budapeszcie-viktor-orban-reaguje\/xv62bfj\" id=\"193f42d2-a334-4b08-85bf-7445f1ace5e0\" rel=\"nofollow noopener\" target=\"_blank\">Orban w \u015brodowym wywiadzie dla portalu tygodnika &#8222;Mandiner&#8221; zapowiedzia\u0142,<\/a> \u017ce spotka si\u0119 z Trumpem &#8222;wkr\u00f3tce&#8221;. W tej samej rozmowie skomentowa\u0142 wysi\u0142ki dyplomatyczne Trumpa w kontek\u015bcie podpisanego w Szarm el-Szejk przez przyw\u00f3dc\u00f3w USA, Turcji, Egiptu i Kataru planu pokojowego dla Strefy Gazy.<\/p>\n<p class=\"ods-c-paragraph \">\u2014 Od powrotu Trumpa do Bia\u0142ego Domu rozwija si\u0119 globalna sie\u0107 przyw\u00f3dc\u00f3w, kt\u00f3rzy szukaj\u0105 pokojowych rozwi\u0105za\u0144 w ka\u017cdym konflikcie zbrojnym. W\u0119gry s\u0105 cz\u0119\u015bci\u0105 tego sojuszu. Obecnie ju\u017c ponad 12 lider\u00f3w udziela sobie wzajemnego wsparcia w sprawie pokoju \u2014 przekonywa\u0142 Orban. Odnosz\u0105c si\u0119 do wojny na Ukrainie, doda\u0142, \u017ce &#8222;prezydent Trump ju\u017c dawno zawar\u0142by pok\u00f3j, gdyby europejscy liderzy wci\u0105\u017c nie pod\u017cegali (prezydenta Ukrainy) Wo\u0142odymyra Ze\u0142enskiego&#8221;.<\/p>\n<p class=\"ods-c-paragraph \">\u2014 Gdyby\u015bmy grali z Amerykanami w tej samej dru\u017cynie, ju\u017c teraz mieliby\u015bmy pok\u00f3j. Ale europejscy liderzy chc\u0105 kontynuowa\u0107 wojn\u0119; maj\u0105 swoj\u0105 strategi\u0119 i plan \u2014 stwierdzi\u0142 w\u0119gierski premier.<\/p>\n<p class=\"ods-c-paragraph \"><a href=\"https:\/\/wiadomosci.onet.pl\/swiat\/donald-trump-spotka-sie-z-wladimirem-putinem-zamiescil-wpis\/t5tr85e\" id=\"ba35f25c-a649-424a-adda-0a440213fd49\" rel=\"nofollow noopener\" target=\"_blank\">Prezydent Trump og\u0142osi\u0142 w czwartek po rozmowie telefonicznej z rosyjskim prezydentem W\u0142adimirem Putinem<\/a>, \u017ce spotka si\u0119 z nim w Budapeszcie. Rozmowy maj\u0105 nast\u0105pi\u0107 po &#8222;spotkaniu delegacji wysokiego szczebla obu kraj\u00f3w&#8221; w przysz\u0142ym tygodniu. W trakcie spotkania na W\u0119grzech przyw\u00f3dcy spr\u00f3buj\u0105 &#8222;po\u0142o\u017cy\u0107 kres tej \u00bbnies\u0142awnej\u00ab wojnie mi\u0119dzy Rosj\u0105 a Ukrain\u0105&#8221; \u2014 wynika z wpisu Trumpa na jego w\u0142asnej platformie spo\u0142eczno\u015bciowej Truth Social.<\/p>\n","protected":false},"excerpt":{"rendered":"&#8222;Kolejna wielka szansa dla pokoju. A to dopiero czwartek!&#8221; \u2014 stwierdzi\u0142 na Facebooku w\u0119gierski premier. Orban poinformowa\u0142 w&hellip;\n","protected":false},"author":2,"featured_media":53042,"comment_status":"","ping_status":"","sticky":false,"template":"","format":"standard","meta":{"footnotes":""},"categories":[14],"tags":[32,33,7226,44,27,76,34,35,28,31,48,25,46,40,41,87,47,80,29,30,415,71,2669,2670,26,408,82,83,84],"class_list":{"0":"post-53041","1":"post","2":"type-post","3":"status-publish","4":"format-standard","5":"has-post-thumbnail","7":"category-swiat","8":"tag-breaking-news","9":"tag-breakingnews","10":"tag-budapeszt","11":"tag-donald_trump","12":"tag-headlines","13":"tag-inwazja_rosji_na_ukraine","14":"tag-latest-news","15":"tag-latestnews","16":"tag-naglowki","17":"tag-najwazniejsze-artykuly","18":"tag-nat_styl","19":"tag-news","20":"tag-omp","21":"tag-polish","22":"tag-polski","23":"tag-rosja","24":"tag-screening_general","25":"tag-swiat","26":"tag-top-stories","27":"tag-topstories","28":"tag-ukraina","29":"tag-usa","30":"tag-viktor_orban","31":"tag-wegry","32":"tag-wiadomosci","33":"tag-wladimir_putin","34":"tag-world","35":"tag-world-news","36":"tag-worldnews"},"share_on_mastodon":{"url":"","error":""},"_links":{"self":[{"href":"https:\/\/www.europesays.com\/pl\/wp-json\/wp\/v2\/posts\/53041","targetHints":{"allow":["GET"]}}],"collection":[{"href":"https:\/\/www.europesays.com\/pl\/wp-json\/wp\/v2\/posts"}],"about":[{"href":"https:\/\/www.europesays.com\/pl\/wp-json\/wp\/v2\/types\/post"}],"author":[{"embeddable":true,"href":"https:\/\/www.europesays.com\/pl\/wp-json\/wp\/v2\/users\/2"}],"replies":[{"embeddable":true,"href":"https:\/\/www.europesays.com\/pl\/wp-json\/wp\/v2\/comments?post=53041"}],"version-history":[{"count":0,"href":"https:\/\/www.europesays.com\/pl\/wp-json\/wp\/v2\/posts\/53041\/revisions"}],"wp:featuredmedia":[{"embeddable":true,"href":"https:\/\/www.europesays.com\/pl\/wp-json\/wp\/v2\/media\/53042"}],"wp:attachment":[{"href":"https:\/\/www.europesays.com\/pl\/wp-json\/wp\/v2\/media?parent=53041"}],"wp:term":[{"taxonomy":"category","embeddable":true,"href":"https:\/\/www.europesays.com\/pl\/wp-json\/wp\/v2\/categories?post=53041"},{"taxonomy":"post_tag","embeddable":true,"href":"https:\/\/www.europesays.com\/pl\/wp-json\/wp\/v2\/tags?post=53041"}],"curies":[{"name":"wp","href":"https:\/\/api.w.org\/{rel}","templated":true}]}}