{"id":530413,"date":"2026-07-02T10:57:51","date_gmt":"2026-07-02T10:57:51","guid":{"rendered":"https:\/\/www.europesays.com\/pl\/530413\/"},"modified":"2026-07-02T10:57:51","modified_gmt":"2026-07-02T10:57:51","slug":"brainspace-w-mlynach-rothera-coraz-blizej-powstanie-interaktywna-wystawa-o-mozgu","status":"publish","type":"post","link":"https:\/\/www.europesays.com\/pl\/530413\/","title":{"rendered":"Brainspace w M\u0142ynach Rothera coraz bli\u017cej. Powstanie interaktywna wystawa o m\u00f3zgu"},"content":{"rendered":"<p>fot. nades\u0142ane<\/p>\n<p>        Umowa podpisana, rusza kolejny etap prac<\/p>\n<p>W \u015brod\u0119, 24 czerwca 2026 roku, Centrum Nauki i Kultury M\u0142yny Rothera w Bydgoszczy podpisa\u0142o umow\u0119 na opracowanie dokumentacji projektowej nowej wystawy sta\u0142ej po\u015bwi\u0119conej m\u00f3zgowi. Wykonawc\u0105 zosta\u0142a firma New Amsterdam z Krakowa, wybrana w post\u0119powaniu przetargowym.<\/p>\n<p>Podpisanie\u00a0dokumentu oznacza przej\u015bcie do nast\u0119pnego etapu przygotowa\u0144. Zadaniem wykonawcy b\u0119dzie prze\u0142o\u017cenie za\u0142o\u017ce\u0144 ekspozycji na konkretny projekt, kt\u00f3ry pozwoli w przysz\u0142o\u015bci rozpocz\u0105\u0107 prace budowlane i realizacyjne.<\/p>\n<p>Wystawa o m\u00f3zgu i wyzwaniach wsp\u00f3\u0142czesno\u015bci<\/p>\n<p>Brainspace ma by\u0107 wystaw\u0105 immersyjn\u0105, czyli tak\u0105, kt\u00f3ra anga\u017cuje zwiedzaj\u0105cych nie tylko tre\u015bci\u0105, ale te\u017c przestrzeni\u0105, d\u017awi\u0119kiem, obrazem i do\u015bwiadczeniem. Ekspozycja b\u0119dzie po\u015bwi\u0119cona m\u00f3zgowi, sposobom odbierania \u015bwiata, emocjom, poznaniu oraz zdrowiu psychicznemu.<\/p>\n<p>Pomys\u0142odawc\u0105 wystawy jest prof. dr hab. n. med. Marek Harat, wybitny neurochirurg. Scenariusz powsta\u0142 we wsp\u00f3\u0142pracy z projektantem Krzysztofem Dykasem oraz Rad\u0105 Programow\u0105 dzia\u0142aj\u0105c\u0105 przy M\u0142ynach Rothera.<\/p>\n<p>Tematyka ekspozycji ma odpowiada\u0107 na problemy coraz mocniej obecne we wsp\u00f3\u0142czesnym \u015bwiecie \u2014 od kryzysu zdrowia psychicznego, przez wp\u0142yw medi\u00f3w spo\u0142eczno\u015bciowych, po podatno\u015b\u0107 na manipulacj\u0119 i dezinformacj\u0119. Wystawa ma nie tylko przekazywa\u0107 wiedz\u0119, ale te\u017c zach\u0119ca\u0107 do refleksji nad tym, jak dzia\u0142a cz\u0142owiek i jak mo\u017cna dba\u0107 o w\u0142asny m\u00f3zg.\u00a0<\/p>\n<p>New Amsterdam przygotuje projekt<\/p>\n<p>Za opracowanie dokumentacji odpowiada New Amsterdam, firma dzia\u0142aj\u0105ca od 2009 roku i specjalizuj\u0105ca si\u0119 w projektowaniu wystaw narracyjnych oraz immersyjnych. Jej realizacje by\u0142y prezentowane w muzeach, centrach nauki, przestrzeniach publicznych i showroomach, a odwiedzi\u0142y je ju\u017c miliony os\u00f3b na trzech kontynentach.<\/p>\n<p>W dorobku krakowskiej pracowni znajduj\u0105 si\u0119 m.in. Centrum Szyfr\u00f3w Enigma w Poznaniu, Ulica \u017bywio\u0142\u00f3w w EC1 w \u0141odzi, ekspozycje Muzeum II Wojny \u015awiatowej oraz Centrum Edukacyjne Flyport w Radomiu. Firma ma tak\u017ce na koncie wystaw\u0119 dla Muzeum Lotnictwa Polskiego w Krakowie, nagrodzon\u0105 w konkursie Sybilla za najlepsz\u0105 wystaw\u0119 sta\u0142\u0105 za 2025 rok.<\/p>\n<p>Dla New Amsterdam praca przy M\u0142ynach Rothera nie b\u0119dzie pierwszym kontaktem z bydgosk\u0105 instytucj\u0105. Firma uczestniczy\u0142a wcze\u015bniej w pracach koncepcyjnych dotycz\u0105cych tego miejsca.<\/p>\n<p>Czwarta wystawa sta\u0142a w M\u0142ynach<\/p>\n<p>Brainspace b\u0119dzie czwart\u0105 wystaw\u0105 sta\u0142\u0105 Centrum Nauki i Kultury M\u0142yny Rothera. Nowa ekspozycja ma po\u0142\u0105czy\u0107 edukacj\u0119, nowoczesne technologie i do\u015bwiadczenie zmys\u0142owe. Zwiedzaj\u0105cy b\u0119d\u0105 mogli poznawa\u0107 dzia\u0142anie m\u00f3zgu poprzez interakcj\u0119, obraz, d\u017awi\u0119k i przestrze\u0144.<\/p>\n<p>M\u0142yny Rothera zapowiadaj\u0105, \u017ce wystawa nie b\u0119dzie wy\u0142\u0105cznie samodzieln\u0105 ekspozycj\u0105, ale r\u00f3wnie\u017c punktem wyj\u015bcia do szerszego programu edukacyjnego i kulturalnego. Wok\u00f3\u0142 Brainspace maj\u0105 powstawa\u0107 dzia\u0142ania po\u015bwi\u0119cone nauce, zdrowiu, emocjom i wyzwaniom codziennego funkcjonowania.\u00a0<\/p>\n<p>Na opracowanie koncepcji przewidziano do 28 tygodni. Zako\u0144czenie tego etapu prac projektowych planowane jest w pierwszym kwartale 2027 roku. Koszt realizacji wyniesie 586 880 z\u0142.<\/p>\n","protected":false},"excerpt":{"rendered":"fot. nades\u0142ane Umowa podpisana, rusza kolejny etap prac W \u015brod\u0119, 24 czerwca 2026 roku, Centrum Nauki i Kultury&hellip;\n","protected":false},"author":2,"featured_media":530414,"comment_status":"","ping_status":"","sticky":false,"template":"","format":"standard","meta":{"footnotes":"","_share_on_mastodon":"0"},"categories":[51613],"tags":[210,7132,3622,53826,44115,71863,5765,42,38,40,39,41,69310,103700,95,1092,13263,62498,39277],"class_list":["post-530413","post","type-post","status-publish","format-standard","has-post-thumbnail","category-bydgoszcz","tag-aktualnosci","tag-bydgoszcz","tag-edukacja","tag-ekspozycja","tag-emocje","tag-mlyny-rothera","tag-mozg","tag-pl","tag-poland","tag-polish","tag-polska","tag-polski","tag-poznanie","tag-prof-marek-harat","tag-umowa","tag-wydarzenia","tag-wystawa","tag-wystawa-immersyjna","tag-zdrowie-psychiczne"],"share_on_mastodon":{"url":"https:\/\/pubeurope.com\/@pl\/116850033005509512","error":""},"_links":{"self":[{"href":"https:\/\/www.europesays.com\/pl\/wp-json\/wp\/v2\/posts\/530413","targetHints":{"allow":["GET"]}}],"collection":[{"href":"https:\/\/www.europesays.com\/pl\/wp-json\/wp\/v2\/posts"}],"about":[{"href":"https:\/\/www.europesays.com\/pl\/wp-json\/wp\/v2\/types\/post"}],"author":[{"embeddable":true,"href":"https:\/\/www.europesays.com\/pl\/wp-json\/wp\/v2\/users\/2"}],"replies":[{"embeddable":true,"href":"https:\/\/www.europesays.com\/pl\/wp-json\/wp\/v2\/comments?post=530413"}],"version-history":[{"count":0,"href":"https:\/\/www.europesays.com\/pl\/wp-json\/wp\/v2\/posts\/530413\/revisions"}],"wp:featuredmedia":[{"embeddable":true,"href":"https:\/\/www.europesays.com\/pl\/wp-json\/wp\/v2\/media\/530414"}],"wp:attachment":[{"href":"https:\/\/www.europesays.com\/pl\/wp-json\/wp\/v2\/media?parent=530413"}],"wp:term":[{"taxonomy":"category","embeddable":true,"href":"https:\/\/www.europesays.com\/pl\/wp-json\/wp\/v2\/categories?post=530413"},{"taxonomy":"post_tag","embeddable":true,"href":"https:\/\/www.europesays.com\/pl\/wp-json\/wp\/v2\/tags?post=530413"}],"curies":[{"name":"wp","href":"https:\/\/api.w.org\/{rel}","templated":true}]}}