{"id":53051,"date":"2025-10-17T00:45:10","date_gmt":"2025-10-17T00:45:10","guid":{"rendered":"https:\/\/www.europesays.com\/pl\/53051\/"},"modified":"2025-10-17T00:45:10","modified_gmt":"2025-10-17T00:45:10","slug":"samsung-galaxy-s26-edge-zostal-anulowany-przyszloroczna-linia-flagowcow-tego-producenta-bedzie-zaskakujaco-zwyczajna","status":"publish","type":"post","link":"https:\/\/www.europesays.com\/pl\/53051\/","title":{"rendered":"Samsung Galaxy S26 Edge zosta\u0142 anulowany. Przysz\u0142oroczna linia flagowc\u00f3w tego producenta b\u0119dzie zaskakuj\u0105co zwyczajna"},"content":{"rendered":"<p><img decoding=\"async\" class=\"teaserfoto\" src=\"https:\/\/www.europesays.com\/pl\/wp-content\/uploads\/2025\/10\/48595.png\" alt=\"Samsung Galaxy S26 Edge zosta\u0142 anulowany. Przysz\u0142oroczna linia flagowc\u00f3w tego producenta b\u0119dzie zaskakuj\u0105co zwyczajna\"\/>Wydany w maju tego roku Samsung Galaxy S25 Edge zapocz\u0105tkowa\u0142 nowy smartfonowy trend polegaj\u0105cy na coraz bardziej drastycznym uszczuplaniu obudowy przez producent\u00f3w. Na rynku pojawi\u0142o si\u0119 ju\u017c kilka takich urz\u0105dze\u0144 w tym stylu, jak np. iPhone Air czy nubia Air, a na swoj\u0105 premier\u0119 czeka jeszcze ultracienka Motorola edge 70, jednak teraz wydaje si\u0119, \u017ce przysz\u0142o\u015b\u0107 tego kontrowersyjnego kierunku wcale nie jest taka oczywista&#8230;<\/p>\n<p>Samsung zdecydowa\u0142 si\u0119 anulowa\u0107 model Galaxy S26 Edge i tym samym zako\u0144czy\u0107 \u017cywot ultrasmuk\u0142ej linii Edge. G\u0142\u00f3wnym powodem jest niskie zainteresowanie i bardzo s\u0142aba sprzeda\u017c.<\/p>\n<p><a class=\"colorbox\" href=\"https:\/\/www.purepc.pl\/image\/news\/2025\/10\/16_samsung_galaxy_s26_edge_zostal_anulowany_przyszloroczna_linia_flagowcow_tego_producenta_bedzie_zaskakujaco_zwyczajna_1_b.jpg\" rel=\"nofollow noopener\" target=\"_blank\"><img decoding=\"async\" src=\"https:\/\/www.europesays.com\/pl\/wp-content\/uploads\/2025\/10\/16_samsung_galaxy_s26_edge_zostal_anulowany_przyszloroczna_linia_flagowcow_tego_producenta_bedzie_za.jpeg\" alt=\"Samsung Galaxy S26 Edge zosta\u0142 anulowany. Przysz\u0142oroczna linia flagowc\u00f3w tego producenta b\u0119dzie zaskakuj\u0105co zwyczajna [1]\"\/><\/a><\/p>\n<p><a title=\"Samsung Galaxy S26 Pro ma otrzyma\u0107 uk\u0142ad Exynos 2600. Gigant znowu chce ograniczy\u0107 u\u017cycie topowych Snapdragon\u00f3w\" href=\"https:\/\/www.purepc.pl\/samsung-galaxy-s26-pro-ma-otrzymac-uklad-exynos-2600-gigant-znowu-chce-ograniczyc-uzycie-topowych-snapdragonow\" rel=\"nofollow noopener\" target=\"_blank\">Samsung Galaxy S26 Pro ma otrzyma\u0107 uk\u0142ad Exynos 2600. Gigant znowu chce ograniczy\u0107 u\u017cycie topowych Snapdragon\u00f3w<\/a><\/p>\n<p>Jak podaje po\u0142udniowokorea\u0144ski serwis Newspim, Samsung zdecydowa\u0142 si\u0119 anulowa\u0107 model <a href=\"https:\/\/www.purepc.pl\/tagi\/galaxy-s26-edge\" rel=\"nofollow noopener\" target=\"_blank\">Galaxy S26 Edge<\/a> i tym samym zako\u0144czy\u0107 \u017cywot ultrasmuk\u0142ej linii Edge. Decyzja zapad\u0142a rzekomo zaledwie pi\u0119\u0107 miesi\u0119cy po tym, jak firma wprowadzi\u0142a na rynek model S25 Edge. G\u0142\u00f3wnym powodem jest niskie zainteresowanie. Wed\u0142ug Hana Securities, sprzeda\u017c modelu osi\u0105gn\u0119\u0142a zaledwie 190 000 egzemplarzy w pierwszym miesi\u0105cu po premierze. W tym samym okresie podstawowy S25 sprzeda\u0142 si\u0119 w liczbie 1,17 miliona egzemplarzy, S25+ w liczbie 840 000 sztuk, a S25 Ultra \u2013 2,55 miliona, co stanowi wyra\u017any kontrast. W sierpniu skumulowana sprzeda\u017c Edge&#8217;a wynios\u0142a 1,31 miliona egzemplarzy, w por\u00f3wnaniu z 8,28 miliona S25, 5,05 miliona S25+ i 12,18 miliona Ultra. Takie liczby nie mog\u0105 specjalnie dziwi\u0107. Urz\u0105dzenie w momencie premiery okaza\u0142o si\u0119 dro\u017csze nawet od wariantu Ultra, a oferowa\u0142o bardzo kr\u00f3tki czas pracy na jednym \u0142adowaniu i dosy\u0107 skromny zestaw aparat\u00f3w (zabrak\u0142o teleobiektywu). Obecnie oczekuje si\u0119, \u017ce po wyczerpaniu zapas\u00f3w <a href=\"https:\/\/www.purepc.pl\/tagi\/smartfon\" rel=\"nofollow noopener\" target=\"_blank\">smartfona<\/a> Samsung S25 Edge, jego produkcja nie zostanie wznowiona.<\/p>\n<p><a class=\"colorbox\" href=\"https:\/\/www.purepc.pl\/image\/news\/2025\/10\/16_samsung_galaxy_s26_edge_zostal_anulowany_przyszloroczna_linia_flagowcow_tego_producenta_bedzie_zaskakujaco_zwyczajna_0_b.jpg\" rel=\"nofollow noopener\" target=\"_blank\"><img decoding=\"async\" src=\"https:\/\/www.europesays.com\/pl\/wp-content\/uploads\/2025\/10\/1760661910_17_16_samsung_galaxy_s26_edge_zostal_anulowany_przyszloroczna_linia_flagowcow_tego_producenta_bedzie_za.jpeg\" alt=\"Samsung Galaxy S26 Edge zosta\u0142 anulowany. Przysz\u0142oroczna linia flagowc\u00f3w tego producenta b\u0119dzie zaskakuj\u0105co zwyczajna [2]\"\/><\/a><\/p>\n<p><a title=\"Por\u00f3wnanie aparat\u00f3w Samsung Galaxy S25 Edge vs Galaxy S25 Ultra. Podobna jako\u015b\u0107 zdj\u0119\u0107 i film\u00f3w, czy jednak niespodzianka?\" href=\"https:\/\/www.purepc.pl\/samsung-galaxy-s25-edge-czy-galaxy-s25-ultra-porownanie-smartfonow-pod-wzgledem-fotograficznym\" rel=\"nofollow noopener\" target=\"_blank\">Por\u00f3wnanie aparat\u00f3w Samsung Galaxy S25 Edge vs Galaxy S25 Ultra. Podobna jako\u015b\u0107 zdj\u0119\u0107 i film\u00f3w, czy jednak niespodzianka?<\/a><\/p>\n<p>Doniesienia te wydaj\u0105 si\u0119 dosy\u0107 zaskakuj\u0105ce, bowiem do sieci trafi\u0142y ju\u017c rendery smartfona Galaxy S26 Edge i wszystko wskazywa\u0142o, \u017ce model ten zostanie zaprezentowany ju\u017c na pocz\u0105tku 2026 roku. Jak jednak s\u0142usznie zauwa\u017cy\u0142 jeden z po\u0142udniowokorea\u0144skich przedstawicieli bran\u017cy mobilnej, &#8222;Linia Edge nie powsta\u0142a z rzeczywistej potrzeby stworzenia smuk\u0142ego modelu &#8211; Samsung wszed\u0142 na ten rynek tylko dlatego, \u017ce konkurent (Apple) podobno w\u0142a\u015bnie taki opracowywa\u0142&#8221;, dodaj\u0105c: &#8222;Poniewa\u017c istniej\u0105ce smartfony premium s\u0105 ju\u017c do\u015b\u0107 smuk\u0142e, potwierdza to, \u017ce wydajno\u015b\u0107 i pojemno\u015b\u0107 baterii s\u0105 wa\u017cniejszymi czynnikami&#8221;. Aktualnie spodziewamy si\u0119, \u017ce podczas najbli\u017cszej konferencji Samsung Unpacked po\u015bwi\u0119conej serii Galaxy S26 producent powr\u00f3ci do tradycyjnej oferty sk\u0142adaj\u0105cej si\u0119 z trzech modeli: S26 (Pro), S26+ i S26 Ultra.<\/p>\n<p>\u0179r\u00f3d\u0142o: @Jukanlosreve, Newspim, Android Headlines<\/p>\n","protected":false},"excerpt":{"rendered":"Wydany w maju tego roku Samsung Galaxy S25 Edge zapocz\u0105tkowa\u0142 nowy smartfonowy trend polegaj\u0105cy na coraz bardziej drastycznym&hellip;\n","protected":false},"author":2,"featured_media":53052,"comment_status":"","ping_status":"","sticky":false,"template":"","format":"standard","meta":{"footnotes":""},"categories":[20],"tags":[14219,14220,14221,3679,120,118,119,42,38,40,39,41,2072,116,114,115,640,1133,121,117,11258],"class_list":{"0":"post-53051","1":"post","2":"type-post","3":"status-publish","4":"format-standard","5":"has-post-thumbnail","7":"category-nauka-i-technika","8":"tag-anulowany","9":"tag-galaxy-s25-edge","10":"tag-galaxy-s26-edge","11":"tag-iphone-air","12":"tag-nauka","13":"tag-nauka-i-technika","14":"tag-naukatechnika","15":"tag-pl","16":"tag-poland","17":"tag-polish","18":"tag-polska","19":"tag-polski","20":"tag-samsung","21":"tag-science","22":"tag-science-and-technology","23":"tag-sciencetechnology","24":"tag-smartfon","25":"tag-sprzedaz","26":"tag-technika","27":"tag-technology","28":"tag-ultracienki"},"share_on_mastodon":{"url":"","error":""},"_links":{"self":[{"href":"https:\/\/www.europesays.com\/pl\/wp-json\/wp\/v2\/posts\/53051","targetHints":{"allow":["GET"]}}],"collection":[{"href":"https:\/\/www.europesays.com\/pl\/wp-json\/wp\/v2\/posts"}],"about":[{"href":"https:\/\/www.europesays.com\/pl\/wp-json\/wp\/v2\/types\/post"}],"author":[{"embeddable":true,"href":"https:\/\/www.europesays.com\/pl\/wp-json\/wp\/v2\/users\/2"}],"replies":[{"embeddable":true,"href":"https:\/\/www.europesays.com\/pl\/wp-json\/wp\/v2\/comments?post=53051"}],"version-history":[{"count":0,"href":"https:\/\/www.europesays.com\/pl\/wp-json\/wp\/v2\/posts\/53051\/revisions"}],"wp:featuredmedia":[{"embeddable":true,"href":"https:\/\/www.europesays.com\/pl\/wp-json\/wp\/v2\/media\/53052"}],"wp:attachment":[{"href":"https:\/\/www.europesays.com\/pl\/wp-json\/wp\/v2\/media?parent=53051"}],"wp:term":[{"taxonomy":"category","embeddable":true,"href":"https:\/\/www.europesays.com\/pl\/wp-json\/wp\/v2\/categories?post=53051"},{"taxonomy":"post_tag","embeddable":true,"href":"https:\/\/www.europesays.com\/pl\/wp-json\/wp\/v2\/tags?post=53051"}],"curies":[{"name":"wp","href":"https:\/\/api.w.org\/{rel}","templated":true}]}}