{"id":530689,"date":"2026-07-02T13:33:09","date_gmt":"2026-07-02T13:33:09","guid":{"rendered":"https:\/\/www.europesays.com\/pl\/530689\/"},"modified":"2026-07-02T13:33:09","modified_gmt":"2026-07-02T13:33:09","slug":"andrzej-duda-z-wizyta-u-generala-mon-dodatkowy-gosc-zostal-wyproszony","status":"publish","type":"post","link":"https:\/\/www.europesays.com\/pl\/530689\/","title":{"rendered":"Andrzej Duda z wizyt\u0105 u genera\u0142a. MON: dodatkowy go\u015b\u0107 zosta\u0142 wyproszony"},"content":{"rendered":"\n<p>Co o spotkaniu wie MON?<\/p>\n<p>\u2014 Wszystkie procedury zadzia\u0142a\u0142y, pan genera\u0142 Kuptel od razu z\u0142o\u017cy\u0142 meldunek do s\u0142u\u017cb \u2014 zaznaczy\u0142a wiceministra obrony Magdalena Sobkowiak-Czarnecka na antenie TVN24. Doda\u0142a, \u017ce genera\u0142 pyta\u0142 o mo\u017cliwo\u015b\u0107 spotkania z by\u0142ym prezydentem, ale nie by\u0142 \u015bwiadomy obecno\u015bci innych os\u00f3b. \u2014 Z relacji pana gen. Kuptela wiem, \u017ce na dzie\u0144 dobry towarzysz\u0105cych panu prezydentowi wyprosi\u0142 i rozmawia\u0142 tylko z panem prezydentem \u2014 podkre\u015bli\u0142a. Andrzej Duda mia\u0142 podczas rozmowy dzieli\u0107 si\u0119 swoimi przemy\u015bleniami dotycz\u0105cymi sytuacji w Ukrainie.<\/p>\n","protected":false},"excerpt":{"rendered":"Co o spotkaniu wie MON? \u2014 Wszystkie procedury zadzia\u0142a\u0142y, pan genera\u0142 Kuptel od razu z\u0142o\u017cy\u0142 meldunek do s\u0142u\u017cb&hellip;\n","protected":false},"author":2,"featured_media":530690,"comment_status":"","ping_status":"","sticky":false,"template":"","format":"standard","meta":{"footnotes":"","_share_on_mastodon":"0"},"categories":[12],"tags":[2159,61195,32,33,36,37,27,49,34,35,786,28,31,48,25,46,42,38,40,39,41,47,29,30,26,3146],"class_list":["post-530689","post","type-post","status-publish","format-standard","has-post-thumbnail","category-polska","tag-andrzej_duda","tag-bottomfeed_styl","tag-breaking-news","tag-breakingnews","tag-featured-news","tag-featurednews","tag-headlines","tag-kraj","tag-latest-news","tag-latestnews","tag-mon_ministerstwo_obrony","tag-naglowki","tag-najwazniejsze-artykuly","tag-nat_styl","tag-news","tag-omp","tag-pl","tag-poland","tag-polish","tag-polska","tag-polski","tag-screening_general","tag-top-stories","tag-topstories","tag-wiadomosci","tag-wojsko_polskie"],"share_on_mastodon":{"url":"https:\/\/pubeurope.com\/@pl\/116850642580549419","error":""},"_links":{"self":[{"href":"https:\/\/www.europesays.com\/pl\/wp-json\/wp\/v2\/posts\/530689","targetHints":{"allow":["GET"]}}],"collection":[{"href":"https:\/\/www.europesays.com\/pl\/wp-json\/wp\/v2\/posts"}],"about":[{"href":"https:\/\/www.europesays.com\/pl\/wp-json\/wp\/v2\/types\/post"}],"author":[{"embeddable":true,"href":"https:\/\/www.europesays.com\/pl\/wp-json\/wp\/v2\/users\/2"}],"replies":[{"embeddable":true,"href":"https:\/\/www.europesays.com\/pl\/wp-json\/wp\/v2\/comments?post=530689"}],"version-history":[{"count":0,"href":"https:\/\/www.europesays.com\/pl\/wp-json\/wp\/v2\/posts\/530689\/revisions"}],"wp:featuredmedia":[{"embeddable":true,"href":"https:\/\/www.europesays.com\/pl\/wp-json\/wp\/v2\/media\/530690"}],"wp:attachment":[{"href":"https:\/\/www.europesays.com\/pl\/wp-json\/wp\/v2\/media?parent=530689"}],"wp:term":[{"taxonomy":"category","embeddable":true,"href":"https:\/\/www.europesays.com\/pl\/wp-json\/wp\/v2\/categories?post=530689"},{"taxonomy":"post_tag","embeddable":true,"href":"https:\/\/www.europesays.com\/pl\/wp-json\/wp\/v2\/tags?post=530689"}],"curies":[{"name":"wp","href":"https:\/\/api.w.org\/{rel}","templated":true}]}}