{"id":53076,"date":"2025-10-17T02:29:08","date_gmt":"2025-10-17T02:29:08","guid":{"rendered":"https:\/\/www.europesays.com\/pl\/53076\/"},"modified":"2025-10-17T02:29:08","modified_gmt":"2025-10-17T02:29:08","slug":"estrada-jest-przestrzenia-wspanialej-zabawy-hyo-lee-zachwyca-gra-na-pianinie","status":"publish","type":"post","link":"https:\/\/www.europesays.com\/pl\/53076\/","title":{"rendered":"&#8222;Estrada jest przestrzeni\u0105 wspania\u0142ej zabawy&#8221;. Hyo Lee zachwyca gr\u0105 na pianinie"},"content":{"rendered":"<p class=\"Paragraph_desktopParagraph__U31Gm\">Hyo Lee urodzi\u0142 si\u0119 5 stycznia w 2007 r. w Seulu. W wieku pi\u0119ciu lat rozpocz\u0105\u0142 nauk\u0119 gry na skrzypcach oraz na fortepianie, skupiaj\u0105c si\u0119 jednak na pierwszym instrumencie. W 2014 r., wraz ze swoim starszym bratem Hyukiem, przeni\u00f3s\u0142 si\u0119 do Moskwy. Jako skrzypek wst\u0105pi\u0142 do Moskiewskiej Centralnej Szko\u0142y Muzycznej.<\/p>\n<p class=\"Paragraph_desktopParagraph__U31Gm\">Gr\u0119 na fortepianie zacz\u0105\u0142 studiowa\u0107 profesjonalnie dwa lata p\u00f3\u017aniej \u2014 w 2016 r. W kwietniu 2017 r., po zaledwie sze\u015bciu miesi\u0105cach zawodowej nauki, zosta\u0142 laureatem IV mi\u0119dzynarodowego konkursu &#8222;Astana Piano Passion&#8221;, w Nur-Sultan (Astana).<\/p>\n<p class=\"Paragraph_desktopParagraph__U31Gm\">Pierwsza wygrana w mi\u0119dzynarodowym konkursie zmotywowa\u0142a Hyo do dalszej nauki gry na fortepianie i od tamtego czasu to w\u0142a\u015bnie ten instrument sta\u0142 si\u0119 dla niego priorytetem.<\/p>\n<p class=\"Paragraph_desktopParagraph__U31Gm\">W 2024 r. uko\u0144czy\u0142 \u00c9cole normale de Musique w Pary\u017cu. Obecnie jest uczniem Ewy Pob\u0142ockiej\u2014 polskiej pianistki i profesor w Akademii Muzycznej im. Feliksa Nowowiejskiego w Bydgoszczy.<\/p>\n<p class=\"Paragraph_desktopParagraph__U31Gm\">W kwietniu 2018 r. zdoby\u0142 I nagrod\u0119 na fortepian i Grand Prix na skrzypce na Mi\u0119dzynarodowym Konkursie &#8222;Diament Muzyczny&#8221; w Moskwie. W grudniu 2021 r. zaj\u0105\u0142 III miejsce na konkursie &#8222;Arthur Rubinstein in memoriam&#8221;. Na tej samej pozycji uplasowa\u0142 si\u0119 na konkursie &#8222;Animato&#8221;. W 2025 roku zosta\u0142 laureatem Mi\u0119dzynarodowego Konkursu im. Marguerite Long i Jacques\u2019a Thibaud w Pary\u017cu.<\/p>\n<p class=\"Paragraph_desktopParagraph__U31Gm\">Hyo Lee wyst\u0119powa\u0142 na wielu znanych scenach z ca\u0142ego \u015bwiata m.in. Yamaha-Hall w Moskiewskim Mi\u0119dzynarodowego Domu Muzyki, Sali Cortot i Biblioteki Polskiej w Pary\u017cu, w Filharmonii w Tule, Riazaniu, Muzeum Czajkowskiego w Klinie.<\/p>\n<ul class=\"OchatFollowUps_wrapper__1ry7X\">\n<li class=\"OchatFollowUps_item__Dhyly OchatFollowUps_itemDesktop__R6aBv\">Ile lat ma Hyo Lee?<\/li>\n<li class=\"OchatFollowUps_item__Dhyly OchatFollowUps_itemDesktop__R6aBv\">Gdzie Hyo Lee mieszka?<\/li>\n<li class=\"OchatFollowUps_item__Dhyly OchatFollowUps_itemDesktop__R6aBv\">Kiedy Hyo Lee zacz\u0105\u0142 gra\u0107 na fortepianie?<\/li>\n<li class=\"OchatFollowUps_item__Dhyly OchatFollowUps_itemDesktop__R6aBv\">Z kim Hyo Lee cz\u0119sto wyst\u0119puje?<\/li>\n<\/ul>\n<p class=\"Paragraph_desktopParagraph__U31Gm\">Stara si\u0119 tak\u017ce dokszta\u0142ca\u0107 na mi\u0119dzynarodowych kursach organizowanych na ca\u0142ym \u015bwiecie. Uczestniczy\u0142 w Letniej Akademii Uniwersytetu Muzyki i Sztuki w Wiedniu, Mi\u0119dzynarodowych Kursach Mistrzowskich w Hamburgu w Akwizgranie i Letniej Akademii PyoengChang.<\/p>\n<p class=\"Paragraph_desktopParagraph__U31Gm\">\u2014Najwa\u017cniejsz\u0105 rzecz\u0105 jest by\u0107 radosnym. By\u0107 szcz\u0119\u015bliwym. I to w\u0142a\u015bnie robi\u0119. My\u015bl\u0119, \u017ce to najpi\u0119kniejsze w byciu pianist\u0105. Zazwyczaj przepe\u0142nia mnie spok\u00f3j, poniewa\u017c dla mnie jako pianisty estrada jest przestrzeni\u0105 wspania\u0142ej zabawy. Jestem r\u00f3wnie\u017c wdzi\u0119czny publiczno\u015bci, kt\u00f3ra s\u0142ucha moich wyst\u0105pie\u0144. To przecie\u017c wspania\u0142a chwila, wi\u0119c nie czuj\u0119 \u017cadnego powodu, aby si\u0119 stresowa\u0107 \u2014 m\u00f3wi\u0142 po rozpocz\u0119ciu konkursu Hyo.<\/p>\n<p class=\"Paragraph_desktopParagraph__U31Gm\">Jego starszy brat Hyuk Lee tak\u017ce jest pianist\u0105 i podobnie Hyo dosta\u0142 si\u0119 do III etapu XIX Konkursu Chopinowskiego. Obaj mieszkaj\u0105 w Polsce i m\u00f3wi\u0105 p\u0142ynnie po polsku.<\/p>\n<p class=\"Paragraph_desktopParagraph__U31Gm\">Bracia cz\u0119sto grywaj\u0105 wsp\u00f3lnie. W ubieg\u0142ym sezonie zaprezentowali wsp\u00f3lny repertuar obejmuj\u0105cy kompozycje Beethovena, Gershwina, Saint-Sa\u00ebnsa i in.<\/p>\n","protected":false},"excerpt":{"rendered":"Hyo Lee urodzi\u0142 si\u0119 5 stycznia w 2007 r. w Seulu. W wieku pi\u0119ciu lat rozpocz\u0105\u0142 nauk\u0119 gry&hellip;\n","protected":false},"author":2,"featured_media":53077,"comment_status":"","ping_status":"","sticky":false,"template":"","format":"standard","meta":{"footnotes":""},"categories":[22],"tags":[2211,122,4245,10031,5920,261,13399,8426,53,52,68,51,55,42,38,40,39,41,123,47,65,50],"class_list":{"0":"post-53076","1":"post","2":"type-post","3":"status-publish","4":"format-standard","5":"has-post-thumbnail","7":"category-rozrywka","8":"tag-_skom_","9":"tag-entertainment","10":"tag-fryderyk_chopin","11":"tag-konkurs_chopinowski_miedzynarodowy_konkurs_pianistyczny_im_fryderyka_chopina","12":"tag-korea_pld_kraj_korea_poludniowa","13":"tag-kultura","14":"tag-m_glo_sticky_tst2","15":"tag-najnowsze","16":"tag-new_header","17":"tag-onet3","18":"tag-onet3d","19":"tag-onet3d_2i","20":"tag-phx","21":"tag-pl","22":"tag-poland","23":"tag-polish","24":"tag-polska","25":"tag-polski","26":"tag-rozrywka","27":"tag-screening_general","28":"tag-update_me","29":"tag-v2021"},"share_on_mastodon":{"url":"","error":""},"_links":{"self":[{"href":"https:\/\/www.europesays.com\/pl\/wp-json\/wp\/v2\/posts\/53076","targetHints":{"allow":["GET"]}}],"collection":[{"href":"https:\/\/www.europesays.com\/pl\/wp-json\/wp\/v2\/posts"}],"about":[{"href":"https:\/\/www.europesays.com\/pl\/wp-json\/wp\/v2\/types\/post"}],"author":[{"embeddable":true,"href":"https:\/\/www.europesays.com\/pl\/wp-json\/wp\/v2\/users\/2"}],"replies":[{"embeddable":true,"href":"https:\/\/www.europesays.com\/pl\/wp-json\/wp\/v2\/comments?post=53076"}],"version-history":[{"count":0,"href":"https:\/\/www.europesays.com\/pl\/wp-json\/wp\/v2\/posts\/53076\/revisions"}],"wp:featuredmedia":[{"embeddable":true,"href":"https:\/\/www.europesays.com\/pl\/wp-json\/wp\/v2\/media\/53077"}],"wp:attachment":[{"href":"https:\/\/www.europesays.com\/pl\/wp-json\/wp\/v2\/media?parent=53076"}],"wp:term":[{"taxonomy":"category","embeddable":true,"href":"https:\/\/www.europesays.com\/pl\/wp-json\/wp\/v2\/categories?post=53076"},{"taxonomy":"post_tag","embeddable":true,"href":"https:\/\/www.europesays.com\/pl\/wp-json\/wp\/v2\/tags?post=53076"}],"curies":[{"name":"wp","href":"https:\/\/api.w.org\/{rel}","templated":true}]}}