{"id":53078,"date":"2025-10-17T02:35:12","date_gmt":"2025-10-17T02:35:12","guid":{"rendered":"https:\/\/www.europesays.com\/pl\/53078\/"},"modified":"2025-10-17T02:35:12","modified_gmt":"2025-10-17T02:35:12","slug":"strzal-miedzy-oczy-tak-nazwal-to-co-zbigniew-boniek-zrobil-jerzemu-brzeczkowi","status":"publish","type":"post","link":"https:\/\/www.europesays.com\/pl\/53078\/","title":{"rendered":"&#8222;Strza\u0142 mi\u0119dzy oczy&#8221;. Tak nazwa\u0142 to, co Zbigniew Boniek zrobi\u0142 Jerzemu Brz\u0119czkowi"},"content":{"rendered":"<p class=\"Paragraph_desktopParagraph__Fd2e9\">Reprezentacja Polski do lat 21 roznios\u0142a Szwecj\u0119 6:0 i walczy o awans do igrzysk olimpijskich. Polacy znowu maj\u0105 dru\u017cyn\u0119, kt\u00f3r\u0105 chce si\u0119 ogl\u0105da\u0107, cho\u0107 na razie tylko m\u0142odzie\u017cow\u0105. Natomiast wyra\u017anie do \u0142ask \u015brodowiska, przede wszystkim kibicowskiego, wr\u00f3ci\u0142 Jerzy Brz\u0119czek, by\u0142y selekcjoner pierwszej reprezentacji.<\/p>\n<p class=\"VideoPlayerText_videoPlayerText__zrtJk\">Dalszy ci\u0105g materia\u0142u pod wideo<\/p>\n<p class=\"Paragraph_desktopParagraph__Fd2e9\">\u2014 Wielkie s\u0142owa uznania dla Jurka za to, co robi z m\u0142odzie\u017c\u00f3wk\u0105. Egzamin dojrza\u0142o\u015bci b\u0119dzie w pierwszym meczu z W\u0142ochami, a wi\u0119c ju\u017c 14 listopada. Na razie wygl\u0105da to \u015bwietnie. Bilans 4 wygranych w 4 meczach i 15:0 w bramkach nie jest przypadkowy \u2014 m\u00f3wi Marek Ko\u017ami\u0144ski, prywatnie przyjaciel Brz\u0119czka, poza tym kolega z dru\u017cyny wicemistrz\u00f3w olimpijskich z 1992 r. oraz z seniorskiej kadry.<\/p>\n<p class=\"Paragraph_desktopParagraph__Fd2e9\">\u2014 Jurek bardzo dobrze zorganizowa\u0142 dru\u017cyn\u0119, wida\u0107, \u017ce zawodnicy dobrze si\u0119 ze sob\u0105 czuj\u0105, do tego potrafi\u0142 wyeksponowa\u0107 indywidualno\u015b\u0107. Chyl\u0119 czo\u0142a przed jego dokonaniami \u2014 m\u00f3wi Ko\u017ami\u0144ski.<\/p>\n<p class=\"Paragraph_desktopParagraph__Fd2e9\">\u2014 Na pewno Jurek dosta\u0142 pewien fundament, zawodnik\u00f3w i to dobrze pouk\u0142ada\u0142. Ma solidn\u0105 ekip\u0119, a do tego dw\u00f3ch, mo\u017ce trzech graczy, kt\u00f3rych mo\u017cemy okre\u015bli\u0107 mianem talent\u00f3w nawet w skali Europy \u2014 zaznacza by\u0142y wiceprezes PZPN do spraw szkolenia.<\/p>\n<p class=\"Paragraph_desktopParagraph__Fd2e9\">Pytanie, co dalej. Dziennikarze i kibice kreuj\u0105 ju\u017c nowe gwiazdy, przepowiadaj\u0105 ogromne kariery. \u2014 Trudno m\u00f3wi\u0107 o wielkich postaciach, ale na pewno jest obiecuj\u0105cy materia\u0142. Natomiast to jest taki wiek, \u017ce warto zachowa\u0107 spok\u00f3j. Prosz\u0119 spojrze\u0107 na Kacpra Urba\u0144skiego. Dopiero co by\u0142 kreowany na zbawc\u0119 kadry narodowej, wielu ekspert\u00f3w widzia\u0142o go w wielkich klubach, a dzi\u015b nie jest w stanie wywalczy\u0107 sobie miejsca w Legii Warszawa \u2014 studzi emocje Ko\u017ami\u0144ski.<\/p>\n<p class=\"Paragraph_desktopParagraph__Fd2e9\">Wielu kibic\u00f3w widz\u0105c post\u0119p kadry Brz\u0119czka, zastanawia si\u0119, co by by\u0142o, gdyby obecny selekcjoner dru\u017cyny do lat 21, nie zosta\u0142by zwolniony przez Zbigniewa Bo\u0144ka ze stanowiska selekcjonera.<\/p>\n<p>Oto kulisy zwolnienia Brz\u0119czka z reprezentacji. &#8222;Strza\u0142 mi\u0119dzy oczy&#8221;<\/p>\n<p class=\"Paragraph_desktopParagraph__Fd2e9\">\u2014 Cho\u0107 uwa\u017cam si\u0119 za przyjaciela Jurka, to musz\u0119 powiedzie\u0107, \u017ce zwolnienie by\u0142o uzasadnione. Czy Jurek ma do mnie o to pretensje? Nie mog\u0119 tego wykluczy\u0107. Natomiast prawa jest taka, \u017ce w kadrze m\u0142odzie\u017cowej nie musisz radzi\u0107 sobie z wielkimi pi\u0142karzami z topowych klub\u00f3w, za\u015b w pierwszej kadrze ju\u017c tak. I niestety Jurek trafi\u0142 na Roberta Lewandowskiego. Brak chemii oznacza\u0142, \u017ce pr\u0119dzej czy p\u00f3\u017aniej Jurek zosta\u0142by zwolniony \u2014 m\u00f3wi Ko\u017ami\u0144ski.<\/p>\n<p class=\"Paragraph_desktopParagraph__Fd2e9\">\u015arodowisko by\u0142o podzielone, cz\u0119\u015b\u0107 stan\u0119\u0142a po stronie Bo\u0144ka, ale wiele os\u00f3b do dzi\u015b wypomina by\u0142emu prezesowi, \u017ce zwolni\u0142 trenera, kt\u00f3ry wygra\u0142 eliminacje do mistrzostw Europy.<\/p>\n<p class=\"Paragraph_desktopParagraph__Fd2e9\">\u2014 O ile samo zwolnienie moim zdaniem wtedy nie budzi\u0142o kontrowersji, przynajmniej z mojej perspektywy, to do\u015b\u0107 niefortunny by\u0142 moment. Gdyby &#8222;Zibi&#8221; zwolni\u0142 Jurka zaraz po eliminacjach, gdy atmosfera by\u0142a naprawd\u0119 ci\u0119\u017cka, ludzie by to zrozumieli, my\u015bl\u0119, \u017ce sam Jurek te\u017c. Ale on odczeka\u0142 dwa miesi\u0105ce, odczeka\u0142 \u015bwi\u0119ta, da\u0142 mu do zrozumienia, \u017ce wszystko jest ok, po czym odda\u0142 &#8222;strza\u0142 mi\u0119dzy oczy&#8221;. Nie powiem, \u017ce to by\u0142o w porz\u0105dku \u2014 uwa\u017ca by\u0142y wiceprezes PZPN. Boniek podj\u0105\u0142 decyzj\u0119 jednoosobowo, bez konsultacji z najbli\u017cszymi wsp\u00f3\u0142pracownikami.<\/p>\n<p class=\"Paragraph_desktopParagraph__Fd2e9\">Brz\u0119czek, prowadz\u0105c pierwsz\u0105 kadr\u0119, cho\u0107 mia\u0142 wyniki, nie zosta\u0142 kupiony przez znaczn\u0105 cz\u0119\u015b\u0107 kibic\u00f3w. Ca\u0142y czas by\u0142 podejrzliwy, szuka\u0142 spisk\u00f3w, zamkn\u0105\u0142 si\u0119 w obl\u0119\u017conej twierdzy, jakby nie wytrzymywa\u0142 ci\u015bnienia.<\/p>\n<p>Oto najwi\u0119kszy b\u0142\u0105d Jerzego Brz\u0119czka w reprezentacji Polski<\/p>\n<p class=\"Paragraph_desktopParagraph__Fd2e9\">\u2014 My\u015bl\u0119, \u017ce za du\u017co s\u0142ucha\u0142 Kuby B\u0142aszczykowskiego. Nie mam pewno\u015bci, ale tak czuj\u0119. Kiedy\u015b mieli\u015bmy d\u0142u\u017csz\u0105 rozmow\u0119 podczas spaceru podczas jednego z zagranicznych wyjazd\u00f3w. W kt\u00f3rym\u015b momencie Jurek m\u00f3wi: &#8222;ja wszystko dobrze wiem, co si\u0119 wydarzy\u0142o, bo mi Kuba powiedzia\u0142&#8221;. Ja odpar\u0142em: &#8222;nie s\u0142uchaj tylko jednej strony, pos\u0142uchaj wszystkich&#8221;. Jurek by\u0142 taki, \u017ce ustawi\u0142 si\u0119 na jednej pozycji i szed\u0142 po swojemu, nie s\u0142ucha\u0142 ludzi. Dlatego zderzy\u0142 si\u0119 z Lewandowskim. Nie oszukujmy si\u0119, Robert by\u0107 mo\u017ce jest najlepszy w historii naszej pi\u0142ki, ale to zawodnik bardzo trudny do prowadzenia \u2014 m\u00f3wi Ko\u017ami\u0144ski.<\/p>\n<p class=\"Paragraph_desktopParagraph__Fd2e9\">\u2014 My\u015bl\u0119, \u017ce dzi\u015b Jurek jest zdecydowanie w innym punkcie. Jest du\u017co bardziej do\u015bwiadczony. To nie tylko bardzo dobry trener, ale te\u017c naprawd\u0119 inteligentny facet, uczy si\u0119 na b\u0142\u0119dach. Ciesz\u0119 si\u0119, \u017ce dosta\u0142 kolejn\u0105 szans\u0119 i nie zawodzi, jest bardzo blisko du\u017cego grania. Wierz\u0119, \u017ce ta kadra da mu przepustk\u0119 do klubu z wy\u017cszej p\u00f3\u0142ki. Jak rzadko chwal\u0119 prezesa Kulesz\u0119, to tym razem musz\u0119 to zrobi\u0107 \u2014 dodaje.<\/p>\n<p class=\"Paragraph_desktopParagraph__Fd2e9\">Zobaczymy, jak d\u0142ugo utrzymaj\u0105 si\u0119 zachwyty nad dru\u017cyn\u0105 Brz\u0119czka. Ju\u017c dzi\u015b nie brakuje komentarzy, \u017ce zwi\u0105zek powinien si\u0119 zrehabilitowa\u0107 i raz jeszcze nominowa\u0107 Brz\u0119czka na stanowisko.<\/p>\n<p class=\"Paragraph_desktopParagraph__Fd2e9\">\u2014 Czy zostanie jeszcze kiedy\u015b trenerem kadry? Nie oszukujmy si\u0119, to b\u0119dzie trudne, zwykle taka okazja jest raz w \u017cyciu. A jak jest drugi, to zwykle nie wychodzi to najlepiej. Ale kto wie, mo\u017ce tu by by\u0142o inaczej. Powiem tyle, \u017ce tego mu \u017cycz\u0119, bo to nie tylko \u015bwietny facet, ale te\u017c bardzo dobry trener \u2014 ko\u0144czy.<\/p>\n","protected":false},"excerpt":{"rendered":"Reprezentacja Polski do lat 21 roznios\u0142a Szwecj\u0119 6:0 i walczy o awans do igrzysk olimpijskich. Polacy znowu maj\u0105&hellip;\n","protected":false},"author":2,"featured_media":53079,"comment_status":"","ping_status":"","sticky":false,"template":"","format":"standard","meta":{"footnotes":""},"categories":[24],"tags":[67,12117,14222,11744,42,38,40,39,41,11817,136,10987,128,355,300,47,127,135,126,4378],"class_list":{"0":"post-53078","1":"post","2":"type-post","3":"status-publish","4":"format-standard","5":"has-post-thumbnail","7":"category-sport","8":"tag-intextvideo_splayer","9":"tag-jerzy_brzeczek","10":"tag-marek_kozminski","11":"tag-ogor","12":"tag-pl","13":"tag-poland","14":"tag-polish","15":"tag-polska","16":"tag-polski","17":"tag-polski_zwiazek_pilki_noznej","18":"tag-ps_detal_new","19":"tag-ps_sts_tst1","20":"tag-psv2","21":"tag-reprezentacja_polski","22":"tag-robert_lewandowski","23":"tag-screening_general","24":"tag-sport","25":"tag-sport_sport","26":"tag-sports","27":"tag-zbigniew_boniek"},"share_on_mastodon":{"url":"","error":""},"_links":{"self":[{"href":"https:\/\/www.europesays.com\/pl\/wp-json\/wp\/v2\/posts\/53078","targetHints":{"allow":["GET"]}}],"collection":[{"href":"https:\/\/www.europesays.com\/pl\/wp-json\/wp\/v2\/posts"}],"about":[{"href":"https:\/\/www.europesays.com\/pl\/wp-json\/wp\/v2\/types\/post"}],"author":[{"embeddable":true,"href":"https:\/\/www.europesays.com\/pl\/wp-json\/wp\/v2\/users\/2"}],"replies":[{"embeddable":true,"href":"https:\/\/www.europesays.com\/pl\/wp-json\/wp\/v2\/comments?post=53078"}],"version-history":[{"count":0,"href":"https:\/\/www.europesays.com\/pl\/wp-json\/wp\/v2\/posts\/53078\/revisions"}],"wp:featuredmedia":[{"embeddable":true,"href":"https:\/\/www.europesays.com\/pl\/wp-json\/wp\/v2\/media\/53079"}],"wp:attachment":[{"href":"https:\/\/www.europesays.com\/pl\/wp-json\/wp\/v2\/media?parent=53078"}],"wp:term":[{"taxonomy":"category","embeddable":true,"href":"https:\/\/www.europesays.com\/pl\/wp-json\/wp\/v2\/categories?post=53078"},{"taxonomy":"post_tag","embeddable":true,"href":"https:\/\/www.europesays.com\/pl\/wp-json\/wp\/v2\/tags?post=53078"}],"curies":[{"name":"wp","href":"https:\/\/api.w.org\/{rel}","templated":true}]}}