{"id":53082,"date":"2025-10-17T02:42:08","date_gmt":"2025-10-17T02:42:08","guid":{"rendered":"https:\/\/www.europesays.com\/pl\/53082\/"},"modified":"2025-10-17T02:42:08","modified_gmt":"2025-10-17T02:42:08","slug":"skandaliczny-transparent-na-meczu-rakowa","status":"publish","type":"post","link":"https:\/\/www.europesays.com\/pl\/53082\/","title":{"rendered":"Skandaliczny transparent na meczu Rakowa"},"content":{"rendered":"<p data-start=\"154\" data-end=\"474\">Min\u0119\u0142y ju\u017c dwa miesi\u0105ce od\u00a0meczu eliminacyjnego do\u00a0Ligi Konferencji pomi\u0119dzy Rakowem Cz\u0119stochowa a\u00a0Maccabi Hajfa, a\u00a0UEFA wci\u0105\u017c nie\u00a0wyci\u0105gn\u0119\u0142a konsekwencji wobec izraelskiego klubu za\u00a0haniebny transparent, kt\u00f3ry\u00a0pojawi\u0142 si\u0119 na\u00a0trybunach. Europejska federacja ponownie zosta\u0142a zapytana o\u00a0post\u0119p w\u00a0tej\u00a0sprawie.<\/p>\n<p data-start=\"476\" data-end=\"933\">Przypomnijmy: podczas spotkania rozegranego 14 sierpnia w\u00a0w\u0119gierskim Debreczynie kibice Maccabi wywiesili transparent z\u00a0napisem \u201eMurderers since 1939\u201d (\u201eMordercy od\u00a01939\u201d), co\u00a0jest jawnym fa\u0142szowaniem historii oraz\u00a0obra\u017aliwym atakiem wobec Polak\u00f3w.<\/p>\n<p>UEFA nadal bez\u00a0decyzji w\u00a0sprawie skandalicznego transparentu izraelskich kibic\u00f3w podczas meczu Rakowa<\/p>\n<p data-start=\"476\" data-end=\"933\">Sytuacja wywo\u0142a\u0142a silne reakcje nie\u00a0tylko\u00a0w\u00a0\u015brodowisku sportowym, ale\u00a0i\u00a0w\u015br\u00f3d polityk\u00f3w. Jednym z\u00a0pierwszych, kt\u00f3rzy\u00a0zaapelowali o\u00a0interwencj\u0119 UEFA, by\u0142 prezydent Karol Nawrocki.<\/p>\n<p data-start=\"935\" data-end=\"1245\">Pomimo up\u0142ywu czasu UEFA nadal nie\u00a0og\u0142osi\u0142a \u017cadnych sankcji. W\u00a0odpowiedzi na\u00a0ponowne zapytanie, jakie Kana\u0142 Sportowy wystosowa\u0142 wczoraj, federacja poinformowa\u0142a: \u2013 Komisja Kontroli, Etyki i\u00a0Dyscypliny UEFA wyda decyzj\u0119 w\u00a0tej\u00a0sprawie w\u00a0stosownym czasie, jednak dok\u0142adna data nie\u00a0zosta\u0142a jeszcze ustalona. W\u00a0tym momencie nie\u00a0mamy \u017cadnych nowych informacji.<\/p>\n<p data-start=\"935\" data-end=\"1245\">To\u00a0ju\u017c kolejny raz, kiedy UEFA unika konkret\u00f3w. Ju\u017c miesi\u0105c temu organizacja zapewnia\u0142a, \u017ce\u00a0dochodzenie nadal trwa i\u00a0nie\u00a0ma\u00a0\u017cadnych nowych ustale\u0144.<\/p>\n<p data-start=\"1396\" data-end=\"1761\">W\u00a0mi\u0119dzyczasie narasta presja spo\u0142eczna i\u00a0polityczna, by\u00a0UEFA podj\u0119\u0142a bardziej zdecydowane dzia\u0142ania wobec Izraela. Coraz g\u0142o\u015bniejsze s\u0105\u00a0g\u0142osy nawo\u0142uj\u0105ce do\u00a0zawieszenia izraelskich dru\u017cyn \u2013 zar\u00f3wno klubowych, jak i\u00a0reprezentacyjnych \u2013 w\u00a0europejskich rozgrywkach. Powodem s\u0105\u00a0dzia\u0142ania izraelskiego wojska w\u00a0Strefie Gazy, kt\u00f3re spotykaj\u0105 si\u0119 z\u00a0mi\u0119dzynarodow\u0105 krytyk\u0105.<\/p>\n<p data-start=\"1763\" data-end=\"2104\">W\u00a0mediach pojawi\u0142y si\u0119 doniesienia o\u00a0mo\u017cliwym g\u0142osowaniu UEFA nad\u00a0wykluczeniem Izraela z\u00a0udzia\u0142u w\u00a0rozgrywkach. Jak dot\u0105d jednak nie\u00a0zapad\u0142y \u017cadne formalne decyzje. Protesty przeciwko obecno\u015bci izraelskich zespo\u0142\u00f3w nasili\u0142y si\u0119, co\u00a0widoczne by\u0142o m.in.\u00a0podczas niedawnego meczu W\u0142ochy \u2013 Izrael w\u00a0Udine, gdzie dosz\u0142o do\u00a0zamieszek na\u00a0trybunach.<\/p>\n<p>CZYTAJ WI\u0118CEJ NA\u00a0WESZ\u0141O:<\/p>\n<p>fot.\u00a0X, profil \u0141ukasza Ciony<\/p>\n","protected":false},"excerpt":{"rendered":"Min\u0119\u0142y ju\u017c dwa miesi\u0105ce od\u00a0meczu eliminacyjnego do\u00a0Ligi Konferencji pomi\u0119dzy Rakowem Cz\u0119stochowa a\u00a0Maccabi Hajfa, a\u00a0UEFA wci\u0105\u017c nie\u00a0wyci\u0105gn\u0119\u0142a konsekwencji wobec&hellip;\n","protected":false},"author":2,"featured_media":53083,"comment_status":"","ping_status":"","sticky":false,"template":"","format":"standard","meta":{"footnotes":""},"categories":[24],"tags":[91,9880,14225,42,38,40,39,41,2369,127,126],"class_list":{"0":"post-53082","1":"post","2":"type-post","3":"status-publish","4":"format-standard","5":"has-post-thumbnail","7":"category-sport","8":"tag-izrael","9":"tag-kibice","10":"tag-maccabi-hajfa","11":"tag-pl","12":"tag-poland","13":"tag-polish","14":"tag-polska","15":"tag-polski","16":"tag-rakow-czestochowa","17":"tag-sport","18":"tag-sports"},"share_on_mastodon":{"url":"","error":""},"_links":{"self":[{"href":"https:\/\/www.europesays.com\/pl\/wp-json\/wp\/v2\/posts\/53082","targetHints":{"allow":["GET"]}}],"collection":[{"href":"https:\/\/www.europesays.com\/pl\/wp-json\/wp\/v2\/posts"}],"about":[{"href":"https:\/\/www.europesays.com\/pl\/wp-json\/wp\/v2\/types\/post"}],"author":[{"embeddable":true,"href":"https:\/\/www.europesays.com\/pl\/wp-json\/wp\/v2\/users\/2"}],"replies":[{"embeddable":true,"href":"https:\/\/www.europesays.com\/pl\/wp-json\/wp\/v2\/comments?post=53082"}],"version-history":[{"count":0,"href":"https:\/\/www.europesays.com\/pl\/wp-json\/wp\/v2\/posts\/53082\/revisions"}],"wp:featuredmedia":[{"embeddable":true,"href":"https:\/\/www.europesays.com\/pl\/wp-json\/wp\/v2\/media\/53083"}],"wp:attachment":[{"href":"https:\/\/www.europesays.com\/pl\/wp-json\/wp\/v2\/media?parent=53082"}],"wp:term":[{"taxonomy":"category","embeddable":true,"href":"https:\/\/www.europesays.com\/pl\/wp-json\/wp\/v2\/categories?post=53082"},{"taxonomy":"post_tag","embeddable":true,"href":"https:\/\/www.europesays.com\/pl\/wp-json\/wp\/v2\/tags?post=53082"}],"curies":[{"name":"wp","href":"https:\/\/api.w.org\/{rel}","templated":true}]}}