{"id":531460,"date":"2026-07-02T22:25:30","date_gmt":"2026-07-02T22:25:30","guid":{"rendered":"https:\/\/www.europesays.com\/pl\/531460\/"},"modified":"2026-07-02T22:25:30","modified_gmt":"2026-07-02T22:25:30","slug":"powrot-iksa","status":"publish","type":"post","link":"https:\/\/www.europesays.com\/pl\/531460\/","title":{"rendered":"Powr\u00f3t Iksa"},"content":{"rendered":"<p>\u00a0<\/p>\n<p>&#13;<br \/>\n  Brali udzia\u0142 w najwa\u017cniejszych \u0107wiczeniach NATO na Ba\u0142tyku i operacji \u201eBaltic Sentry\u201d. Przebyli dystans niemal 15 tys. Mm, odwiedzaj\u0105c 14 port\u00f3w w o\u015bmiu pa\u0144stwach \u2013 po p\u00f3\u0142rocznej misji w natowskim zespole SNMCMG1 do portu w \u015awinouj\u015bciu powr\u00f3ci\u0142 okr\u0119t dowodzenia ORP \u201eKontradmira\u0142 Xawery Czernicki\u201d. Powitanie by\u0142o tak\u017ce okazj\u0105 do przekazania dowodzenia nad 8 FOW.&#13;\n<\/p>\n<p>&#13;<br \/>\n  &#13;<br \/>\n    <img loading=\"lazy\" decoding=\"async\" src=\"https:\/\/www.europesays.com\/pl\/wp-content\/uploads\/2026\/07\/110415.jpeg\" alt=\"\" width=\"800\" height=\"533\"\/>&#13;<br \/>\n  &#13;\n<\/p>\n<p>\u2013 Dla mnie ta misja by\u0142a spe\u0142nieniem zawodowych marze\u0144 \u2013 przyznaje kmdr por. Kacper Sterne, kt\u00f3ry przez ostatnie p\u00f3\u0142 roku dowodzi\u0142 <a href=\"https:\/\/www.polska-zbrojna.pl\/home\/articleshow\/45501?t=Polski-oficer-dowodzi-zespolem-NATO\" target=\"_blank\" rel=\"nofollow noopener\">Sta\u0142ym Zespo\u0142em Si\u0142 Obrony Przeciwminowej NATO Grupa 1 (SNMCMG1)<\/a>, jednym z dw\u00f3ch takich zespo\u0142\u00f3w w NATO. Oficera wspiera\u0142 mi\u0119dzynarodowy sztab, z\u0142o\u017cony przede wszystkim z Polak\u00f3w, w dodatku ulokowany na pok\u0142adzie polskiego okr\u0119tu dowodzenia <a href=\"https:\/\/www.polska-zbrojna.pl\/home\/articleshow\/39937?t=Kierunek-misja\" target=\"_blank\" rel=\"nofollow noopener\">ORP \u201eKontradmira\u0142 Xawery Czernicki\u201d<\/a>.<\/p>\n<p>Od stycznia SNMCMG1 dzia\u0142a\u0142 przede wszystkim na Ba\u0142tyku, staj\u0105c si\u0119 wa\u017cnym ogniwem operacji \u201eBaltic Sentry\u201d. Polega ona na monitorowaniu ruchu statk\u00f3w i dogl\u0105daniu infrastruktury krytycznej. Aktywno\u015b\u0107 NATO ma utrudni\u0107 \u017cycie tzw. flocie cieni, czyli armadzie tankowc\u00f3w przewo\u017c\u0105cych obj\u0119t\u0105 sankcjami rosyjsk\u0105 rop\u0119, a tak\u017ce zmniejszy\u0107 ryzyko sabota\u017cu. Tyle, \u017ce <a href=\"https:\/\/www.polska-zbrojna.pl\/home\/articleshow\/43393?t=-Baltic-Sentry-na-polskich-wodach\" target=\"_blank\" rel=\"nofollow noopener\">\u201eBaltic Sentry\u201d<\/a> to zaledwie jedno z d\u0142ugiej listy zada\u0144 realizowanych przez zesp\u00f3\u0142.<\/p>\n<p>\u2013 Zostali\u015bmy powo\u0142ani do tego, by walczy\u0107 z zagro\u017ceniem minowym. Dlatego \u0107wiczyli\u015bmy zwi\u0105zane z tym procedury \u2013 ca\u0142y \u0142a\u0144cuch MCM, pocz\u0105wszy od detekcji morskiego dna, identyfikacji i klasyfikacji znalezionych obiekt\u00f3w, a\u017c po ich neutralizacj\u0119 \u2013 wylicza kmdr por. Sterne. Okazj\u0105 by\u0142y sojusznicze manewry: <a href=\"https:\/\/polska-zbrojna.pl\/home\/articleshow\/46491?t=Baltyk-wspolna-sprawa\" target=\"_blank\" rel=\"nofollow noopener\">\u201eBaltops\u201d<\/a>, \u201eBaltic MCM\u201d, \u201eOpen Spirit\u201d, \u201eSteadfast Dart\u201d, za\u015b celem \u2013 zar\u00f3wno miny \u0107wiczebne, jak i autentyczne pozosta\u0142o\u015bci ostatnich wojen, kt\u00f3re zalegaj\u0105 na dnie i mog\u0105 stanowi\u0107 zagro\u017cenie dla \u017ceglugi.<\/p>\n<p>W czasie p\u00f3\u0142rocznej misji przez zesp\u00f3\u0142 przewin\u0119\u0142y si\u0119 okr\u0119ty z kilku pa\u0144stw NATO. \u2013 Pod moj\u0105 komend\u0119 wchodzi\u0142y niszczyciele min z Belgii, Estonii, Francji, Finlandii, Niemiec, Holandii i Norwegii. Dla nas by\u0142a to \u015bwietna okazja do budowania interoperacyjno\u015bci, ujednolicania procedur, s\u0142owem: zgrywania si\u0142. I wysz\u0142o to naprawd\u0119 nie\u017ale \u2013 zapewnia kmdr por. Sterne. Wa\u017cnym aspektem misji sta\u0142a si\u0119 te\u017c prezentacja bandery.<\/p>\n<p>Sam \u201eCzernicki\u201d \u0142\u0105cznie pokona\u0142 dystans 14\u00a0370 Mm, zawijaj\u0105c do 14 port\u00f3w w o\u015bmiu krajach. \u2013 Mieszka\u0144com odwiedzanych miast pokazywali\u015bmy, \u017ce NATO jest na miejscu, \u017ce czuwa, i jest gotowe do dzia\u0142ania \u2013 t\u0142umaczy oficer. Na pok\u0142adzie polskiego okr\u0119tu go\u015bcili przedstawiciele lokalnych w\u0142adz i marynarek wojennych NATO. Podczas postoju w Tallinie, marynarzy odwiedzi\u0142 te\u017c polski wicepremier i minister obrony narodowej W\u0142adys\u0142aw Kosiniak-Kamysz.<\/p>\n<p>Ostatnim akordem misji by\u0142a uroczysto\u015b\u0107, kt\u00f3ra kilka dni temu odby\u0142a si\u0119 w K\u0142ajpedzie. Kmdr por. Sterne przekaza\u0142 tam obowi\u0105zki swojemu litewskiemu nast\u0119pcy kmdr. por. Donatasowi Ge\u010dasowi. W miejsce \u201eIksa\u201d okr\u0119tem flagowym zosta\u0142 LNS \u201eJotvingis\u201d. Pr\u00f3cz niego na razie w SNMCMG1 operuj\u0105 dwa niszczyciele min \u2013 esto\u0144ski ENS \u201eUgandi\u201d i <a href=\"https:\/\/polska-zbrojna.pl\/home\/articleshow\/46671?t=ORP-Mewa-rozpoczyna-polroczny-dyzur-w-silach-NATO\" target=\"_blank\" rel=\"nofollow noopener\">polski ORP \u201eMewa\u201d<\/a>. Szefem mi\u0119dzynarodowego sztabu jest Polak \u2013 kmdr ppor. Tomasz Polak.<\/p>\n<p>Sam \u201eCzernicki\u201d wr\u00f3ci\u0142 dzi\u015b do portu w \u015awinouj\u015bciu. \u2013 Dzi\u0119ki misji zdobyli\u015bmy ogromn\u0105 wiedz\u0119 i do\u015bwiadczenie. Mo\u017cna powiedzie\u0107, \u017ce wracamy do Polski z zupe\u0142nie innymi lud\u017ami ni\u017c opuszczali\u015bmy j\u0105 p\u00f3\u0142 roku temu \u2013 zaznacza kmdr por. Sterne. \u2013 Po raz kolejny udowodnili\u015bmy te\u017c, \u017ce Polska w NATO jest nie tylko biorc\u0105 bezpiecze\u0144stwa, ale te\u017c jego dawc\u0105 \u2013 dodaje oficer.<\/p>\n<p>W podobnym tonie wypowiada si\u0119 kadm. Piotr Sikora, do niedawna dow\u00f3dca <a href=\"https:\/\/www.polska-zbrojna.pl\/home\/articleshow\/46240?t=Swieto-8-Flotylli-Obrony-Wybrzeza\" target=\"_blank\" rel=\"nofollow noopener\">8 Flotylli Obrony Wybrze\u017ca<\/a>, a od wczoraj <a href=\"https:\/\/polska-zbrojna.pl\/home\/articleshow\/46507?t=Kosiniak-Kamysz-u-marynarzy-z-8-Flotylli\" target=\"_blank\" rel=\"nofollow noopener\">zast\u0119pca dow\u00f3dcy operacyjnego RSZ<\/a>. \u2013 Wydzielanie do zespo\u0142u okr\u0119tu dowodzenia z polskim sztabem jest niezmiernie wa\u017cne. Mo\u017cna powiedzie\u0107, \u017ce to polska racja stanu. Tak\u017ce dlatego, \u017ce taka misja pozwala kszta\u0142ci\u0107 fachowc\u00f3w, otwiera im drog\u0119 do pracy w mi\u0119dzynarodowym otoczeniu, do codziennego korzystania z procedur NATO. To atut, kt\u00f3ry trudno przeceni\u0107 \u2013 podkre\u015bla kadm. Sikora.<\/p>\n<p>&#13;<br \/>\n  <img loading=\"lazy\" decoding=\"async\" src=\"https:\/\/www.europesays.com\/pl\/wp-content\/uploads\/2026\/07\/110416.jpeg\" alt=\"\" width=\"800\" height=\"533\"\/>&#13;\n<\/p>\n<p>Tymczasem dzisiejsze powitanie \u201eCzernickiego\u201d by\u0142o tak\u017ce okazj\u0105 do przekazania dowodzenia nad 8 FOW. Kadm. Sikora dowodzi\u0142 flotyll\u0105 przez ponad trzy lata. \u2013 To by\u0142 bardzo owocny i pracowity czas. Uda\u0142o si\u0119 zrealizowa\u0107 wiele projekt\u00f3w \u2013 przyznaje. W tym czasie z flotylli na misje wyrusza\u0142y a\u017c cztery kontyngenty.<\/p>\n<p>Sam \u201eCzernicki\u201d do zespo\u0142u do\u0142\u0105cza\u0142 dwukrotnie. Raz towarzyszy\u0142y mu dwa tra\u0142owce. Innym razem <a href=\"https:\/\/polska-zbrojna.pl\/home\/articleshow\/45496?t=PKW-Notec-koniec-misji\" target=\"_blank\" rel=\"nofollow noopener\">pod flag\u0105 NATO operowa\u0142 tra\u0142owiec ORP \u201eNecko\u201d<\/a> (PKW \u201eNote\u0107\u201d), a od wczoraj w zespole jest niszczyciel min ORP \u201eMewa\u201d (PKW \u201eKormoran\u201d). Na pok\u0142adzie \u201eCzernickiego\u201d dwukrotnie zaokr\u0119towane by\u0142y mi\u0119dzynarodowe sztaby pod dow\u00f3dztwem polskich oficer\u00f3w. Okr\u0119ty 8 FOW bra\u0142y te\u017c udzia\u0142 w polskiej operacji \u201eZatoka\u201d, kt\u00f3ra polega na monitoringu infrastruktury krytycznej.<\/p>\n<p>Z kolei w \u015bwinoujskim porcie wojennym prowadzone by\u0142y liczne inwestycje. Mia\u0142y one zwi\u0105zek cho\u0107by z planowanym przyj\u0119ciem do s\u0142u\u017cby kolejnych <a href=\"https:\/\/www.polska-zbrojna.pl\/home\/articleshow\/42952?t=-Czajka-na-stepce\" target=\"_blank\" rel=\"nofollow noopener\">niszczycieli min typu Kormoran II<\/a>. \u2013 Rozpocz\u0119li\u015bmy gruntown\u0105 modernizacj\u0119 tra\u0142owc\u00f3w projektu 207, a tak\u017ce zmiany organizacyjne w 12 i 13 Dywizjonie Tra\u0142owc\u00f3w. W niedalekiej przysz\u0142o\u015bci stan\u0105 si\u0119 one bli\u017aniaczymi jednostkami, przygotowanymi do szerokiego spektrum dzia\u0142a\u0144 zwi\u0105zanych z obron\u0105 przeciwminow\u0105 \u2013 zaznacza kadm. Sikora.<\/p>\n<p>Za kadencji ust\u0119puj\u0105cego dow\u00f3dcy rozpocz\u0119\u0142y si\u0119 te\u017c prace nad postawieniem w \u015awinouj\u015bciu pomnika, kt\u00f3ry upami\u0119tni wysi\u0142ek polskiej marynarki wojennej podczas II wojny \u015bwiatowej. \u2013 \u017badnego z tych projekt\u00f3w nie uda\u0142oby si\u0119 jednak zrealizowa\u0107 bez wielkiego grona ludzi. To oni s\u0105 najwi\u0119kszym kapita\u0142em 8 FOW i marynarki wojennej \u2013 podsumowuje kadm. Sikora.<\/p>\n<p>W podobnym tonie wypowiada\u0142 si\u0119 kmdr Artur Ko\u0142aczy\u0144ski, \u015bwie\u017co upieczony dow\u00f3dca 8 FOW, kt\u00f3ry do \u015awinouj\u015bcia przyszed\u0142 z Centrum Operacji Morskich \u2013 Dow\u00f3dztwa Komponentu Morskiego w Gdyni. \u2013 O potencjale i energii s\u0142u\u017c\u0105cych tu ludzi s\u0142ysza\u0142em mn\u00f3stwo ciep\u0142ych s\u0142\u00f3w. A moi poprzednicy wykonali tutaj taki ogrom pracy, \u017ce ja mog\u0119 po prostu odda\u0107 si\u0119 przyjemno\u015bci dowodzenia \u2013 u\u015bmiecha si\u0119 oficer. Zaraz jednak przyznaje, \u017ce pracy przed nim sporo. \u2013 Wa\u017cna b\u0119dzie dalsza modernizacja portu, a tak\u017ce przyj\u0119cie do s\u0142u\u017cby nowych okr\u0119t\u00f3w. Z takim zespo\u0142em na pewno sobie z tym jednak znakomicie poradzimy \u2013 podsumowuje kmdr Ko\u0142aczy\u0144ski.<\/p>\n","protected":false},"excerpt":{"rendered":"\u00a0 &#13; Brali udzia\u0142 w najwa\u017cniejszych \u0107wiczeniach NATO na Ba\u0142tyku i operacji \u201eBaltic Sentry\u201d. Przebyli dystans niemal 15&hellip;\n","protected":false},"author":2,"featured_media":531461,"comment_status":"","ping_status":"","sticky":false,"template":"","format":"standard","meta":{"footnotes":"","_share_on_mastodon":"0"},"categories":[12],"tags":[64411,2891,425,9114,103911,23206,8660,53775,160,52570,18211,365,60561,42,38,2279,40,39,50002,52571,41,3150,1030,55892,16864,22721,60564,103910,16506,28760,161,5041,52569,6573],"class_list":["post-531460","post","type-post","status-publish","format-standard","has-post-thumbnail","category-polska","tag-8-flotylla-obrony-wybrzeza","tag-armia","tag-bezpieczenstwo","tag-czolg","tag-kolaczynski","tag-marynarka-wojenna","tag-ministerstwo-obrony-narodowej","tag-misje","tag-nato","tag-obrona-narodowa","tag-oficer","tag-okret","tag-orp-kontradmiral-xawery-czernicki","tag-pl","tag-poland","tag-poligon","tag-polish","tag-polska","tag-polska-zbrojna","tag-polska-zbrojna-pl","tag-polski","tag-relacja","tag-samolot","tag-sikora","tag-sily-powietrzne","tag-sluzba-wojskowa","tag-snmcmg1","tag-sterne","tag-swinoujscie","tag-wojska-ladowe","tag-wojsko","tag-wojsko-polskie","tag-zawodowy","tag-zolnierz"],"share_on_mastodon":{"url":"https:\/\/pubeurope.com\/@pl\/116852735094848521","error":""},"_links":{"self":[{"href":"https:\/\/www.europesays.com\/pl\/wp-json\/wp\/v2\/posts\/531460","targetHints":{"allow":["GET"]}}],"collection":[{"href":"https:\/\/www.europesays.com\/pl\/wp-json\/wp\/v2\/posts"}],"about":[{"href":"https:\/\/www.europesays.com\/pl\/wp-json\/wp\/v2\/types\/post"}],"author":[{"embeddable":true,"href":"https:\/\/www.europesays.com\/pl\/wp-json\/wp\/v2\/users\/2"}],"replies":[{"embeddable":true,"href":"https:\/\/www.europesays.com\/pl\/wp-json\/wp\/v2\/comments?post=531460"}],"version-history":[{"count":0,"href":"https:\/\/www.europesays.com\/pl\/wp-json\/wp\/v2\/posts\/531460\/revisions"}],"wp:featuredmedia":[{"embeddable":true,"href":"https:\/\/www.europesays.com\/pl\/wp-json\/wp\/v2\/media\/531461"}],"wp:attachment":[{"href":"https:\/\/www.europesays.com\/pl\/wp-json\/wp\/v2\/media?parent=531460"}],"wp:term":[{"taxonomy":"category","embeddable":true,"href":"https:\/\/www.europesays.com\/pl\/wp-json\/wp\/v2\/categories?post=531460"},{"taxonomy":"post_tag","embeddable":true,"href":"https:\/\/www.europesays.com\/pl\/wp-json\/wp\/v2\/tags?post=531460"}],"curies":[{"name":"wp","href":"https:\/\/api.w.org\/{rel}","templated":true}]}}