{"id":531691,"date":"2026-07-03T00:57:16","date_gmt":"2026-07-03T00:57:16","guid":{"rendered":"https:\/\/www.europesays.com\/pl\/531691\/"},"modified":"2026-07-03T00:57:16","modified_gmt":"2026-07-03T00:57:16","slug":"karol-nawrocki-zawetowal-ustawe-o-prawach-ucznia-z-men-plynie-krytyka","status":"publish","type":"post","link":"https:\/\/www.europesays.com\/pl\/531691\/","title":{"rendered":"Karol Nawrocki zawetowa\u0142 ustaw\u0119 o prawach ucznia. Z MEN p\u0142ynie krytyka"},"content":{"rendered":"<p>Nowelizacja ustawy \u2014 Prawo o\u015bwiatowe, ustawy o systemie o\u015bwiaty oraz niekt\u00f3rych innych ustaw mia\u0142a uporz\u0105dkowa\u0107 przepisy dotycz\u0105ce praw i obowi\u0105zk\u00f3w uczni\u00f3w oraz powo\u0142a\u0107 rzecznik\u00f3w praw uczniowskich na r\u00f3\u017cnych szczeblach.<\/p>\n<p> Dalszy ci\u0105g artyku\u0142u pod materia\u0142em wideo Prezydent Nawrocki zawetowa\u0142 ustaw\u0119 MEN. &#8222;Przekszta\u0142ca szko\u0142y w prokuratur\u0119&#8221;<\/p>\n<p>Celem ustawy by\u0142o zwi\u0119kszenie ochrony praw m\u0142odych ludzi i poprawa przejrzysto\u015bci zasad w szko\u0142ach.<\/p>\n<p>Czytaj tak\u017ce: <a href=\"https:\/\/www.onet.pl\/informacje\/newsweek\/weto-bylo-oczywiste-kulisy-decyzji-karola-nawrockiego\/es626rq,452ad802\" id=\"c285e295-017c-4ad3-8ce8-a1bdb934abb4\" rel=\"nofollow noopener\" target=\"_blank\">Ta ustawa nie mia\u0142a szans na podpis. Karol Nawrocki z\u0142ama\u0142 schemat<\/a>Prezydent Nawrocki argumentowa\u0142, \u017ce cho\u0107 nie kwestionuje potrzeby ochrony praw uczni\u00f3w, to ustawa prowadzi\u0142aby do nadmiernej biurokracji i ideologizacji szk\u00f3\u0142. \u2014 To b\u0119dzie szkolna prokuratura od tropienia anonimowych donos\u00f3w i budowania systemu antagonizowania, a nie wsp\u00f3\u0142pracy \u015brodowiska szkolnego \u2014 stwierdzi\u0142 prezydent, <a href=\"https:\/\/wiadomosci.onet.pl\/kraj\/karol-nawrocki-zawetowal-dwie-ustawy-zamiescil-nagranie\/p39dnme\" id=\"34c17633-eaf5-4ac9-9c56-ada5d34b9049\" rel=\"nofollow noopener\" target=\"_blank\">og\u0142aszaj\u0105c decyzj\u0119 o wecie<\/a>.     Ministra edukacji krytykuje weto. &#8222;Nie chce, by m\u0142odzi byli \u015bwiadomi&#8221;<\/p>\n<p>Decyzj\u0119 prezydenta skomentowa\u0142a na X ministra edukacji Barbara Nowacka. &#8222;Wetomat Nawrockiego tym razem uderzy\u0142 w postulat m\u0142odych i wielu edukacyjnych organizacji pozarz\u0105dowych \u2014 oceni\u0142a.<\/p>\n<p>Podkre\u015bli\u0142a, \u017ce ustawa &#8222;wprowadza\u0142a porz\u0105dek w przepisach, dawa\u0142a jasny katalog praw i obowi\u0105zk\u00f3w ucznia w polskiej szkole i poprawia\u0142a obecne m\u0119tne przepisy mi\u0119dzy innymi dotycz\u0105ce kar i nieobecno\u015bci&#8221;.<\/p>\n<p>     Czytaj tak\u017ce: <a href=\"https:\/\/kobieta.onet.pl\/dziecko\/przemoc-rowiesnicza-dotyka-najmlodszych-uderzyla-corke-w-twarz\/sqz8n2g\" id=\"7e98edf9-d24a-4d62-9688-c3a62e55983c\" rel=\"nofollow noopener\" target=\"_blank\">Sz\u0142a z dziewi\u0119ciolatkiem do szko\u0142y. &#8222;Syn nagle p\u0119k\u0142&#8221;<\/a><\/p>\n<p>&#8222;Polityczne \u015brodowisko PiS i Prezydenta nie chce, by m\u0142odzi byli \u015bwiadomi, nie chce, by znali swoje prawa i obowi\u0105zki. Nie s\u0142ucha ich g\u0142osu. Nie dzia\u0142a na rzecz wsparcia dzieci i m\u0142odzie\u017cy. Niby znamy to od tylu lat, a za ka\u017cdym razem przykro na to patrze\u0107, \u017ce widz\u0105 m\u0142ode osoby jedynie jako t\u0142o na konwencjach w kampanii wyborczej&#8221; \u2014 napisa\u0142a ministra edukacji na X.<\/p>\n<p> MEN broni zawetownej ustawy     <\/p>\n<p>Z kolei wiceministra edukacji Katarzyna Lubnauer w rozmowie z PAP oceni\u0142a, \u017ce &#8222;pan prezydent jest prawdziwym siewc\u0105 destrukcji&#8221;. \u2014 Po raz kolejny wykaza\u0142, \u017ce jest mu bli\u017csze spojrzenie prawicowych populist\u00f3w przeciwko prawom uczni\u00f3w, w tym tych pe\u0142noletnich \u2014 powiedzia\u0142a.<\/p>\n<p>Wiceszefowa MEN podkre\u015bli\u0142a, \u017ce ustawa &#8222;porz\u0105dkowa\u0142a pewne rzeczy, je\u015bli chodzi o katalog praw i obowi\u0105zk\u00f3w uczni\u00f3w, wprowadza\u0142a te\u017c katalog kar&#8221;. Wskaza\u0142a r\u00f3wnie\u017c, \u017ce nowela, wprowadzaj\u0105c sie\u0107 rzecznik\u00f3w praw uczniowskich, &#8222;mia\u0142a szans\u0119 rozwi\u0105zywa\u0107 wiele problem\u00f3w w drodze mediacji na terenie szko\u0142y&#8221;.<\/p>\n<p>Zaznaczy\u0142a, \u017ce &#8222;nie wie, gdzie Prezydent dostrzeg\u0142 ideologi\u0119&#8221;. \u2014 Czy w uporz\u0105dkowaniu kwestii stroju uczni\u00f3w, uszczelnienia procedury usprawiedliwiania nieobecno\u015bci, czy katalogu kar dla uczni\u00f3w \u2014 doda\u0142a.<\/p>\n<p>Czytaj tak\u017ce: <a href=\"https:\/\/kobieta.onet.pl\/wiadomosci\/sejm-przyjal-ustawe-uczniowie-z-prawem-do-wlasnego-stroju-i-wygladu\/yhz0w7q\" id=\"f2c998c7-0a88-4f3d-85b1-5c3e3a3304cf\" rel=\"nofollow noopener\" target=\"_blank\">Sejm za ustaw\u0105 o prawach ucznia. PiS m\u00f3wi\u0142 o &#8222;zamachu na polsk\u0105 szko\u0142\u0119&#8221;<\/a><\/p>\n<p>Zapytana, czy resort ma gotow\u0105 alternatyw\u0119 dla weta, odpar\u0142a: \u2014 Chcemy si\u0119 zapozna\u0107 z uzasadnieniem do weta, kt\u00f3re zapewne w najbli\u017cszym czasie b\u0119dzie przedstawione przez pana prezydenta.<\/p>\n","protected":false},"excerpt":{"rendered":"Nowelizacja ustawy \u2014 Prawo o\u015bwiatowe, ustawy o systemie o\u015bwiaty oraz niekt\u00f3rych innych ustaw mia\u0142a uporz\u0105dkowa\u0107 przepisy dotycz\u0105ce praw&hellip;\n","protected":false},"author":2,"featured_media":531692,"comment_status":"","ping_status":"","sticky":false,"template":"","format":"standard","meta":{"footnotes":"","_share_on_mastodon":"0"},"categories":[62712],"tags":[3769,61195,690,43,14625,5359,3031,48,46,47,925,8206,26],"class_list":["post-531691","post","type-post","status-publish","format-standard","has-post-thumbnail","category-karol-nawrocki","tag-barbara_nowacka","tag-bottomfeed_styl","tag-karol-nawrocki","tag-karol_nawrocki","tag-katarzyna_lubnauer","tag-men","tag-ministerstwo_edukacji_narodowej","tag-nat_styl","tag-omp","tag-screening_general","tag-szkola_nauczyciele_uczniowie","tag-weto","tag-wiadomosci"],"share_on_mastodon":{"url":"https:\/\/pubeurope.com\/@pl\/116853332084667779","error":""},"_links":{"self":[{"href":"https:\/\/www.europesays.com\/pl\/wp-json\/wp\/v2\/posts\/531691","targetHints":{"allow":["GET"]}}],"collection":[{"href":"https:\/\/www.europesays.com\/pl\/wp-json\/wp\/v2\/posts"}],"about":[{"href":"https:\/\/www.europesays.com\/pl\/wp-json\/wp\/v2\/types\/post"}],"author":[{"embeddable":true,"href":"https:\/\/www.europesays.com\/pl\/wp-json\/wp\/v2\/users\/2"}],"replies":[{"embeddable":true,"href":"https:\/\/www.europesays.com\/pl\/wp-json\/wp\/v2\/comments?post=531691"}],"version-history":[{"count":0,"href":"https:\/\/www.europesays.com\/pl\/wp-json\/wp\/v2\/posts\/531691\/revisions"}],"wp:featuredmedia":[{"embeddable":true,"href":"https:\/\/www.europesays.com\/pl\/wp-json\/wp\/v2\/media\/531692"}],"wp:attachment":[{"href":"https:\/\/www.europesays.com\/pl\/wp-json\/wp\/v2\/media?parent=531691"}],"wp:term":[{"taxonomy":"category","embeddable":true,"href":"https:\/\/www.europesays.com\/pl\/wp-json\/wp\/v2\/categories?post=531691"},{"taxonomy":"post_tag","embeddable":true,"href":"https:\/\/www.europesays.com\/pl\/wp-json\/wp\/v2\/tags?post=531691"}],"curies":[{"name":"wp","href":"https:\/\/api.w.org\/{rel}","templated":true}]}}