{"id":531846,"date":"2026-07-03T02:51:18","date_gmt":"2026-07-03T02:51:18","guid":{"rendered":"https:\/\/www.europesays.com\/pl\/531846\/"},"modified":"2026-07-03T02:51:18","modified_gmt":"2026-07-03T02:51:18","slug":"prezydent-jest-prawdziwym-siewca-destrukcji-burza-po-decyzji-nawrockiego","status":"publish","type":"post","link":"https:\/\/www.europesays.com\/pl\/531846\/","title":{"rendered":"\u201ePrezydent jest prawdziwym siewc\u0105 destrukcji&#8221;. Burza po decyzji Nawrockiego"},"content":{"rendered":"<p>Dlaczego prezydent Nawrocki zawetowa\u0142 ustaw\u0119.<\/p>\n<p>Jakie zmiany zak\u0142ada\u0142a nowelizacja ustawy dotycz\u0105cej praw uczni\u00f3w.<\/p>\n<p>Co s\u0105dz\u0105 przedstawiciele MEN o decyzji prezydenta Nawrockiego.<\/p>\n<p>    <a name=\"eztoc42161850_0_7\" id=\"eztoc42161850_0_7\"\/>Nawrocki zawetowa\u0142 dwie ustawy. Ostra krytyka ze strony MEN<\/p>\n<p>\n<a href=\"https:\/\/wiadomosci.radiozet.pl\/polityka\/prezydent-karol-nawrocki-zawetowal-dwie-ustawy-podjalem-decyzje\" target=\"_self\" rel=\"dofollow noopener\">Prezydent Karol Nawrocki<\/a> przekaza\u0142 w czwartek, \u017ce zawetowa\u0142 nowelizacj\u0119 ustawy \u2013 Prawo o\u015bwiatowe, ustawy o systemie o\u015bwiaty oraz niekt\u00f3rych innych ustaw \u2013 tzw. ustaw\u0119 o prawach i obowi\u0105zkach ucznia. Przewidywa\u0142a ona m.in. skatalogowanie praw i obowi\u0105zk\u00f3w uczniowskich oraz powo\u0142anie systemu organ\u00f3w ochrony praw uczniowskich (rzecznik\u00f3w na czterech szczeblach, m.in. krajowym i wojew\u00f3dzkim), w tym Krajowego Rzecznika Praw Uczniowskich.\u00a0<\/p>\n<p>Nawrocki podkre\u015bli\u0142, \u017ce \u201enie kwestionuje potrzeby ochrony praw uczni\u00f3w\u201d. \u2013 Wr\u0119cz przeciwnie. M\u0142odzi ludzie zas\u0142uguj\u0105 na bezpiecze\u0144stwo, ochron\u0119 i szacunek \u2013 zaznaczy\u0142. Tylko tu \u2013 oceni\u0142 \u2013 \u201enie chroni si\u0119 praw, a zwi\u0119ksza biurokracj\u0119 i zmierza do ideologizacji\u201d. \u2013 To b\u0119dzie szkolna prokuratura od tropienia anonimowych donos\u00f3w i budowania systemu antagonizowania, a nie wsp\u00f3\u0142pracy \u015brodowiska szkolnego \u2013 argumentowa\u0142. Decyzja prezydenta wywo\u0142a\u0142a lawin\u0119 komentarzy. G\u0142os w sprawie zabra\u0142a m.in. ministra edukacji Barbara Nowacka.\u00a0<\/p>\n<p><a name=\"eztoc42161850_0_8\" id=\"eztoc42161850_0_8\"\/>Nowacka ostro o \u201ewetomacie Nawrockiego&#8221;<\/p>\n<p>\u201eWetomat Nawrockiego tym razem uderzy\u0142 w postulat m\u0142odych i wielu edukacyjnych organizacji pozarz\u0105dowych \u2013 ustaw\u0119 o prawach i obowi\u0105zkach ucznia i Rzeczniku Praw Uczniowskich. Ustawy kt\u00f3ra wprowadza\u0142a porz\u0105dek w przepisach, dawa\u0142a jasny katalog praw i obowi\u0105zk\u00f3w ucznia w polskiej szkole i poprawia\u0142a obecne m\u0119tne przepisy mi\u0119dzy innymi dotycz\u0105ce kar i nieobecno\u015bci&#8221; \u2013 oceni\u0142a na X Nowacka. W dalszej cz\u0119\u015bci wpisu doda\u0142a, \u017ce polityczne\u00a0\u015brodowisko PiS i prezydenta \u201enie chce, by znali swoje prawa i obowi\u0105zki&#8221;. \u201eNie s\u0142ucha ich g\u0142osu. Nie dzia\u0142a na rzecz wsparcia dzieci i m\u0142odzie\u017cy&#8221; \u2013 doda\u0142a.<\/p>\n<p>Do sprawy odnios\u0142a si\u0119 r\u00f3wnie\u017c wiceministra edukacji Katarzyna Lubnauer. W rozmowie z PAP oceni\u0142a, \u017ce\u00a0\u201epan prezydent jest prawdziwym siewc\u0105 destrukcji\u201d. \u2013 Po raz kolejny wykaza\u0142, \u017ce jest mu bli\u017csze spojrzenie prawicowych populist\u00f3w przeciwko prawom uczni\u00f3w, w tym tych pe\u0142noletnich \u2013 powiedzia\u0142a.<\/p>\n<p>Doda\u0142a, \u017ce przedstawiciele prezydenta \u201enie uczestnicz\u0105 w komisjach, gdzie mogliby w du\u017cym stopniu wskazywa\u0107, jakie powinny by\u0107 zmiany w ustawie albo co uwa\u017caj\u0105, \u017ce powinno by\u0107 inaczej zapisane\u201d. \u2013\u00a0 Pan prezydent nie chce uczestniczy\u0107 w tym procesie, jego przedstawiciele nie uczestnicz\u0105 w posiedzeniach Komisji Edukacji i Nauki, a na ko\u0144cu wetuje masowo ustawy \u2013 zaznaczy\u0142a. Zdaniem wiceszefowej MEN\u00a0ustawa \u201eporz\u0105dkowa\u0142a pewne rzeczy, je\u015bli chodzi o katalog praw i obowi\u0105zk\u00f3w uczni\u00f3w, wprowadza\u0142a te\u017c katalog kar\u201d. Wskaza\u0142a r\u00f3wnie\u017c, \u017ce nowela, wprowadzaj\u0105c sie\u0107 rzecznik\u00f3w praw uczniowskich, \u201emia\u0142a szans\u0119 rozwi\u0105zywa\u0107 wiele problem\u00f3w w drodze mediacji na terenie szko\u0142y\u201d.<\/p>\n<p><a name=\"eztoc42161850_0_9\" id=\"eztoc42161850_0_9\"\/>Przeciw przepisom byli m.in. politycy opozycji<\/p>\n<p>Ustawa przewidywa\u0142a te\u017c m.in. zagwarantowanie uczniom ustawowego prawa do kszta\u0142towania w\u0142asnego wygl\u0105du.\u00a0Przeciw przepisom wypowiadali si\u0119 politycy opozycji czy nauczycielskie zwi\u0105zki zawodowe, kt\u00f3rych zastrze\u017cenia budzi\u0142o m.in. powo\u0142anie Krajowego Rzecznika Praw Uczniowskich.\u00a0Z kolei resort edukacji wielokrotnie przekonywa\u0142, \u017ce ustawa porz\u0105dkuje przepisy. Ministra edukacji Barbara Nowacka podkre\u015bla\u0142a, \u017ce ustawa \u201ew nikogo nie uderza\u201d. \u2013 Jest to element edukacji obywatelskiej, \u017ce m\u0142ody cz\u0142owiek wie, gdzie si\u0119gn\u0105\u0107 do swoich praw i obowi\u0105zk\u00f3w, zna i rozumie przepisy \u2013 powiedzia\u0142a.\u00a0Ustawa, z wyj\u0105tkami, mia\u0142a wej\u015b\u0107 w \u017cycie od 1 wrze\u015bnia 2026 r. <\/p>\n<p>\u0179r\u00f3d\u0142o: Radio ZET\/PAP<\/p>\n<p>By\u0142e\u015b \u015bwiadkiem czego\u015b niespodziewanego? Masz temat, kt\u00f3rym powinni\u015bmy si\u0119 zaj\u0105\u0107?<\/p>\n<p>Zg\u0142o\u015b spraw\u0119 przez <a href=\"https:\/\/wiadomosci.radiozet.pl\/czerwony-telefon\" target=\"_blank\" title=\"Czerwony telefon Radia Zet\" rel=\"nofollow noopener\">Czerwony telefon Radia ZET<\/a><\/p>\n","protected":false},"excerpt":{"rendered":"Dlaczego prezydent Nawrocki zawetowa\u0142 ustaw\u0119. Jakie zmiany zak\u0142ada\u0142a nowelizacja ustawy dotycz\u0105cej praw uczni\u00f3w. Co s\u0105dz\u0105 przedstawiciele MEN o&hellip;\n","protected":false},"author":2,"featured_media":531847,"comment_status":"","ping_status":"","sticky":false,"template":"","format":"standard","meta":{"footnotes":"","_share_on_mastodon":"0"},"categories":[62712],"tags":[11309,690,5359,8206,14122],"class_list":["post-531846","post","type-post","status-publish","format-standard","has-post-thumbnail","category-karol-nawrocki","tag-barbara-nowacka","tag-karol-nawrocki","tag-men","tag-weto","tag-weto-prezydenta"],"share_on_mastodon":{"url":"https:\/\/pubeurope.com\/@pl\/116853780185291472","error":""},"_links":{"self":[{"href":"https:\/\/www.europesays.com\/pl\/wp-json\/wp\/v2\/posts\/531846","targetHints":{"allow":["GET"]}}],"collection":[{"href":"https:\/\/www.europesays.com\/pl\/wp-json\/wp\/v2\/posts"}],"about":[{"href":"https:\/\/www.europesays.com\/pl\/wp-json\/wp\/v2\/types\/post"}],"author":[{"embeddable":true,"href":"https:\/\/www.europesays.com\/pl\/wp-json\/wp\/v2\/users\/2"}],"replies":[{"embeddable":true,"href":"https:\/\/www.europesays.com\/pl\/wp-json\/wp\/v2\/comments?post=531846"}],"version-history":[{"count":0,"href":"https:\/\/www.europesays.com\/pl\/wp-json\/wp\/v2\/posts\/531846\/revisions"}],"wp:featuredmedia":[{"embeddable":true,"href":"https:\/\/www.europesays.com\/pl\/wp-json\/wp\/v2\/media\/531847"}],"wp:attachment":[{"href":"https:\/\/www.europesays.com\/pl\/wp-json\/wp\/v2\/media?parent=531846"}],"wp:term":[{"taxonomy":"category","embeddable":true,"href":"https:\/\/www.europesays.com\/pl\/wp-json\/wp\/v2\/categories?post=531846"},{"taxonomy":"post_tag","embeddable":true,"href":"https:\/\/www.europesays.com\/pl\/wp-json\/wp\/v2\/tags?post=531846"}],"curies":[{"name":"wp","href":"https:\/\/api.w.org\/{rel}","templated":true}]}}