{"id":532798,"date":"2026-07-03T13:27:18","date_gmt":"2026-07-03T13:27:18","guid":{"rendered":"https:\/\/www.europesays.com\/pl\/532798\/"},"modified":"2026-07-03T13:27:18","modified_gmt":"2026-07-03T13:27:18","slug":"bezpieczniej-miedzy-knyszynem-a-krypnem-powstanie-nowa-droga-aktualnosci-wiadomosci-bialystok-online-portal-miejski-bialystok-bialystok","status":"publish","type":"post","link":"https:\/\/www.europesays.com\/pl\/532798\/","title":{"rendered":"Bezpieczniej mi\u0119dzy Knyszynem a Krypnem. Powstanie nowa droga, Aktualno\u015bci, Wiadomo\u015bci Bia\u0142ystok Online Portal Miejski Bia\u0142ystok (Bialystok)"},"content":{"rendered":"\n<p>            <img decoding=\"async\" class=\"art-figimg\" src=\"https:\/\/www.europesays.com\/pl\/wp-content\/uploads\/2026\/07\/149892-e.jpg\" width=\"375\" height=\"250\" alt=\"Bezpieczniej mi\u0119dzy Knyszynem a Krypnem. Powstanie nowa droga\" loading=\"lazy\" fetchpriority=\"high\"\/><br \/>\n            Fot: Pawe\u0142 Krukowski \/ UW<\/p>\n<p class=\"art-lid\">Mieszka\u0144cy gmin Knyszyn i Krypno zyskaj\u0105 bezpieczne po\u0142\u0105czenie. W pi\u0105tek (3 lipca) zosta\u0142a oficjalnie podpisana umowa na zaprojektowanie blisko 6-kilometrowej drogi dla pieszych i rower\u00f3w. Nowa trasa powstanie wzd\u0142u\u017c drogi wojew\u00f3dzkiej nr 671.<\/p>\n<p class=\"art-cont\">Dokumentacja projektowa b\u0119dzie kosztowa\u0107 732 tys. z\u0142. Jej finansowanie to efekt wsp\u00f3\u0142pracy samorz\u0105d\u00f3w. Gminy Knyszyn i Krypno przeka\u017c\u0105 na ten cel po 200 tys. z\u0142.<\/p>\n<p>Koniec z niebezpiecznym poboczem<\/p>\n<p>Nowa droga o d\u0142ugo\u015bci oko\u0142o 5,8 km zostanie po\u0142\u0105czona z planowanym wiaduktem drogowym na skrzy\u017cowaniu z lini\u0105 kolejow\u0105 nr 38. Samorz\u0105dowcy podkre\u015blaj\u0105, \u017ce odseparowanie ludzi od ruchu samochodowego to na tym odcinku absolutny priorytet.<\/p>\n<p>\u2013 Budowa tej drogi przede wszystkim poprawi bezpiecze\u0144stwo, ale jednocze\u015bnie zwi\u0119kszy komfort codziennego przemieszczania si\u0119 mieszka\u0144c\u00f3w i stworzy lepsze warunki do aktywnego wypoczynku. Ciesz\u0119 si\u0119, \u017ce dzi\u0119ki wsp\u00f3\u0142pracy samorz\u0105d\u00f3w mo\u017cemy rozpocz\u0105\u0107 przygotowania do realizacji tego zadania \u2013 podkre\u015bli\u0142 wicemarsza\u0142ek Marek Malinowski.<\/p>\n<p>Podlaski Zarz\u0105d Dr\u00f3g Wojew\u00f3dzkich w Bia\u0142ymstoku, kt\u00f3ry prowadzi inwestycj\u0119, zwraca uwag\u0119 na popraw\u0119 jako\u015bci \u017cycia w regionie.<\/p>\n<p>\u2013 Oddzielenie ruchu pieszego i rowerowego od samochodowego jest szczeg\u00f3lnie wa\u017cne na odcinkach o du\u017cym nat\u0119\u017ceniu ruchu. Takie przedsi\u0119wzi\u0119cia podnosz\u0105 jako\u015b\u0107 \u017cycia mieszka\u0144c\u00f3w i wspieraj\u0105 rozw\u00f3j infrastruktury naszego regionu \u2013 zaznaczy\u0142 Bogdan Dyjuk, cz\u0142onek zarz\u0105du wojew\u00f3dztwa.<\/p>\n<p>Z kolei burmistrz Knyszyna wprost m\u00f3wi o realiach, z jakimi na co dzie\u0144 mierz\u0105 si\u0119 lokalni mieszka\u0144cy.<\/p>\n<p>\u2013 Obecnie mieszka\u0144cy poruszaj\u0105 si\u0119 wzd\u0142u\u017c w\u0105skiej jezdni o du\u017cym nat\u0119\u017ceniu ruchu, co stwarza realne zagro\u017cenie. Ciesz\u0119 si\u0119, \u017ce dzi\u0119ki wsp\u00f3\u0142pracy wszystkich samorz\u0105d\u00f3w uda\u0142o si\u0119 zrobi\u0107 pierwszy krok w kierunku realizacji tego przedsi\u0119wzi\u0119cia \u2013 powiedzia\u0142 burmistrz Krzysztof Chowa\u0144ski.<\/p>\n<p>Kto przygotuje projekt?<\/p>\n<p>Za stworzenie dokumentacji odpowiada bia\u0142ostocka firma SBKiM Wojciech Grzybowski. Projektanci maj\u0105 czas na wykonanie zadania do 13 listopada 2027 roku.<\/p>\n<p>Dopiero po zako\u0144czeniu tego etapu i uzyskaniu niezb\u0119dnych decyzji administracyjnych PZDW b\u0119dzie m\u00f3g\u0142 ruszy\u0107 z sam\u0105 budow\u0105 drogi. W pi\u0105tkowym spotkaniu wzi\u0119li udzia\u0142 r\u00f3wnie\u017c w\u00f3jt Krypna Marek Stankiewicz, dyrektor PZDW Krzysztof Barbachowski oraz jego zast\u0119pca ds. inwestycji Marcin Bielski.<\/p>\n<p class=\"art-autimg\">\n<p>                            <img decoding=\"async\" class=\"art-autimgi\" src=\"https:\/\/www.europesays.com\/pl\/wp-content\/uploads\/2026\/07\/1783075213_877_avatar_1x.jpg\" alt=\"Diana Rusi\u0142owicz\" width=\"64\" height=\"64\" loading=\"lazy\"\/><\/p>\n<p class=\"art-autname\">Diana Rusi\u0142owicz<\/p>\n<p>24@bialystokonline.pl<\/p>\n<p>Przeczytaj tak\u017ce<\/p>\n<p>&#13;<br \/>\n&#13;<br \/>\n&#13;<br \/>\n<img loading=\"lazy\" decoding=\"async\" src=\"https:\/\/www.europesays.com\/pl\/wp-content\/uploads\/2026\/07\/1783085238_653_adlog.gif\" width=\"0\" height=\"0\" alt=\"\" style=\"width: 0px; height: 0px;\"\/><\/p>\n<p>Popularne dzisiaj<\/p>\n","protected":false},"excerpt":{"rendered":"Fot: Pawe\u0142 Krukowski \/ UW Mieszka\u0144cy gmin Knyszyn i Krypno zyskaj\u0105 bezpieczne po\u0142\u0105czenie. W pi\u0105tek (3 lipca) zosta\u0142a&hellip;\n","protected":false},"author":2,"featured_media":532799,"comment_status":"","ping_status":"","sticky":false,"template":"","format":"standard","meta":{"footnotes":"","_share_on_mastodon":"0"},"categories":[51614],"tags":[104232,2151,51731,113,51730,3754,51738,51735,4041,1096,1089,399,2610,17334,51736,104233,2921,104234,3840,51734,8736,1232,120,104235,7116,17265,19285,42,5083,38,40,39,41,6309,1756,8815,38950,123,800,4278,1323,51737,2879,253],"class_list":["post-532798","post","type-post","status-publish","format-standard","has-post-thumbnail","category-bialystok","tag-bezpieczniej-miedzy-knyszynem-a-krypnem-powstanie-nowa-droga","tag-bialystok","tag-bialystokonline","tag-biznes","tag-bstok","tag-dom","tag-drobne","tag-firm","tag-firmy","tag-hotele","tag-imprezy","tag-informacje","tag-inwestycja","tag-katalog","tag-kina","tag-knyszyn","tag-koncert","tag-krypno","tag-lokale","tag-miejski","tag-mieszkanie","tag-motoryzacja","tag-nauka","tag-nowa-drogaaktualnosci","tag-ogloszenia","tag-on-line","tag-online","tag-pl","tag-podlasie","tag-poland","tag-polish","tag-polska","tag-polski","tag-portal","tag-praca","tag-repertuar","tag-rozklad","tag-rozrywka","tag-teatr","tag-turystyka","tag-uroda","tag-urzedy","tag-zakupy","tag-zdrowie"],"share_on_mastodon":{"url":"","error":"Validation failed: Text character limit of 500 exceeded"},"_links":{"self":[{"href":"https:\/\/www.europesays.com\/pl\/wp-json\/wp\/v2\/posts\/532798","targetHints":{"allow":["GET"]}}],"collection":[{"href":"https:\/\/www.europesays.com\/pl\/wp-json\/wp\/v2\/posts"}],"about":[{"href":"https:\/\/www.europesays.com\/pl\/wp-json\/wp\/v2\/types\/post"}],"author":[{"embeddable":true,"href":"https:\/\/www.europesays.com\/pl\/wp-json\/wp\/v2\/users\/2"}],"replies":[{"embeddable":true,"href":"https:\/\/www.europesays.com\/pl\/wp-json\/wp\/v2\/comments?post=532798"}],"version-history":[{"count":0,"href":"https:\/\/www.europesays.com\/pl\/wp-json\/wp\/v2\/posts\/532798\/revisions"}],"wp:featuredmedia":[{"embeddable":true,"href":"https:\/\/www.europesays.com\/pl\/wp-json\/wp\/v2\/media\/532799"}],"wp:attachment":[{"href":"https:\/\/www.europesays.com\/pl\/wp-json\/wp\/v2\/media?parent=532798"}],"wp:term":[{"taxonomy":"category","embeddable":true,"href":"https:\/\/www.europesays.com\/pl\/wp-json\/wp\/v2\/categories?post=532798"},{"taxonomy":"post_tag","embeddable":true,"href":"https:\/\/www.europesays.com\/pl\/wp-json\/wp\/v2\/tags?post=532798"}],"curies":[{"name":"wp","href":"https:\/\/api.w.org\/{rel}","templated":true}]}}