{"id":532914,"date":"2026-07-03T14:33:19","date_gmt":"2026-07-03T14:33:19","guid":{"rendered":"https:\/\/www.europesays.com\/pl\/532914\/"},"modified":"2026-07-03T14:33:19","modified_gmt":"2026-07-03T14:33:19","slug":"spoldzielnia-pracy-dawida-kacprzyka-przyszedl-z-plikiem-cv-w-rece","status":"publish","type":"post","link":"https:\/\/www.europesays.com\/pl\/532914\/","title":{"rendered":"Sp\u00f3\u0142dzielnia pracy&#8221; Dawida Kacprzyka. &#8222;Przyszed\u0142 z plikiem CV w r\u0119ce"},"content":{"rendered":"<p>Kryzys wybuch\u0142 z pe\u0142n\u0105 si\u0142\u0105 na pocz\u0105tku lutego, gdy cz\u0119\u015b\u0107 personelu medycznego Szpitalnego Oddzia\u0142u Ratunkowego (SOR) nie stawi\u0142a si\u0119 do pracy. Jak ustali\u0142a &#8222;Rzeczpospolita&#8221;, sytuacja by\u0142a pok\u0142osiem pisma, kt\u00f3re 30 stycznia skierowa\u0142 do prezes plac\u00f3wki \u00f3wczesny koordynator oddzia\u0142u, Marek Marecki.<\/p>\n<p> Dalszy ci\u0105g artyku\u0142u pod materia\u0142em wideo <\/p>\n<p>Medyk poinformowa\u0142 zarz\u0105d, \u017ce od 2 lutego lekarze przestan\u0105 opieka\u0107 si\u0119 pacjentami. Powodem mia\u0142o by\u0107 permanentne poczucie zagro\u017cenia zdrowia chorych oraz samych lekarzy. Wed\u0142ug relacji Mareckiego, personel by\u0142 wypalony zawodowo, pracowa\u0142 pod presj\u0105 kar i musia\u0142 mierzy\u0107 si\u0119 z nieograniczonym nap\u0142ywem pacjent\u00f3w przy jednoczesnych ograniczeniach w przyjmowaniu ich na inne oddzia\u0142y po diagnostyce.<\/p>\n<p>     Chaos na oddziale i jedna ofiara \u015bmiertelna<\/p>\n<p>Skutki protestu by\u0142y natychmiastowe. Jak opisuje &#8222;Rzeczpospolita&#8221;, 2 lutego na zmian\u0119 dzienn\u0105 nie przysz\u0142o trzech lekarzy, a na nocn\u0105 \u2014 kolejnych czterech. Tego dnia przez oddzia\u0142 przewin\u0119\u0142o si\u0119 a\u017c 353 pacjent\u00f3w, z czego 73 przywieziono karetkami. Jedna osoba zmar\u0142a.<\/p>\n<p>Reakcja w\u0142adz szpitala by\u0142a radykalna. Osiem os\u00f3b, kt\u00f3re nie stawi\u0142o si\u0119 na dy\u017cury, dyscyplinarnie straci\u0142o prac\u0119. Szpital argumentowa\u0142, \u017ce ich zachowanie stanowi\u0142o &#8222;istotne naruszenie obowi\u0105zk\u00f3w&#8221; i nara\u017ca\u0142o \u017cycie pacjent\u00f3w. Zarz\u0105d zaprzeczy\u0142 te\u017c, jakoby wobec medyk\u00f3w stosowano gro\u017aby lub sankcje, o kt\u00f3rych pisa\u0142 w swoim pi\u015bmie Marecki.<\/p>\n<p> Jak prosektor Szpitala Po\u0142udniowego handlowa\u0142 zw\u0142okami. Ujawniamy kulisy   <img class=\"ods-a-photo ods-a-photo--background\" src=\"https:\/\/www.europesays.com\/pl\/wp-content\/uploads\/2026\/07\/1783059312_482_0yYk9lBaHR0cHM6Ly9vY2RuLmV1L3B1bHNjbXMvTURBXy81MWZkZGI1OGUyNTAxMzdmMTdmNDdhNGRmMTU4ZjAwZS5wbmeRlQLNA.jpeg\" height=\"251\" width=\"450\" loading=\"lazy\" fetchpriority=\"low\" decoding=\"async\"\/>  <\/p>\n<p>W momencie najwi\u0119kszego kryzysu, jak twierdzi &#8222;Rzeczpospolita&#8221;, do akcji wkroczy\u0142 Dawid Kacprzyk. 28-letni lekarz w trakcie specjalizacji i radny Koalicji Obywatelskiej obieca\u0142 dyrekcji, \u017ce przyprowadzi now\u0105 obsad\u0119. Wed\u0142ug relacji \u015bwiadk\u00f3w pojawi\u0142 si\u0119 w plac\u00f3wce z &#8222;plikiem 40 CV na start&#8221;, tworz\u0105c swoist\u0105 &#8222;sp\u00f3\u0142dzielni\u0119 pracy&#8221;. Zarz\u0105d mia\u0142 skorzysta\u0107 z sieci jego kontakt\u00f3w.<\/p>\n<p>Konflikt w Szpitalu Br\u00f3dnowskim ma r\u00f3wnie\u017c sw\u00f3j wymiar polityczny. W\u0142a\u015bcicielem plac\u00f3wki jest Wojew\u00f3dztwo Mazowieckie, a kluczowe postacie sporu s\u0105 zwi\u0105zane z ugrupowaniami politycznymi: Dawid Kacprzyk to radny KO, Teresa Bogiel, prezes szpitala, startowa\u0142a w wyborach z list Trzeciej Drogi i PSL, a Marek Marecki, by\u0142y koordynator SOR, r\u00f3wnie\u017c kandydowa\u0142 do Sejmu z list Trzeciej Drogi.<\/p>\n<p>Szpital Br\u00f3dnowski pozostaje jednym z najbardziej obci\u0105\u017conych w Warszawie, zabezpieczaj\u0105c ok. 450 tys. mieszka\u0144c\u00f3w. Tylko w zesz\u0142ym roku przyj\u0105\u0142 ponad 37 tys. pacjent\u00f3w.<\/p>\n","protected":false},"excerpt":{"rendered":"Kryzys wybuch\u0142 z pe\u0142n\u0105 si\u0142\u0105 na pocz\u0105tku lutego, gdy cz\u0119\u015b\u0107 personelu medycznego Szpitalnego Oddzia\u0142u Ratunkowego (SOR) nie stawi\u0142a&hellip;\n","protected":false},"author":2,"featured_media":532915,"comment_status":"","ping_status":"","sticky":false,"template":"","format":"standard","meta":{"footnotes":"","_share_on_mastodon":"0"},"categories":[51605],"tags":[61195,104278,7210,20253,48,5354,46,55,42,38,40,39,41,47,11479,435],"class_list":["post-532914","post","type-post","status-publish","format-standard","has-post-thumbnail","category-warszawa","tag-bottomfeed_styl","tag-cv","tag-koalicja_obywatelska","tag-naczelna_rada_lekarska","tag-nat_styl","tag-ochrona_zdrowia","tag-omp","tag-phx","tag-pl","tag-poland","tag-polish","tag-polska","tag-polski","tag-screening_general","tag-sor","tag-warszawa"],"share_on_mastodon":{"url":"https:\/\/pubeurope.com\/@pl\/116856540752580232","error":""},"_links":{"self":[{"href":"https:\/\/www.europesays.com\/pl\/wp-json\/wp\/v2\/posts\/532914","targetHints":{"allow":["GET"]}}],"collection":[{"href":"https:\/\/www.europesays.com\/pl\/wp-json\/wp\/v2\/posts"}],"about":[{"href":"https:\/\/www.europesays.com\/pl\/wp-json\/wp\/v2\/types\/post"}],"author":[{"embeddable":true,"href":"https:\/\/www.europesays.com\/pl\/wp-json\/wp\/v2\/users\/2"}],"replies":[{"embeddable":true,"href":"https:\/\/www.europesays.com\/pl\/wp-json\/wp\/v2\/comments?post=532914"}],"version-history":[{"count":0,"href":"https:\/\/www.europesays.com\/pl\/wp-json\/wp\/v2\/posts\/532914\/revisions"}],"wp:featuredmedia":[{"embeddable":true,"href":"https:\/\/www.europesays.com\/pl\/wp-json\/wp\/v2\/media\/532915"}],"wp:attachment":[{"href":"https:\/\/www.europesays.com\/pl\/wp-json\/wp\/v2\/media?parent=532914"}],"wp:term":[{"taxonomy":"category","embeddable":true,"href":"https:\/\/www.europesays.com\/pl\/wp-json\/wp\/v2\/categories?post=532914"},{"taxonomy":"post_tag","embeddable":true,"href":"https:\/\/www.europesays.com\/pl\/wp-json\/wp\/v2\/tags?post=532914"}],"curies":[{"name":"wp","href":"https:\/\/api.w.org\/{rel}","templated":true}]}}