{"id":533134,"date":"2026-07-03T16:36:09","date_gmt":"2026-07-03T16:36:09","guid":{"rendered":"https:\/\/www.europesays.com\/pl\/533134\/"},"modified":"2026-07-03T16:36:09","modified_gmt":"2026-07-03T16:36:09","slug":"karol-nawrocki-niekwestionowanym-liderem-sondaz-cbos-potwierdza-trend","status":"publish","type":"post","link":"https:\/\/www.europesays.com\/pl\/533134\/","title":{"rendered":"Karol Nawrocki niekwestionowanym liderem. Sonda\u017c CBOS potwierdza trend"},"content":{"rendered":"<p>Obecnie prezydentowi ufa 53 proc. ankietowanych, czyli o 5 pkt proc. wi\u0119cej ni\u017c w majowym badaniu. Natomiast nieufno\u015b\u0107 do g\u0142owy pa\u0144stwa od maja zmniejszy\u0142a si\u0119 o 4 pkt proc. i wynosi teraz 34 proc. \u2014 wynika z sonda\u017cu CBOS.<\/p>\n<p> Dalszy ci\u0105g artyku\u0142u pod materia\u0142em wideo <\/p>\n<p>Na drugim miejscu w badaniu znalaz\u0142 si\u0119 minister obrony narodowej W\u0142adys\u0142aw Kosiniak-Kamysz, kt\u00f3remu ufa 45 proc. badanych (bez zmian wzgl\u0119dem maja). Nieufno\u015b\u0107 do szefa MON deklaruje za\u015b 29 proc. respondent\u00f3w (o 2 pkt proc. wi\u0119cej).<\/p>\n<p>Podium w czerwcu zamyka wicepremier, minister spraw zagranicznych Rados\u0142aw Sikorski, do kt\u00f3rego zaufanie zadeklarowa\u0142o 42 proc. badanych (o 2 pkt proc. mniej ni\u017c przed miesi\u0105cem), a nieufno\u015b\u0107 \u2014 32 proc. (o 2 pkt proc. wi\u0119cej).<\/p>\n<p>Badanie CBOS potwierdza pozytywny trend dla Karola Nawrockiego. Kilka dni wcze\u015bniej opublikowali\u015bmy w Onecie sonda\u017c zaufania IBRiS, w kt\u00f3rym prezydent r\u00f3wnie\u017c notowa\u0142 ogromny wzrost zaufania, osi\u0105gaj\u0105c najwy\u017cszy wynik w historii.<\/p>\n<p> Nowy sonda\u017c zaufania IBRiS. Karol Nawrocki z rekordem wszech czas\u00f3w  <\/p>\n<p class=\"ods-o-frame-in-text__paragraph\"><a href=\"https:\/\/wiadomosci.onet.pl\/kraj\/sondaz-zaufania-karol-nawrocki-z-rekordem-rafal-trzaskowski-zalicza-krach\/8pzs9vy\" id=\"e564031f-5c43-42d9-bdb6-c51fb337e387\" rel=\"nofollow noopener\" target=\"_blank\">PRZECZYTAJ CA\u0141Y ARTYKU\u0141<\/a><\/p>\n<p>   <img class=\"ods-a-photo ods-a-photo--background\" src=\"https:\/\/www.europesays.com\/pl\/wp-content\/uploads\/2026\/07\/1783096569_8_UQlk9lBaHR0cHM6Ly9vY2RuLmV1L3B1bHNjbXMvTURBXy8zZWZjZGFhYTU5NGU1YzA4YTVjZTQwNzIxNThmOTZjNi5qcGeRlQLNA.jpeg\" height=\"253\" width=\"450\" alt=\"Grzegorz Braun, Karol Nawrocki, Donald Tusk i Rafa\u0142 Trzaskowski\" loading=\"lazy\" fetchpriority=\"low\" decoding=\"async\"\/>  <\/p>\n<p>Je\u015bli chodzi o dalsze miejsca w badaniu CBOS, to politykiem, kt\u00f3ry zaj\u0105\u0142 czwart\u0105 lokat\u0119, jest prezydent Warszawy, wiceszef KO Rafa\u0142 Trzaskowski. W pierwszej pi\u0105tce znalaz\u0142 si\u0119 te\u017c jeden z lider\u00f3w Konfederacji, wicemarsza\u0142ek Sejmu Krzysztof Bosak, a na sz\u00f3stym miejscu uplasowa\u0142 si\u0119 premier Donald Tusk.<\/p>\n<p>Si\u00f3dme miejsce zajmuje jeden z lider\u00f3w Konfederacji S\u0142awomir Mentzen, \u00f3smy jest marsza\u0142ek Sejmu, wsp\u00f3\u0142przewodnicz\u0105cy Nowej Lewicy W\u0142odzimierz Czarzasty, a dziewi\u0105te miejsce ex aequo zajmuj\u0105: wsp\u00f3\u0142przewodnicz\u0105cy partii Razem Adrian Zandberg oraz by\u0142y premier Mateusz Morawiecki (PiS). Pierwsz\u0105 dziesi\u0105tk\u0119 rankingu zamkn\u0119\u0142a marsza\u0142ek Senatu Ma\u0142gorzata Kidawa-B\u0142o\u0144ska.<\/p>\n<p>W rankingu nieufno\u015bci na pierwszym miejscu znalaz\u0142 si\u0119 prezes PiS Jaros\u0142aw Kaczy\u0144ski, kt\u00f3remu nie ufa 57 proc. badanych; na drugim \u2014 lider Konfederacji Korony Polskiej Grzegorz Braun z poziomem nieufno\u015bci 55 proc., a na trzecim \u2014 wiceprezes PiS i kandydat tej partii na premiera Przemys\u0142aw Czarnek.<\/p>\n<p>Sonda\u017c zosta\u0142 zrealizowany w dniach 11-21 czerwca na pr\u00f3bie licz\u0105cej 991 os\u00f3b (w tym: 66,4 proc. \u2014 CAPI, 16,3 proc. \u2014 CATI i 17,3 proc. \u2014 CAWI).<\/p>\n","protected":false},"excerpt":{"rendered":"Obecnie prezydentowi ufa 53 proc. ankietowanych, czyli o 5 pkt proc. wi\u0119cej ni\u017c w majowym badaniu. Natomiast nieufno\u015b\u0107&hellip;\n","protected":false},"author":2,"featured_media":533135,"comment_status":"","ping_status":"","sticky":false,"template":"","format":"standard","meta":{"footnotes":"","_share_on_mastodon":"0"},"categories":[62712],"tags":[61195,13658,212,690,43,49,1007,48,46,1118,47,231,617],"class_list":["post-533134","post","type-post","status-publish","format-standard","has-post-thumbnail","category-karol-nawrocki","tag-bottomfeed_styl","tag-cbos","tag-donald_tusk","tag-karol-nawrocki","tag-karol_nawrocki","tag-kraj","tag-krzysztof_bosak","tag-nat_styl","tag-omp","tag-radoslaw_sikorski","tag-screening_general","tag-sondaze","tag-wladyslaw_kosiniak_kamysz"],"share_on_mastodon":{"url":"","error":""},"_links":{"self":[{"href":"https:\/\/www.europesays.com\/pl\/wp-json\/wp\/v2\/posts\/533134","targetHints":{"allow":["GET"]}}],"collection":[{"href":"https:\/\/www.europesays.com\/pl\/wp-json\/wp\/v2\/posts"}],"about":[{"href":"https:\/\/www.europesays.com\/pl\/wp-json\/wp\/v2\/types\/post"}],"author":[{"embeddable":true,"href":"https:\/\/www.europesays.com\/pl\/wp-json\/wp\/v2\/users\/2"}],"replies":[{"embeddable":true,"href":"https:\/\/www.europesays.com\/pl\/wp-json\/wp\/v2\/comments?post=533134"}],"version-history":[{"count":0,"href":"https:\/\/www.europesays.com\/pl\/wp-json\/wp\/v2\/posts\/533134\/revisions"}],"wp:featuredmedia":[{"embeddable":true,"href":"https:\/\/www.europesays.com\/pl\/wp-json\/wp\/v2\/media\/533135"}],"wp:attachment":[{"href":"https:\/\/www.europesays.com\/pl\/wp-json\/wp\/v2\/media?parent=533134"}],"wp:term":[{"taxonomy":"category","embeddable":true,"href":"https:\/\/www.europesays.com\/pl\/wp-json\/wp\/v2\/categories?post=533134"},{"taxonomy":"post_tag","embeddable":true,"href":"https:\/\/www.europesays.com\/pl\/wp-json\/wp\/v2\/tags?post=533134"}],"curies":[{"name":"wp","href":"https:\/\/api.w.org\/{rel}","templated":true}]}}