{"id":533182,"date":"2026-07-03T17:07:12","date_gmt":"2026-07-03T17:07:12","guid":{"rendered":"https:\/\/www.europesays.com\/pl\/533182\/"},"modified":"2026-07-03T17:07:12","modified_gmt":"2026-07-03T17:07:12","slug":"cbos-nawrocki-liderem-rankingu-zaufania-do-politykow-w-czerwcu","status":"publish","type":"post","link":"https:\/\/www.europesays.com\/pl\/533182\/","title":{"rendered":"CBOS: Nawrocki liderem rankingu zaufania do polityk\u00f3w w czerwcu"},"content":{"rendered":"\n<p>&#13;<br \/>\nLiderem najnowszego zestawienia CBOS jest prezydent Karol Nawrocki. Zaufanie do\u00a0g\u0142owy pa\u0144stwa deklaruje 53 proc. badanych, co\u00a0oznacza wzrost o\u00a05 pkt proc. w\u00a0por\u00f3wnaniu z\u00a0majem. Prezydentowi nie\u00a0ufa 34 proc. pytanych. &#13;\n<\/p>\n<p>&#13;<br \/>\nCBOS odnotowa\u0142 jednocze\u015bnie spadek nieufno\u015bci wobec Nawrockiego o\u00a04 pkt proc., co\u00a0by\u0142o najwi\u0119ksz\u0105 zmian\u0105 w\u00a0czerwcowym badaniu. &#13;\n<\/p>\n<p>&#13;<br \/>\nNa drugim miejscu znalaz\u0142 si\u0119 wicepremier i\u00a0szef MON W\u0142adys\u0142aw Kosiniak-Kamysz, kt\u00f3remu ufa 45 proc. respondent\u00f3w (29 proc. nie\u00a0ufa). Trzeci\u0105 pozycj\u0119 zaj\u0105\u0142 minister spraw zagranicznych Rados\u0142aw Sikorski z\u00a0zaufaniem na\u00a0poziomie 42 proc. (34 proc. ankietowanych mu nie\u00a0ufa). &#13;\n<\/p>\n<p>Nawrocki, Kosiniak-Kamysz i\u00a0Sikorski na\u00a0podium. Kto na\u00a0drugim biegunie? <\/p>\n<p>&#13;<br \/>\nNajwi\u0119ksz\u0105 nieufno\u015b\u0107 budz\u0105 prezes PiS Jaros\u0142aw Kaczy\u0144ski oraz\u00a0lider Konfederacji Korony Polskiej Grzegorz Braun \u2013\u00a0odpowiednio 57 proc. i\u00a055 proc. negatywnych wskaza\u0144. &#13;\n<\/p>\n<p>&#13;<br \/>\nPonad po\u0142owa ankietowanych deklaruje r\u00f3wnie\u017c brak zaufania do\u00a0pos\u0142a PiS, kandydata tej partii na\u00a0premiera Przemys\u0142awa Czarnka, a\u00a0tak\u017ce do\u00a0by\u0142ego szefa rz\u0105du Mateusza Morawieckiego. Premierowi Donaldowi Tuskowi nie\u00a0ufa 49 proc. badanych. &#13;\n<\/p>\n<p>Sonda\u017c CBOS. Gorsze notowania polityk\u00f3w koalicji <\/p>\n<p>&#13;<br \/>\nWed\u0142ug CBOS, w\u00a0czerwcu cz\u0119\u015bciej notowano pogorszenie ni\u017c\u00a0popraw\u0119 ocen polityk\u00f3w. Dotyczy\u0142o to\u00a0g\u0142\u00f3wnie przedstawicieli rz\u0105du i\u00a0koalicji rz\u0105dz\u0105cej. Najwi\u0119kszy wzrost nieufno\u015bci odnotowano wobec marsza\u0142ka Sejmu W\u0142odzimierza Czarzastego. &#13;\n<\/p>\n<p>&#13;<br \/>\nGorsze notowania uzyskali r\u00f3wnie\u017c m.in. prezydent Warszawy Rafa\u0142 Trzaskowski, minister cyfryzacji Krzysztof Gawkowski, szef MSWiA Marcin Kierwi\u0144ski oraz\u00a0pose\u0142 Adrian Zandberg (Razem). &#13;\n<\/p>\n<p>&#13;<br \/>\nNajkorzystniejszy bilans ocen \u2013\u00a0obok prezydenta Nawrockiego (\u015brednia ocen +0,58 pkt) \u2013\u00a0uzyskali W\u0142adys\u0142aw Kosiniak-Kamysz (+0,34 pkt), pose\u0142 PSL Piotr Zgorzelski (+0,23 pkt) i\u00a0Rados\u0142aw Sikorski (+0,18 pkt). &#13;\n<\/p>\n<p>&#13;<br \/>\nNajbardziej krytycznie oceniani s\u0105 natomiast Grzegorz Braun (-1,89 pkt), Jaros\u0142aw Kaczy\u0144ski i\u00a0Przemys\u0142aw Czarnek (po -1,65 pkt), minister klimatu i\u00a0\u015brodowiska Paulina Hennig-Kloska (-1,18 pkt) sekretarz stanu w\u00a0KPRM Katarzyna Kotula (-1,07 pkt) oraz\u00a0Mateusz Morawiecki (-1,02 pkt). &#13;\n<\/p>\n<p>&#13;<br \/>\n   Czytaj te\u017c:<br \/><a href=\"https:\/\/dorzeczy.pl\/kraj\/909970\/sondaz-tak-chca-zaglosowac-polacy-partia-morawieckiego-poza-sejmem.html\" rel=\"follow nofollow noopener\" data-schema=\"DORZECZY\" data-image=\"https:\/\/img.dorzeczy.pl\/_thumb\/5c\/20\/6c15c8dedd41f87c501b116d2fcf.jpeg\" target=\"_blank\">Tak chc\u0105 zag\u0142osowa\u0107 Polacy. Partia Morawieckiego poza Sejmem<\/a>&#13;<\/p>\n","protected":false},"excerpt":{"rendered":"&#13; Liderem najnowszego zestawienia CBOS jest prezydent Karol Nawrocki. Zaufanie do\u00a0g\u0142owy pa\u0144stwa deklaruje 53 proc. badanych, co\u00a0oznacza wzrost&hellip;\n","protected":false},"author":2,"featured_media":533183,"comment_status":"","ping_status":"","sticky":false,"template":"","format":"standard","meta":{"footnotes":"","_share_on_mastodon":"0"},"categories":[62712],"tags":[13658,1347,98,690,49,1315,104351,366],"class_list":["post-533182","post","type-post","status-publish","format-standard","has-post-thumbnail","category-karol-nawrocki","tag-cbos","tag-damian-cygan","tag-dorzeczy","tag-karol-nawrocki","tag-kraj","tag-nawrocki","tag-ranking-zaufania-do-politykow","tag-sondaz"],"share_on_mastodon":{"url":"","error":""},"_links":{"self":[{"href":"https:\/\/www.europesays.com\/pl\/wp-json\/wp\/v2\/posts\/533182","targetHints":{"allow":["GET"]}}],"collection":[{"href":"https:\/\/www.europesays.com\/pl\/wp-json\/wp\/v2\/posts"}],"about":[{"href":"https:\/\/www.europesays.com\/pl\/wp-json\/wp\/v2\/types\/post"}],"author":[{"embeddable":true,"href":"https:\/\/www.europesays.com\/pl\/wp-json\/wp\/v2\/users\/2"}],"replies":[{"embeddable":true,"href":"https:\/\/www.europesays.com\/pl\/wp-json\/wp\/v2\/comments?post=533182"}],"version-history":[{"count":0,"href":"https:\/\/www.europesays.com\/pl\/wp-json\/wp\/v2\/posts\/533182\/revisions"}],"wp:featuredmedia":[{"embeddable":true,"href":"https:\/\/www.europesays.com\/pl\/wp-json\/wp\/v2\/media\/533183"}],"wp:attachment":[{"href":"https:\/\/www.europesays.com\/pl\/wp-json\/wp\/v2\/media?parent=533182"}],"wp:term":[{"taxonomy":"category","embeddable":true,"href":"https:\/\/www.europesays.com\/pl\/wp-json\/wp\/v2\/categories?post=533182"},{"taxonomy":"post_tag","embeddable":true,"href":"https:\/\/www.europesays.com\/pl\/wp-json\/wp\/v2\/tags?post=533182"}],"curies":[{"name":"wp","href":"https:\/\/api.w.org\/{rel}","templated":true}]}}