{"id":533522,"date":"2026-07-03T20:40:10","date_gmt":"2026-07-03T20:40:10","guid":{"rendered":"https:\/\/www.europesays.com\/pl\/533522\/"},"modified":"2026-07-03T20:40:10","modified_gmt":"2026-07-03T20:40:10","slug":"world-climbing-series-krakow-2026-mamy-polska-mikstowa-sztafete-w-finalach","status":"publish","type":"post","link":"https:\/\/www.europesays.com\/pl\/533522\/","title":{"rendered":"World Climbing Series Krak\u00f3w 2026: mamy polsk\u0105 mikstow\u0105 sztafet\u0119 w fina\u0142ach"},"content":{"rendered":"<p>Za nami kwalifikacje premierowej rywalizacji sztafet mieszanych podczas zawod\u00f3w World Climbing Series w konkurencji na czas w Krakowie. Do fazy fina\u0142owej awansowa\u0142o 16 reprezentacji, w tym polska.<\/p>\n<p><a href=\"https:\/\/wspinanie.pl\/wp-content\/uploads\/2026\/07\/20260703_180814-scaled.jpg\" data-rel=\"lightbox-gallery-YDsgAm5Y\" data-rl_title=\"Mikstowe sztafety udanie zadebiutowa\u0142y w Krakowie (fot. wspinanie.pl)\" data-rl_caption=\"\" title=\"Mikstowe sztafety udanie zadebiutowa\u0142y w Krakowie (fot. wspinanie.pl)\" rel=\"nofollow noopener\" target=\"_blank\"><img fetchpriority=\"high\" decoding=\"async\" class=\"size-large wp-image-306259\" src=\"https:\/\/www.europesays.com\/pl\/wp-content\/uploads\/2026\/07\/20260703_180814-620x863.jpg\" alt=\"Mikstowe sztafety udanie zadebiutowa\u0142y w Krakowie (fot. wspinanie.pl)\" width=\"620\" height=\"863\"  \/><\/a>Mikstowe sztafety udanie zadebiutowa\u0142y w Krakowie (fot. wspinanie.pl)<\/p>\n<p>Najlepszy wynik spo\u015br\u00f3d 32 zespo\u0142\u00f3w eliminacji uzyska\u0142a pierwsza reprezentacja Stan\u00f3w Zjednoczonych w sk\u0142adzie Samuel Watson i Emma Hunt, osi\u0105gaj\u0105c czas 11,22 s. (to ju\u017c oficjalny rekord \u015bwiata). Drugie miejsce zaj\u0119\u0142a druga dru\u017cyna Indonezji z rezultatem 11,48 s, a trzecia by\u0142a pierwsza reprezentacja Chin, kt\u00f3ra uzyska\u0142a 11,58 s.<\/p>\n<p>W czo\u0142owej \u00f3semce eliminacji znalaz\u0142y si\u0119 r\u00f3wnie\u017c pierwsza reprezentacja Indonezji, druga dru\u017cyna Chin, druga reprezentacja Ukrainy, pierwsza dru\u017cyna Hiszpanii oraz pierwsza reprezentacja W\u0142och.<\/p>\n<p><a href=\"https:\/\/wspinanie.pl\/wp-content\/uploads\/2026\/07\/brozek-dzienski.jpg\" data-rel=\"lightbox-gallery-YDsgAm5Y\" data-rl_title=\"\" data-rl_caption=\"\" title=\"\" rel=\"nofollow noopener\" target=\"_blank\"><img loading=\"lazy\" decoding=\"async\" class=\"size-large wp-image-306262\" src=\"https:\/\/www.europesays.com\/pl\/wp-content\/uploads\/2026\/07\/brozek-dzienski-620x413.jpg\" alt=\"Ania Bro\u017cek i Marcin Dzie\u0144ski (fot. World Climbing)\" width=\"620\" height=\"413\"  \/><\/a>Ania Bro\u017cek i Marcin Dzie\u0144ski (fot. World Climbing)<\/p>\n<p>Do fina\u0142\u00f3w awansowa\u0142a tak\u017ce Polska. Duet Marcin Dzie\u0144ski i Anna Bro\u017cek zako\u0144czy\u0142 kwalifikacje na 16. miejscu z czasem 12,99 s, zapewniaj\u0105c sobie udzia\u0142 w sobotniej popo\u0142udniowej fazie pucharowej. Jutro w pierwszym biegu b\u0119d\u0105 walczy\u0107 z dru\u017cyn\u0105 USA (Watsonem i Hunt).<\/p>\n<p>Niestety, druga reprezentacja Polski, Oskar Szalecki i Magdalena B\u0142achnicka, nie uko\u0144czy\u0142a \u017cadnego z bieg\u00f3w i ostatecznie zosta\u0142a sklasyfikowana na 31. miejscu.<\/p>\n<p>Fina\u0142y sztafet mieszanych w sobot\u0119 o godzinie 16:00. Harmonogram imprezy znajdziecie <a href=\"https:\/\/wspinanie.pl\/krakow-2026\/harmonogram\/\" rel=\"nofollow noopener\" target=\"_blank\">tutaj<\/a>.<\/p>\n<p>Miejsce<br \/>\nDru\u017cyna<br \/>\nSk\u0142ad<br \/>\nNr \/ Kraj<br \/>\nBieg 1<br \/>\nBieg 2<br \/>\nTory<\/p>\n<p>1<br \/>\nUSA 1<br \/>\nWATSON Samuel \u2022 HUNT Emma<br \/>\n84 \u2022 USA<br \/>\n11.22<br \/>\n11.47<br \/>\nL-A: Watson<br \/>L-B: Hunt<\/p>\n<p>2<br \/>\nINA 2<br \/>\nROBBY AL HILMI Antasyafi \u2022 MADE RITA KUSUMA DEWI Desak<br \/>\n68 \u2022 INA<br \/>\n11.48<br \/>\n11.50<br \/>\nL-A: Robby Al Hilmi<br \/>L-B: Made Rita Kusuma Dewi<\/p>\n<p>3<br \/>\nCHN 1<br \/>\nZHOU Yafei \u2022 ZHAO Yicheng \u2022 LONG Jianguo \u2022 ZHANG Shaoqin<br \/>\n56 \u2022 CHN<br \/>\n11.58<br \/>\n11.78<br \/>\nL-A: Zhou<br \/>L-B: Zhao<\/p>\n<p>4<br \/>\nINA 1<br \/>\nNURSAMSA Raharjati \u2022 SALLSABILLAH Rajiah<br \/>\n67 \u2022 INA<br \/>\n11.59<br \/>\nFALL<br \/>\nL-A: Nursamsa<br \/>L-B: Sallsabillah<\/p>\n<p>5<br \/>\nCHN 2<br \/>\nLING Yongzhi \u2022 MOU Yuju \u2022 CHU Shouhong \u2022 QIN Yumei<br \/>\n57 \u2022 CHN<br \/>\n11.60<br \/>\nFALL<br \/>\nL-A: Mou<br \/>L-B: Ling<\/p>\n<p>6<br \/>\nUKR 2<br \/>\nKHALKEVYCH Polina \u2022 TKACH Yaroslav<br \/>\n81 \u2022 UKR<br \/>\n11.94<br \/>\n11.99<br \/>\nL-A: Khalkevych<br \/>L-B: Tkach<\/p>\n<p>7<br \/>\nESP 1<br \/>\nROMERO P\u00c9REZ Leslie Adriana \u2022 NOYA CARDONA Erik<br \/>\n61 \u2022 ESP<br \/>\n11.98<br \/>\n15.56<br \/>\nL-A: Romero P\u00e9rez<br \/>L-B: Noya Cardona<\/p>\n<p>8<br \/>\nITA 1<br \/>\nFOSSALI Ludovico \u2022 RANDI Giulia \u2022 STROCCHI Sara \u2022 RONTINI Marco<br \/>\n69 \u2022 ITA<br \/>\n12.03<br \/>\n12.23<br \/>\nL-A: Randi<br \/>L-B: Fossali<\/p>\n<p>9<br \/>\nITA 2<br \/>\nROBBIATI Luca \u2022 COLLI Beatrice \u2022 FIORIO Agnese \u2022 BOULOS Alessandro<br \/>\n70 \u2022 ITA<br \/>\n12.19<br \/>\n12.09<br \/>\nL-C: Colli<br \/>L-D: Robbiati<\/p>\n<p>10<br \/>\nJPN 1<br \/>\nKOYAMATSU Ren \u2022 ONISHI Tsukika \u2022 FUJINO Shuto<br \/>\n72 \u2022 JPN<br \/>\n12.30<br \/>\n15.59<br \/>\nL-A: Onishi<br \/>L-B: Koyamatsu<\/p>\n<p>11<br \/>\nESP 2<br \/>\nMART\u00cdNEZ VIDAL Carla \u2022 G\u00d3MEZ BARRIOS Miguel<br \/>\n60 \u2022 ESP<br \/>\n12.37<br \/>\n14.22<br \/>\nL-A: Mart\u00ednez Vidal<br \/>L-B: G\u00f3mez Barrios<\/p>\n<p>12<br \/>\nFRA 1<br \/>\nGARNIER Marceau \u2022 FONTAINE Louise \u2022 MOREL J\u00e9r\u00f4me \u2022 VIGLIONE Capucine<br \/>\n63 \u2022 FRA<br \/>\n13.55<br \/>\n12.42<br \/>\nL-C: Garnier<br \/>L-D: Viglione<\/p>\n<p>13<br \/>\nAUT 1<br \/>\nAMON Kevin \u2022 NAGL Johanna \u2022 WINDISCHER Lukas<br \/>\n54 \u2022 AUT<br \/>\n12.91<br \/>\n12.59<br \/>\nL-C: Amon<br \/>L-D: Nagl<\/p>\n<p>14<br \/>\nGER 1<br \/>\nCARMANNS Leander \u2022 SCHULTZ Mina Josephine \u2022 ZEDLER Andrin<br \/>\n65 \u2022 GER<br \/>\n14.80<br \/>\n12.73<br \/>\nL-C: Schultz<br \/>L-D: Carmanns<\/p>\n<p>15<br \/>\nKOR 2<br \/>\nKIM Dongjun \u2022 SUNG Hanareum<br \/>\n74 \u2022 KOR<br \/>\n13.24<br \/>\n12.87<br \/>\nL-C: Kim<br \/>L-D: Sung<\/p>\n<p>16<br \/>\nPOL 1<br \/>\nDZIE\u0143SKI Marcin \u2022 BRO\u017bEK Anna<br \/>\n79 \u2022 POL<br \/>\n13.73<br \/>\n12.99<br \/>\nL-C: Bro\u017cek<br \/>L-D: Dzie\u0144ski<\/p>\n<p>17<br \/>\nJPN 2<br \/>\nTAKEUCHI Ai \u2022 OISHI Haku \u2022 HAYASHI Karin<br \/>\n71 \u2022 JPN<br \/>\n13.05<br \/>\n13.10<br \/>\nL-A: Takeuchi<br \/>L-B: Oishi<\/p>\n<p>18<br \/>\nTHA 1<br \/>\nLIMPANICHPAKDEE Aphiwit \u2022 DISYABUT Narada<br \/>\n80 \u2022 THA<br \/>\n16.74<br \/>\n13.08<br \/>\nL-C: Limpanichpakdee<br \/>L-D: Disyabut<\/p>\n<p>19<br \/>\nUKR 1<br \/>\nTKACHOVA Daria \u2022 PICHKA Ihor<br \/>\n82 \u2022 UKR<br \/>\n13.61<br \/>\n13.25<br \/>\nL-C: Tkachova<br \/>L-D: Pichka<\/p>\n<p>20<br \/>\nECU 1<br \/>\nROJAS Andrea \u2022 GRANJA LOPEZ Carlos Felipe<br \/>\n59 \u2022 ECU<br \/>\n13.57<br \/>\n13.31<br \/>\nL-C: Rojas<br \/>L-D: Granja Lopez<\/p>\n<p>21<br \/>\nKOR 1<br \/>\nJO Jinyong \u2022 JEONG Jimin<br \/>\n75 \u2022 KOR<br \/>\n15.72<br \/>\n13.34<br \/>\nL-C: Jeong<br \/>L-D: Jo<\/p>\n<p>22<br \/>\nCAN 1<br \/>\nKOVATS Alexander \u2022 MACDONALD Avery \u2022 MORIN Aleya \u2022 PITCHER Ethan<br \/>\n55 \u2022 CAN<br \/>\n13.58<br \/>\n13.40<br \/>\nL-C: MacDonald<br \/>L-D: Kovats<\/p>\n<p>23<br \/>\nGBR 1<br \/>\nGOODALL Andrew \u2022 HAMILTON Ava \u2022 TURNER Luke<br \/>\n64 \u2022 GBR<br \/>\n13.74<br \/>\n18.32<br \/>\nL-A: Goodall<br \/>L-B: Hamilton<\/p>\n<p>24<br \/>\nFRA 2<br \/>\nCANCEL Gabriel \u2022 VOUAUX Sarah \u2022 MORO Guillaume \u2022 ECAILLE Ambre<br \/>\n62 \u2022 FRA<br \/>\n14.19<br \/>\n13.78<br \/>\nL-C: Cancel<br \/>L-D: Ecaille<\/p>\n<p>25<br \/>\nKAZ 1<br \/>\nMURAT Alisher \u2022 NOVITSKAYA Arina \u2022 BALARSHINA Anna<br \/>\n73 \u2022 KAZ<br \/>\n14.32<br \/>\n15.57<br \/>\nL-A: Murat<br \/>L-B: Novitskaya<\/p>\n<p>26<br \/>\nMEX 1<br \/>\nMACIAS FERREIRA Valeria \u2022 ALENCASTER Andr\u00e9s<br \/>\n76 \u2022 MEX<br \/>\n17.07<br \/>\n14.62<br \/>\nL-C: Macias Ferreira<br \/>L-D: Alencaster<\/p>\n<p>27<br \/>\nUSA 2<br \/>\nJENNINGS Ben \u2022 CURCIO Sophia \u2022 KELLY Piper<br \/>\n83 \u2022 USA<br \/>\nFALL<br \/>\n15.23<br \/>\nL-C: Jennings<br \/>L-D: Curcio<\/p>\n<p>28<br \/>\nGER 2<br \/>\nLUCKE Sebastian \u2022 THOMAS Nele \u2022 UMLAUF Aodhan<br \/>\n66 \u2022 GER<br \/>\n16.84<br \/>\n15.39<br \/>\nL-C: Thomas<br \/>L-D: Lucke<\/p>\n<p>29<br \/>\nCZE 1<br \/>\nMRAZOVA Lucie \u2022 FILIP Adam<br \/>\n58 \u2022 CZE<br \/>\nFALL<br \/>\n16.05<br \/>\nL-C: Mrazova<br \/>L-D: Filip<\/p>\n<p>30<br \/>\nNZL 1<br \/>\nTETZLAFF Sarah \u2022 JOHNSTON Ned<br \/>\n77 \u2022 NZL<br \/>\n19.34<br \/>\n17.90<br \/>\nL-C: Tetzlaff<br \/>L-D: Johnston<\/p>\n<p>31<br \/>\nPOL 2<br \/>\nSZALECKI Oskar \u2022 BLACHNICKA Magdalena<br \/>\n78 \u2022 POL<br \/>\nFALL<br \/>\nFALL<br \/>\n\u2014<\/p>\n<p>31<br \/>\nAUT 2<br \/>\nBERGMANN Alexander \u2022 WALTER Maya \u2022 PLANGGER Tobias<br \/>\n53 \u2022 AUT<br \/>\nFALL<br \/>\nFALL<br \/>\n\u2014<\/p>\n<p>CIESZ SI\u0118 WSPINANIEM, CIESZ SI\u0118 CZYTANIEM<\/p>\n<p>Mamy nadziej\u0119, \u017ce ten tekst Ci si\u0119 spodoba\u0142, \u017ce Ci\u0119 zainspirowa\u0142, zaciekawi\u0142, dostarczy\u0142 Ci informacji. Je\u015bli tak to zach\u0119camy Ci\u0119 do wsparcia serwisu. Dzi\u0119ki Tobie b\u0119dziemy mogli dzia\u0142a\u0107 jeszcze lepiej. Wielkie dzi\u0119ki! Do zobaczenia na \u015bciance albo w ska\u0142ach.<\/p>\n","protected":false},"excerpt":{"rendered":"Za nami kwalifikacje premierowej rywalizacji sztafet mieszanych podczas zawod\u00f3w World Climbing Series w konkurencji na czas w Krakowie.&hellip;\n","protected":false},"author":2,"featured_media":533523,"comment_status":"","ping_status":"","sticky":false,"template":"","format":"standard","meta":{"footnotes":"","_share_on_mastodon":"0"},"categories":[51606],"tags":[7204,3760,8119,1304,42,38,40,39,41,8117,8118,5047],"class_list":["post-533522","post","type-post","status-publish","format-standard","has-post-thumbnail","category-krakow","tag-alpinizm","tag-gory","tag-himalaizm","tag-krakow","tag-pl","tag-poland","tag-polish","tag-polska","tag-polski","tag-skialpinizm","tag-taternictwo","tag-wspinaczka"],"share_on_mastodon":{"url":"https:\/\/pubeurope.com\/@pl\/116857983675697975","error":""},"_links":{"self":[{"href":"https:\/\/www.europesays.com\/pl\/wp-json\/wp\/v2\/posts\/533522","targetHints":{"allow":["GET"]}}],"collection":[{"href":"https:\/\/www.europesays.com\/pl\/wp-json\/wp\/v2\/posts"}],"about":[{"href":"https:\/\/www.europesays.com\/pl\/wp-json\/wp\/v2\/types\/post"}],"author":[{"embeddable":true,"href":"https:\/\/www.europesays.com\/pl\/wp-json\/wp\/v2\/users\/2"}],"replies":[{"embeddable":true,"href":"https:\/\/www.europesays.com\/pl\/wp-json\/wp\/v2\/comments?post=533522"}],"version-history":[{"count":0,"href":"https:\/\/www.europesays.com\/pl\/wp-json\/wp\/v2\/posts\/533522\/revisions"}],"wp:featuredmedia":[{"embeddable":true,"href":"https:\/\/www.europesays.com\/pl\/wp-json\/wp\/v2\/media\/533523"}],"wp:attachment":[{"href":"https:\/\/www.europesays.com\/pl\/wp-json\/wp\/v2\/media?parent=533522"}],"wp:term":[{"taxonomy":"category","embeddable":true,"href":"https:\/\/www.europesays.com\/pl\/wp-json\/wp\/v2\/categories?post=533522"},{"taxonomy":"post_tag","embeddable":true,"href":"https:\/\/www.europesays.com\/pl\/wp-json\/wp\/v2\/tags?post=533522"}],"curies":[{"name":"wp","href":"https:\/\/api.w.org\/{rel}","templated":true}]}}