{"id":533532,"date":"2026-07-03T20:45:12","date_gmt":"2026-07-03T20:45:12","guid":{"rendered":"https:\/\/www.europesays.com\/pl\/533532\/"},"modified":"2026-07-03T20:45:12","modified_gmt":"2026-07-03T20:45:12","slug":"146-rakieta-swiata-postraszyla-gauff-na-wimbledonie-trzy-sety-walki","status":"publish","type":"post","link":"https:\/\/www.europesays.com\/pl\/533532\/","title":{"rendered":"146. rakieta \u015bwiata postraszy\u0142a Gauff na Wimbledonie. Trzy sety walki"},"content":{"rendered":"<p>Wielkoszlemowa mistrzyni z Pary\u017ca i Nowego Jorku stoi przed szans\u0105, by wyprzedzi\u0107 Ig\u0119 \u015awi\u0105tek w rankingu WTA. W wielkoszlemowym turnieju w Londynie rozstawiona jest z si\u00f3demk\u0105, ale rywalizacji na trawie nie zacz\u0119\u0142a idealnie.<\/p>\n<p> Dalszy ci\u0105g artyku\u0142u pod materia\u0142em wideo <\/p>\n<p>Po szybkim odpadni\u0119ciu z turnieju w Berlinie przygotowywa\u0142a si\u0119 do gry na wyspach. Tu tak\u017ce napotka\u0142a ju\u017c na pierwsze problemy. Na start wygra\u0142a 6:2, 6:1 z Niemk\u0105 Tamar\u0105 Korpatsch, a wi\u0119cej k\u0142opot\u00f3w mia\u0142a w drugim pojedynku.<\/p>\n<p>Coco Gauff z nag\u0142ymi problemami. Tego nikt si\u0119 nie spodziewa\u0142<\/p>\n<p>Z Argentynk\u0105 Solan\u0105 Sierr\u0105 przegrywa\u0142a w super tie-breaku nawet trzema punktami, a i tak zdo\u0142a\u0142a wr\u00f3ci\u0107 i awansowa\u0107 do trzeciej rundy. To oznacza\u0142o, \u017ce turniej zako\u0144czy z bilansem na plusie po tym, jak w 2025 r. odpad\u0142a ju\u017c w pierwszej rundzie Wimbledonu po pora\u017cce z Dajan\u0105 Jastremsk\u0105.<\/p>\n<p>W walce o czwart\u0105 rund\u0119 zmierzy\u0142a si\u0119 z 26-letni\u0105 Amerykank\u0105 z chi\u0144skimi korzeniami i dominowa\u0142a od samego pocz\u0105tku. Po prze\u0142amaniu ju\u017c w pierwszym gemie, po nieco ponad 30 minutach gry, doprowadzi\u0142a do pi\u0142ek setowych. Wykorzysta\u0142a trzeci\u0105 z nich, a kibice mogli by\u0107 nieco zawiedzeni postaw\u0105 Claire Liu, kt\u00f3ra przecie\u017c wygra\u0142a ju\u017c z dwiema wy\u017cej notowanymi rywalkami.<\/p>\n<p>Drug\u0105 parti\u0119 146. zawodniczka \u015bwiatowego rankingu zacz\u0119\u0142a ju\u017c z przytupem i prze\u0142ama\u0142a Gauff. Gema serwisowego zacz\u0119\u0142a jednak od podw\u00f3jnego b\u0142\u0119du, a nast\u0119pnie 22-latka zdo\u0142a\u0142a wyr\u00f3wna\u0107. Liu mia\u0142a p\u00f3\u017aniej a\u017c cztery break pointy, ale bardzo d\u0142ugi gem zako\u0144czy\u0142a niepowodzeniem.<\/p>\n<p>Jej zm\u0119czenie wykorzysta\u0142a faworytka i powi\u0119kszy\u0142a prowadzenie na 5:3. Gdy wszyscy czekali na to, a\u017c doprowadzi przy swoim serwisie pi\u0142k\u0119 meczow\u0105, 26-latka&#8230; prze\u0142ama\u0142a j\u0105 do zera! Kibice na trybunach byli zdumieni i oklaskiwali starsz\u0105 z Amerykanek, kt\u00f3ra mia\u0142a szans\u0119 na wielki powr\u00f3t. Obroni\u0142a a\u017c trzy meczbole, a wyr\u00f3wnanie na 5:5 sprawi\u0142o, \u017ce zawodniczki sp\u0119dzi\u0142y na korcie kolejne minuty.<\/p>\n<p>Partia ko\u0144czy\u0142a si\u0119 emocjonuj\u0105cym tie-breakiem. Urodzona w 2004 r. zawodniczka przegrywa\u0142a 4:6, obroni\u0142a jedn\u0105 pi\u0142k\u0119 setow\u0105, by nast\u0119pnie&#8230; pope\u0142ni\u0107 podw\u00f3jny b\u0142\u0105d serwisowy. To oznacza\u0142o &#8222;decidera&#8221;, czyli trzeciego seta na wag\u0119 awansu. <\/p>\n<p>Gauff b\u0142yskawicznie doprowadzi\u0142a do break pointu, a Liu pod presj\u0105 zagra\u0142a w siatk\u0119 i przegrywa\u0142a. Faworytka powi\u0119kszy\u0142a swoj\u0105 przewag\u0119 i wygra\u0142a 6:3, 6:7(5), 6:2.<\/p>\n<p>W czwartej rundzie na Amerykank\u0119 czeka\u0142a ju\u017c Belinda Benci\u0107. Szwajcarska tenisistka wyrzuci\u0142a wcze\u015bniej z wielkoszlemowej imprezy Ann\u0119 Kalinsk\u0105.<\/p>\n","protected":false},"excerpt":{"rendered":"Wielkoszlemowa mistrzyni z Pary\u017ca i Nowego Jorku stoi przed szans\u0105, by wyprzedzi\u0107 Ig\u0119 \u015awi\u0105tek w rankingu WTA. W&hellip;\n","protected":false},"author":2,"featured_media":533533,"comment_status":"","ping_status":"","sticky":false,"template":"","format":"standard","meta":{"footnotes":"","_share_on_mastodon":"0"},"categories":[24],"tags":[61195,5218,48,46,42,38,40,39,41,47,127,126,156,130,17823],"class_list":["post-533532","post","type-post","status-publish","format-standard","has-post-thumbnail","category-sport","tag-bottomfeed_styl","tag-coco_gauff","tag-nat_styl","tag-omp","tag-pl","tag-poland","tag-polish","tag-polska","tag-polski","tag-screening_general","tag-sport","tag-sports","tag-tenis","tag-wiadomosci_sportowe","tag-wimbledon"],"share_on_mastodon":{"url":"https:\/\/pubeurope.com\/@pl\/116858003656243340","error":""},"_links":{"self":[{"href":"https:\/\/www.europesays.com\/pl\/wp-json\/wp\/v2\/posts\/533532","targetHints":{"allow":["GET"]}}],"collection":[{"href":"https:\/\/www.europesays.com\/pl\/wp-json\/wp\/v2\/posts"}],"about":[{"href":"https:\/\/www.europesays.com\/pl\/wp-json\/wp\/v2\/types\/post"}],"author":[{"embeddable":true,"href":"https:\/\/www.europesays.com\/pl\/wp-json\/wp\/v2\/users\/2"}],"replies":[{"embeddable":true,"href":"https:\/\/www.europesays.com\/pl\/wp-json\/wp\/v2\/comments?post=533532"}],"version-history":[{"count":0,"href":"https:\/\/www.europesays.com\/pl\/wp-json\/wp\/v2\/posts\/533532\/revisions"}],"wp:featuredmedia":[{"embeddable":true,"href":"https:\/\/www.europesays.com\/pl\/wp-json\/wp\/v2\/media\/533533"}],"wp:attachment":[{"href":"https:\/\/www.europesays.com\/pl\/wp-json\/wp\/v2\/media?parent=533532"}],"wp:term":[{"taxonomy":"category","embeddable":true,"href":"https:\/\/www.europesays.com\/pl\/wp-json\/wp\/v2\/categories?post=533532"},{"taxonomy":"post_tag","embeddable":true,"href":"https:\/\/www.europesays.com\/pl\/wp-json\/wp\/v2\/tags?post=533532"}],"curies":[{"name":"wp","href":"https:\/\/api.w.org\/{rel}","templated":true}]}}