{"id":533718,"date":"2026-07-03T22:45:14","date_gmt":"2026-07-03T22:45:14","guid":{"rendered":"https:\/\/www.europesays.com\/pl\/533718\/"},"modified":"2026-07-03T22:45:14","modified_gmt":"2026-07-03T22:45:14","slug":"wojciech-krol-z-ko-chce-przeprosin-od-cba-bo-powiazano-go-z-afera-2","status":"publish","type":"post","link":"https:\/\/www.europesays.com\/pl\/533718\/","title":{"rendered":"Wojciech Kr\u00f3l z KO chce przeprosin od CBA. Bo powi\u0105zano go z afer\u0105"},"content":{"rendered":"<p>Adwokat Marta Smo\u0142ka, reprezentuj\u0105ca pos\u0142a, wskaza\u0142a, \u017ce dokumenty, kt\u00f3re \u015bledczy przekazali Sejmowi, nie potwierdzaj\u0105, by sprawa jej klienta mia\u0142a zwi\u0105zek z przebudow\u0105 sieci tramwajowej, manipulacjami przetargowymi czy udzia\u0142em w procederze korupcyjnym opisywanym przez s\u0142u\u017cb\u0119. Pe\u0142nomocniczka zastrzeg\u0142a jednocze\u015bnie, \u017ce nie podwa\u017ca uprawnie\u0144 organ\u00f3w \u015bcigania do prowadzenia czynno\u015bci.<\/p>\n<p>\u2014 Kwestionujemy spos\u00f3b przedstawienia tej sprawy opinii publicznej. Tre\u015b\u0107 wniosku o uchylenie immunitetu skierowanego do Sejmu nie odpowiada obrazowi, jaki powsta\u0142 po publikacji komunikat\u00f3w CBA \u2014 zaznaczy\u0142a adwokat.<\/p>\n<p>      Dalszy ci\u0105g artyku\u0142u pod materia\u0142em wideo Konsultacje CBA z Prokuratur\u0105 Europejsk\u0105 w sprawie komunikatu na temat pos\u0142a<\/p>\n<p>Biuro, odpowiadaj\u0105c na pytania Polskiej Agencji Prasowej, przekaza\u0142o, \u017ce jego funkcjonariusze wykonywali czynno\u015bci procesowe na polecenie prokuratora Prokuratury Europejskiej, kt\u00f3ra odpowiada za prowadzone \u015bledztwo. <\/p>\n<p>&#8222;Tre\u015bci komunikat\u00f3w z 5 maja i 3 czerwca br. opublikowane na stronie internetowej CBA by\u0142y konsultowane i akceptowane przez Prokuratur\u0119 Europejsk\u0105. W obu tych komunikatach nie podajemy \u017cadnych danych, kt\u00f3re pozwala\u0142yby na identyfikacj\u0119 os\u00f3b, kt\u00f3rych dotycz\u0105 prowadzone czynno\u015bci&#8221; \u2014 przekaza\u0142 zesp\u00f3\u0142 prasowy Biura.<\/p>\n<p class=\"ods-o-frame-in-text__paragraph\">Olbrzymia \u0142ap\u00f3wka, znajomy z got\u00f3wk\u0105 i nerwy w partii. Kulisy sprawy pos\u0142a KO<\/p>\n<p class=\"ods-o-frame-in-text__paragraph\"><a href=\"https:\/\/wiadomosci.onet.pl\/tylko-w-onecie\/olbrzymia-lapowka-znajomy-z-gotowka-i-nerwy-w-partii-kulisy-sprawy-posla-ko\/5t92m2d\" id=\"bc73124e-4db3-466c-b98a-5580aa848d35\" rel=\"nofollow noopener\" target=\"_blank\">Czytaj tekst!<\/a><\/p>\n<p>   <img class=\"ods-a-photo ods-a-photo--background\" src=\"https:\/\/www.europesays.com\/pl\/wp-content\/uploads\/2026\/07\/DW2k9lBaHR0cHM6Ly9vY2RuLmV1L3B1bHNjbXMvTURBXy8zNTU1YTFiMmI3MTY4N2U2ZDJmYzdhZjc4NzMxNDRlZS5qcGeRlQLNA.jpeg\" height=\"325\" width=\"450\" alt=\"Wojciech Kr\u00f3l w Sejmie. Warszawa, 25.06.2025 r.\" loading=\"lazy\" fetchpriority=\"low\" decoding=\"async\"\/>  Prokuratura Europejska chce uchylenia immunitetu Kr\u00f3la<\/p>\n<p>Na pocz\u0105tku maja Prokuratura Europejska poinformowa\u0142a o skierowaniu wniosku o uchylenie immunitetu jednemu z polskich pos\u0142\u00f3w, pocz\u0105tkowo nie ujawniaj\u0105c jego to\u017csamo\u015bci. Instytucja zaznaczy\u0142a, \u017ce powodem jest podejrzenie p\u0142atnej protekcji w ramach \u015bledztwa dotycz\u0105cego unowocze\u015bnienia infrastruktury tramwajowej w G\u00f3rno\u015bl\u0105sko-Zag\u0142\u0119biowskiej Metropolii (GZM). P\u00f3\u017aniej okaza\u0142o si\u0119, \u017ce sprawa dotyczy w\u0142a\u015bnie Wojciecha Kr\u00f3la.<\/p>\n<p>Sam pose\u0142 25 czerwca o\u015bwiadczy\u0142, \u017ce wniosek zawiera co innego ni\u017c to, co przekazywa\u0142a prokuratura w oficjalnych komunikatach, kt\u00f3re okre\u015bli\u0142 jako sensacyjne. Zapewni\u0142, \u017ce w dokumencie brakuje jakiegokolwiek powi\u0105zania z afer\u0105 korupcyjn\u0105 w \u015bl\u0105skim przewo\u017aniku, o kt\u00f3rej media pisa\u0142y przez ostatnie tygodnie.<\/p>\n","protected":false},"excerpt":{"rendered":"Adwokat Marta Smo\u0142ka, reprezentuj\u0105ca pos\u0142a, wskaza\u0142a, \u017ce dokumenty, kt\u00f3re \u015bledczy przekazali Sejmowi, nie potwierdzaj\u0105, by sprawa jej klienta&hellip;\n","protected":false},"author":2,"featured_media":533719,"comment_status":"","ping_status":"","sticky":false,"template":"","format":"standard","meta":{"footnotes":"","_share_on_mastodon":"0"},"categories":[12],"tags":[61195,32,33,359,36,37,27,7210,49,34,35,28,31,48,25,46,42,38,40,39,41,47,29,30,26],"class_list":["post-533718","post","type-post","status-publish","format-standard","has-post-thumbnail","category-polska","tag-bottomfeed_styl","tag-breaking-news","tag-breakingnews","tag-cba","tag-featured-news","tag-featurednews","tag-headlines","tag-koalicja_obywatelska","tag-kraj","tag-latest-news","tag-latestnews","tag-naglowki","tag-najwazniejsze-artykuly","tag-nat_styl","tag-news","tag-omp","tag-pl","tag-poland","tag-polish","tag-polska","tag-polski","tag-screening_general","tag-top-stories","tag-topstories","tag-wiadomosci"],"share_on_mastodon":{"url":"https:\/\/pubeurope.com\/@pl\/116858476094446704","error":""},"_links":{"self":[{"href":"https:\/\/www.europesays.com\/pl\/wp-json\/wp\/v2\/posts\/533718","targetHints":{"allow":["GET"]}}],"collection":[{"href":"https:\/\/www.europesays.com\/pl\/wp-json\/wp\/v2\/posts"}],"about":[{"href":"https:\/\/www.europesays.com\/pl\/wp-json\/wp\/v2\/types\/post"}],"author":[{"embeddable":true,"href":"https:\/\/www.europesays.com\/pl\/wp-json\/wp\/v2\/users\/2"}],"replies":[{"embeddable":true,"href":"https:\/\/www.europesays.com\/pl\/wp-json\/wp\/v2\/comments?post=533718"}],"version-history":[{"count":0,"href":"https:\/\/www.europesays.com\/pl\/wp-json\/wp\/v2\/posts\/533718\/revisions"}],"wp:featuredmedia":[{"embeddable":true,"href":"https:\/\/www.europesays.com\/pl\/wp-json\/wp\/v2\/media\/533719"}],"wp:attachment":[{"href":"https:\/\/www.europesays.com\/pl\/wp-json\/wp\/v2\/media?parent=533718"}],"wp:term":[{"taxonomy":"category","embeddable":true,"href":"https:\/\/www.europesays.com\/pl\/wp-json\/wp\/v2\/categories?post=533718"},{"taxonomy":"post_tag","embeddable":true,"href":"https:\/\/www.europesays.com\/pl\/wp-json\/wp\/v2\/tags?post=533718"}],"curies":[{"name":"wp","href":"https:\/\/api.w.org\/{rel}","templated":true}]}}