{"id":533803,"date":"2026-07-03T23:45:12","date_gmt":"2026-07-03T23:45:12","guid":{"rendered":"https:\/\/www.europesays.com\/pl\/533803\/"},"modified":"2026-07-03T23:45:12","modified_gmt":"2026-07-03T23:45:12","slug":"rosja-zbombardowala-sumy-sa-ofiary-wsrod-nich-dziecko","status":"publish","type":"post","link":"https:\/\/www.europesays.com\/pl\/533803\/","title":{"rendered":"Rosja zbombardowa\u0142a Sumy. S\u0105 ofiary, w\u015br\u00f3d nich dziecko"},"content":{"rendered":"<p>W ataku zgin\u0119\u0142y co najmniej cztery osoby, w tym dziecko, a kolejne osoby przewieziono do szpitali z powa\u017cnymi obra\u017ceniami.<\/p>\n<p> Dalszy ci\u0105g artyku\u0142u pod materia\u0142em wideo O <a href=\"https:\/\/wiadomosci.onet.pl\/swiat\/rosjanie-zaatakowali-dronami-sumy-sa-zniszczenia\/k39zchw\" id=\"a4f58097-e1f1-4b81-ada4-91faf64d2462\" rel=\"nofollow noopener\" target=\"_blank\">ataku w Sumach<\/a> poinformowa\u0142 gubernator obwodu O\u0142eh Hryhorow. Wed\u0142ug jego relacji rosyjski nalot uderzy\u0142 w g\u0119sto zaludnion\u0105 cz\u0119\u015b\u0107 miasta, gdzie w chwili bombardowania by\u0142o wielu przechodni\u00f3w. W\u015br\u00f3d ofiar \u015bmiertelnych znalaz\u0142o si\u0119 dziecko.<\/p>\n<p>&#8222;W epicentrum ataku \u2014 wie\u017cowiec, sklep i ulica&#8221; \u2014 napisa\u0142 O\u0142eh Hryhorow na Telegramie. &#8222;By\u0142o tam bardzo du\u017co ludzi. Dzieci&#8221;.<\/p>\n<p> Rosjanie uderzyli w centrum<\/p>\n<p>Zmasowane uderzenie lotnicze na centrum Sum przeprowadzi\u0142o sze\u015b\u0107 rosyjskich bombowc\u00f3w \u2014 informuje &#8222;Ukrai\u0144ska Prawda&#8221;. Wielu mieszka\u0144c\u00f3w zosta\u0142o rannych. Serwis Ukrinform poda\u0142, \u017ce atak przeprowadzono z u\u017cyciem bomby lotniczej, kt\u00f3ra spad\u0142a na centrum Sum.<\/p>\n<p>Do szpitali w mie\u015bcie przewiezionych zosta\u0142o 20 rannych \u2014 przekaza\u0142y w\u0142adze obwodu. Po\u0142owa z nich jest ci\u0119\u017cko ranna, cz\u0119\u015b\u0107 jest na salach operacyjnych \u2014 poinformowa\u0142 z kolei Ukrinform.<\/p>\n<p class=\"ods-o-frame-in-text__paragraph\">Witold Jurasz: Rosja mo\u017ce dopu\u015bci\u0107 si\u0119 zbrojnej prowokacji wobec Polski<\/p>\n<p class=\"ods-o-frame-in-text__paragraph\"><a href=\"https:\/\/wiadomosci.onet.pl\/kraj\/witold-jurasz-rosja-moze-dopuscic-sie-zbrojnej-prowokacji-wobec-polski\/b7m2ttd\" id=\"41428c3d-dc59-472e-9064-1ca31aa1a6f8\" rel=\"nofollow noopener\" target=\"_blank\">Przeczytaj ca\u0142y komentarz<\/a><\/p>\n<p>   <img class=\"ods-a-photo ods-a-photo--background\" src=\"https:\/\/www.europesays.com\/pl\/wp-content\/uploads\/2026\/07\/1783122312_321_VCak9lBaHR0cHM6Ly9vY2RuLmV1L3B1bHNjbXMvTURBXy9jNmM3ZmM2ZWNlMTU2MGU2NjgzOGM5ZDJlODg2YjdlMC5qcGeRlQLNA.jpeg\" height=\"278\" width=\"450\" alt=\"W\u0142adimir Putin\" loading=\"lazy\" fetchpriority=\"low\" decoding=\"async\"\/>  <\/p>\n","protected":false},"excerpt":{"rendered":"W ataku zgin\u0119\u0142y co najmniej cztery osoby, w tym dziecko, a kolejne osoby przewieziono do szpitali z powa\u017cnymi&hellip;\n","protected":false},"author":2,"featured_media":533804,"comment_status":"","ping_status":"","sticky":false,"template":"","format":"standard","meta":{"footnotes":"","_share_on_mastodon":"0"},"categories":[14],"tags":[61195,32,33,27,76,34,35,28,31,48,25,46,40,41,87,47,3474,80,29,30,415,26,82,83,84],"class_list":["post-533803","post","type-post","status-publish","format-standard","has-post-thumbnail","category-swiat","tag-bottomfeed_styl","tag-breaking-news","tag-breakingnews","tag-headlines","tag-inwazja_rosji_na_ukraine","tag-latest-news","tag-latestnews","tag-naglowki","tag-najwazniejsze-artykuly","tag-nat_styl","tag-news","tag-omp","tag-polish","tag-polski","tag-rosja","tag-screening_general","tag-sumy","tag-swiat","tag-top-stories","tag-topstories","tag-ukraina","tag-wiadomosci","tag-world","tag-world-news","tag-worldnews"],"share_on_mastodon":{"url":"https:\/\/pubeurope.com\/@pl\/116858711465660237","error":""},"_links":{"self":[{"href":"https:\/\/www.europesays.com\/pl\/wp-json\/wp\/v2\/posts\/533803","targetHints":{"allow":["GET"]}}],"collection":[{"href":"https:\/\/www.europesays.com\/pl\/wp-json\/wp\/v2\/posts"}],"about":[{"href":"https:\/\/www.europesays.com\/pl\/wp-json\/wp\/v2\/types\/post"}],"author":[{"embeddable":true,"href":"https:\/\/www.europesays.com\/pl\/wp-json\/wp\/v2\/users\/2"}],"replies":[{"embeddable":true,"href":"https:\/\/www.europesays.com\/pl\/wp-json\/wp\/v2\/comments?post=533803"}],"version-history":[{"count":0,"href":"https:\/\/www.europesays.com\/pl\/wp-json\/wp\/v2\/posts\/533803\/revisions"}],"wp:featuredmedia":[{"embeddable":true,"href":"https:\/\/www.europesays.com\/pl\/wp-json\/wp\/v2\/media\/533804"}],"wp:attachment":[{"href":"https:\/\/www.europesays.com\/pl\/wp-json\/wp\/v2\/media?parent=533803"}],"wp:term":[{"taxonomy":"category","embeddable":true,"href":"https:\/\/www.europesays.com\/pl\/wp-json\/wp\/v2\/categories?post=533803"},{"taxonomy":"post_tag","embeddable":true,"href":"https:\/\/www.europesays.com\/pl\/wp-json\/wp\/v2\/tags?post=533803"}],"curies":[{"name":"wp","href":"https:\/\/api.w.org\/{rel}","templated":true}]}}