{"id":534081,"date":"2026-07-04T03:15:36","date_gmt":"2026-07-04T03:15:36","guid":{"rendered":"https:\/\/www.europesays.com\/pl\/534081\/"},"modified":"2026-07-04T03:15:36","modified_gmt":"2026-07-04T03:15:36","slug":"swiatowy-dzien-dziennikarza-sportowego-2026-aktualnosci-lublin","status":"publish","type":"post","link":"https:\/\/www.europesays.com\/pl\/534081\/","title":{"rendered":"\u015awiatowy Dzie\u0144 Dziennikarza Sportowego &#8211; 2026 &#8211; Aktualno\u015bci &#8211; Lublin"},"content":{"rendered":"<p>\u015awi\u0119to obchodzone 2 lipca, ustanowione w 1995 roku podczas Kongresu Mi\u0119dzynarodowego Stowarzyszenia Prasy Sportowej (AIPS), stanowi doskona\u0142\u0105 okazj\u0119 do refleksji nad ewolucj\u0105 i spo\u0142ecznym znaczeniem tej wyj\u0105tkowej profesji. <\/p>\n<p>                <a class=\"inner fancybox\" href=\"https:\/\/phavi.umcs.pl\/ph\/r,1024,800\/agicon\/c\/2026\/0703\/32804376a47695937821.png\" rel=\"nofollow noopener\" target=\"_blank\"><br \/>\n                    <img decoding=\"async\" class=\"img\" src=\"https:\/\/www.europesays.com\/pl\/wp-content\/uploads\/2026\/07\/32804376a47695937821.png\" alt=\"\u015awiatowy Dzie\u0144 Dziennikarza Sportowego \"\/><br \/>\n                <\/a><\/p>\n<p>Trwaj\u0105ce w\u0142a\u015bnie Mistrzostwa \u015awiata w Pi\u0142ce No\u017cnej doskonale obrazuj\u0105, \u017ce wsp\u00f3\u0142czesne dziennikarstwo sportowe dawno wykroczy\u0142o poza ramy prostej sprawozdawczo\u015bci. Dzisiejszy dziennikarz to analityk, kronikarz i przewodnik po \u015bwiecie sportu, kt\u00f3ry musi wykaza\u0107 si\u0119 interdyscyplinarn\u0105 wiedz\u0105 obejmuj\u0105c\u0105 nie tylko znajomo\u015b\u0107 taktyki, ale r\u00f3wnie\u017c histori\u0119, ekonomi\u0119, prawo czy socjologi\u0119 sportu. R\u00f3wnie istotna pozostaje dba\u0142o\u015b\u0107 o kultur\u0119 s\u0142owa i precyzj\u0119 j\u0119zykow\u0105. Dziennikarze sportowi odpowiadaj\u0105 za zwerbalizowanie zbiorowych emocji i osadzenie ich w odpowiednim kontek\u015bcie kulturowym, przez co ich teksty, reporta\u017ce oraz komentarze wsp\u00f3\u0142tworz\u0105 histori\u0119 spo\u0142eczn\u0105 i na sta\u0142e zapisuj\u0105 si\u0119 w pami\u0119ci pokole\u0144.\u00a0<\/p>\n<p>Polecamy publikacje dotycz\u0105ce tej tematyki dost\u0119pne w zbiorach Biblioteki G\u0142\u00f3wnej UMCS.\u00a0 \u00a0<\/p>\n<p><a href=\"https:\/\/omnis-umcs.primo.exlibrisgroup.com\/discovery\/fulldisplay?docid=alma991000927079707661&amp;context=L&amp;vid=48OMNIS_UMCS:UMCS&amp;lang=pl&amp;search_scope=MyInst_and_CI&amp;adaptor=Local%20Search%20Engine&amp;tab=Everything&amp;query=any,contains,dziennikarstwo%20sportowe&amp;offset=0\" rel=\"nofollow noopener\" target=\"_blank\">Dziennikarstwo sportowe: praktyczny przewodnik \/ Phil Andrews; przek\u0142ad Marta Lorek<\/a><\/p>\n<p>Publikacja stanowi aktualne i interesuj\u0105ce wprowadzenie w tajniki zawodu dziennikarza sportowego, dostarczaj\u0105ce teoretycznej i praktycznej wiedzy na temat tej dziedziny. Autor podejmuje nast\u0119puj\u0105ce zagadnienia: funkcjonowanie medi\u00f3w elektronicznych, drukowanych i cyfrowych oraz ich wzajemne zale\u017cno\u015bci; przygotowywanie materia\u0142\u00f3w o tematyce sportowej; przeprowadzanie wywiad\u00f3w, poszukiwanie \u017ar\u00f3de\u0142 i kontakt\u00f3w; relacjonowanie wydarze\u0144 sportowych; pisanie informacji i reporta\u017cy oraz przedstawianie sylwetek.<\/p>\n<p><a href=\"https:\/\/omnis-umcs.primo.exlibrisgroup.com\/discovery\/fulldisplay?docid=alma991001557809707661&amp;context=L&amp;vid=48OMNIS_UMCS:UMCS&amp;lang=pl&amp;search_scope=MyInst_and_CI&amp;adaptor=Local%20Search%20Engine&amp;tab=Everything&amp;query=any,contains,zaw%C3%B3d%20dziennikarz&amp;offset=0\" rel=\"nofollow noopener\" target=\"_blank\">Zaw\u00f3d dziennikarz, komentator sportowy: kulisy pracy i warsztatu \/ Przemys\u0142aw Szews, Rafa\u0142 Siekiera<\/a><\/p>\n<p>Publikacja adresowana jest zar\u00f3wno do naukowc\u00f3w i student\u00f3w, jak i do os\u00f3b zainteresowanych dziennikarstwem sportowym oraz pragn\u0105cych spr\u00f3bowa\u0107 swoich si\u0142 w zawodzie. Obok charakterystyki gatunk\u00f3w wypowiedzi dziennikarskiej autorzy prezentuj\u0105 praktyczne wskaz\u00f3wki dotycz\u0105ce pracy dziennikarza sportowego. W cz\u0119\u015bci po\u015bwi\u0119conej kulisom profesji znani praktycy dziel\u0105 si\u0119 z Czytelnikiem swoimi do\u015bwiadczeniami i udzielaj\u0105 cennych porad.<\/p>\n<p><a href=\"https:\/\/omnis-umcs.primo.exlibrisgroup.com\/discovery\/fulldisplay?docid=alma991009067722907661&amp;context=L&amp;vid=48OMNIS_UMCS:UMCS&amp;lang=pl&amp;search_scope=MyInst_and_CI&amp;adaptor=Local%20Search%20Engine&amp;tab=Everything&amp;query=any,contains,g%C3%B3wnodziennikarstwo&amp;offset=0\" rel=\"nofollow noopener\" target=\"_blank\">G\u00f3wnodziennikarstwo: dlaczego w polskich mediach pracuje si\u0119 tak \u017ale? \/ Paulina Januszewska<\/a><\/p>\n<p>\u201ePracujesz za wolno. Generujesz za ma\u0142o klikni\u0119\u0107. Masz za ma\u0142y talent\u201d. A potem kolejna \u015bmieci\u00f3wka i kolejny beznadziejny tekst do napisania. Kiedy\u015b s\u0142yszeli, \u017ce s\u0105 \u015bwietni i \u017ce ci\u0119\u017ck\u0105 har\u00f3wk\u0105 w znanej redakcji zdobywaj\u0105 szczyt. Dzisiaj, po latach pracy, dziennikarze i dziennikarki wci\u0105\u017c tkwi\u0105 na samym dnie. Sfrustrowani, wyko\u0144czeni psychicznie, gardz\u0105cy swoim zaj\u0119ciem i za\u017cenowani stanem konta. Poznaj historie ludzi, kt\u00f3rzy tworz\u0105 wsp\u00f3\u0142czesne media.<\/p>\n<p><a href=\"https:\/\/omnis-umcs.primo.exlibrisgroup.com\/discovery\/fulldisplay?docid=alma991005143759707661&amp;context=L&amp;vid=48OMNIS_UMCS:UMCS&amp;lang=pl&amp;search_scope=MyInst_and_CI&amp;adaptor=Local%20Search%20Engine&amp;tab=Everything&amp;query=any,contains,biblia%20dziennikarstwa&amp;offset=0\" rel=\"nofollow noopener\" target=\"_blank\">Biblia dziennikarstwa \/ pod red. Andrzeja Skworza i Andrzeja Nizio\u0142ka<\/a><\/p>\n<p>Zbi\u00f3r artyku\u0142\u00f3w najwybitniejszych polskich dziennikarzy prezentuj\u0105cy prac\u0119 dziennikarza. Dotyczy pracy w prasie, radiu, telewizji i internecie. Opowiada o pracy w terenie, przy stoliku i w redakcji. Opisuje gatunki dziennikarskie z praktycznego punktu widzenia. Wprowadza tak\u017ce histori\u0119 polskiego dziennikarstwa XX wieku oraz problemy etyki dziennikarskiej.<\/p>\n<p><a href=\"https:\/\/omnis-umcs.primo.exlibrisgroup.com\/discovery\/fulldisplay?docid=alma991004637789707661&amp;context=L&amp;vid=48OMNIS_UMCS:UMCS&amp;lang=pl&amp;search_scope=MyInst_and_CI&amp;adaptor=Local%20Search%20Engine&amp;tab=Everything&amp;query=any,contains,w%C5%82odzimierz%20szaranowicz&amp;offset=0\" rel=\"nofollow noopener\" target=\"_blank\">Szaranowicz: \u017cycie z pasj\u0105 \/ W\u0142odzimierz Szaranowicz w rozmowie z c\u00f3rk\u0105 Mart\u0105 Szaranowicz-Kusz<\/a><\/p>\n<p>Jego niepowtarzalny g\u0142os przez lata rozbrzmiewa\u0142 w polskich domach, towarzysz\u0105c najwi\u0119kszym sukcesom polskich sportowc\u00f3w. Do dzi\u015b W\u0142odzimierz Szaranowicz kojarzy si\u0119 ze zwyci\u0119stwami Adama Ma\u0142ysza i Kamila Stocha, medalami polskich lekkoatlet\u00f3w oraz ceremoniami otwarcia igrzysk olimpijskich. Kibice potrafi\u0105 z pami\u0119ci cytowa\u0107 jego kultowe komentarze. W szczerej rozmowie z c\u00f3rk\u0105 jeden z najpopularniejszych i najbardziej szanowanych polskich dziennikarzy sportowych opowiada o swoim \u017cyciu i karierze dziennikarskiej, o czarnog\u00f3rskich korzeniach i dorastaniu na powojennym Muranowie, o pracy w radiu i telewizji, zawodowych mistrzach i przyjacio\u0142ach, godzeniu pracy z \u017cyciem osobistym.<\/p>\n<p><a href=\"https:\/\/omnis-umcs.primo.exlibrisgroup.com\/discovery\/fulldisplay?docid=alma991009156629107661&amp;context=L&amp;vid=48OMNIS_UMCS:UMCS&amp;lang=pl&amp;search_scope=MyInst_and_CI&amp;adaptor=Local%20Search%20Engine&amp;tab=Everything&amp;query=any,contains,szpakowski&amp;offset=0\" rel=\"nofollow noopener\" target=\"_blank\">Wita pa\u0144stwa Dariusz Szpakowski: autobiografia \/ Dariusz Szpakowski, Przemys\u0142aw Rudzki<\/a><\/p>\n<p>G\u0142os Dariusza Szpakowskiego go\u015bci w domach Polak\u00f3w od blisko 50 lat. Przez tych kilka dekad dziennikarz skomentowa\u0142 12 mundiali i mistrzostw Europy oraz 18 igrzysk olimpijskich, a jego s\u0142owa sta\u0142y si\u0119 \u015bcie\u017ck\u0105 d\u017awi\u0119kow\u0105 nadziei i rozczarowa\u0144 kolejnych pokole\u0144 kibic\u00f3w. Jako ch\u0142opak wychowany na warszawskim Powi\u015blu marzy\u0142 o rywalizacji na najwi\u0119kszych sportowych arenach. Trafi\u0142 tam, cho\u0107 nie w roli sportowca \u2013 zosta\u0142 najs\u0142ynniejszym komentatorem w historii Polski. Autobiografia Wita Pa\u0144stwa Dariusz Szpakowski to niesamowita podr\u00f3\u017c przez czasy chwa\u0142y i mroku sportu, kr\u0119te korytarze radia i telewizji oraz pulsuj\u0105ce emocjami stadiony.<\/p>\n<p>Opisy ksi\u0105\u017cek pochodz\u0105 od wydawc\u00f3w. Niekt\u00f3re opisy zosta\u0142y skr\u00f3cone.<\/p>\n<p>Opracowanie: Oddzia\u0142 Promocji Zasob\u00f3w i Kultury Cyfrowej<\/p>\n","protected":false},"excerpt":{"rendered":"\u015awi\u0119to obchodzone 2 lipca, ustanowione w 1995 roku podczas Kongresu Mi\u0119dzynarodowego Stowarzyszenia Prasy Sportowej (AIPS), stanowi doskona\u0142\u0105 okazj\u0119&hellip;\n","protected":false},"author":2,"featured_media":534082,"comment_status":"","ping_status":"","sticky":false,"template":"","format":"standard","meta":{"footnotes":"","_share_on_mastodon":"0"},"categories":[51612],"tags":[59055,95827,104582,51368,8060,104589,104591,81442,1081,46415,104581,104592,104583,104580,42,38,40,39,41,104587,1093,104586,45997,65257,104588,53097,32524,104593,104579,45689,104584,104590,104585,60219],"class_list":["post-534081","post","type-post","status-publish","format-standard","has-post-thumbnail","category-lublin","tag-analityk","tag-dawno","tag-doskonale","tag-dziennikarstwo","tag-dziennikarz","tag-dzisiejszy","tag-interdyscyplinarna","tag-kronikarz","tag-lublin","tag-mistrzostwa","tag-noznej","tag-obejmujaca","tag-obrazuja","tag-pilce","tag-pl","tag-poland","tag-polish","tag-polska","tag-polski","tag-prostej","tag-przewodnik","tag-ramy","tag-sportowe","tag-sportu","tag-sprawozdawczosci","tag-swiata","tag-swiecie","tag-taktyki","tag-trwajace","tag-wiedza","tag-wspolczesne","tag-wykazac","tag-wykroczylo","tag-znajomosc"],"share_on_mastodon":{"url":"https:\/\/pubeurope.com\/@pl\/116859537831227585","error":""},"_links":{"self":[{"href":"https:\/\/www.europesays.com\/pl\/wp-json\/wp\/v2\/posts\/534081","targetHints":{"allow":["GET"]}}],"collection":[{"href":"https:\/\/www.europesays.com\/pl\/wp-json\/wp\/v2\/posts"}],"about":[{"href":"https:\/\/www.europesays.com\/pl\/wp-json\/wp\/v2\/types\/post"}],"author":[{"embeddable":true,"href":"https:\/\/www.europesays.com\/pl\/wp-json\/wp\/v2\/users\/2"}],"replies":[{"embeddable":true,"href":"https:\/\/www.europesays.com\/pl\/wp-json\/wp\/v2\/comments?post=534081"}],"version-history":[{"count":0,"href":"https:\/\/www.europesays.com\/pl\/wp-json\/wp\/v2\/posts\/534081\/revisions"}],"wp:featuredmedia":[{"embeddable":true,"href":"https:\/\/www.europesays.com\/pl\/wp-json\/wp\/v2\/media\/534082"}],"wp:attachment":[{"href":"https:\/\/www.europesays.com\/pl\/wp-json\/wp\/v2\/media?parent=534081"}],"wp:term":[{"taxonomy":"category","embeddable":true,"href":"https:\/\/www.europesays.com\/pl\/wp-json\/wp\/v2\/categories?post=534081"},{"taxonomy":"post_tag","embeddable":true,"href":"https:\/\/www.europesays.com\/pl\/wp-json\/wp\/v2\/tags?post=534081"}],"curies":[{"name":"wp","href":"https:\/\/api.w.org\/{rel}","templated":true}]}}