{"id":534146,"date":"2026-07-04T03:58:13","date_gmt":"2026-07-04T03:58:13","guid":{"rendered":"https:\/\/www.europesays.com\/pl\/534146\/"},"modified":"2026-07-04T03:58:13","modified_gmt":"2026-07-04T03:58:13","slug":"niemcy-boja-sie-o-gospodarke-kraju-obywatele-nie-wierza-w-rzad-merza","status":"publish","type":"post","link":"https:\/\/www.europesays.com\/pl\/534146\/","title":{"rendered":"Niemcy boj\u0105 si\u0119 o gospodark\u0119 kraju. Obywatele nie wierz\u0105 w rz\u0105d Merza"},"content":{"rendered":"\n<p>&#13;<br \/>\nJak podaje Deutsche Welle, a\u017c\u00a078 proc. Niemc\u00f3w za\u00a0powa\u017cny problem uwa\u017ca stan gospodarki kraju, kt\u00f3ra od\u00a0siedmiu lat jest w\u00a0kryzysie. Z\u00a0sonda\u017cu przeprowadzonego przez o\u015brodek Infratest Dimap wynika, \u017ce\u00a0co czwarta zatrudniona osoba obawia si\u0119 o\u00a0swoje miejsce pracy. Zmniejszy\u0142y si\u0119 natomiast obawy dotycz\u0105ce zbyt du\u017cej imigracji do\u00a0Niemiec, cho\u0107 wci\u0105\u017c wi\u0119kszo\u015b\u0107 respondent\u00f3w (51 proc.) nadal boi si\u0119 &#8222;zbyt wielu obcych&#8221;. &#13;\n<\/p>\n<p>Niemcy boj\u0105 si\u0119 r\u00f3wnie\u017c zmiany klimatu<\/p>\n<p>&#13;<br \/>\nNa nastroje spo\u0142eczne mia\u0142y r\u00f3wnie\u017c wp\u0142yw niedawne upa\u0142y. Okazuje si\u0119, \u017ce\u00a0a\u017c 66 proc. badanych obawia si\u0119, \u017ce\u00a0globalne ocieplenie zniszczy podstawy ich egzystencji. &#13;\n<\/p>\n<p>&#13;<br \/>\n&#8222;Jednocze\u015bnie 89 proc. ankietowanych uwa\u017ca, \u017ce\u00a0politycy musz\u0105 przeznaczy\u0107 wi\u0119cej pieni\u0119dzy, na\u00a0przygotowanie na\u00a0przyk\u0142ad dr\u00f3g, szk\u00f3\u0142 czy\u00a0szpitali na\u00a0przysz\u0142e fale upa\u0142\u00f3w. 58 proc. jest zdania, \u017ce\u00a0nie mo\u017cna zaniedbywa\u0107 ochrony klimatu nawet w\u00a0czasach kryzysu. W\u00a0tej kwestii wida\u0107 jednak du\u017ce r\u00f3\u017cnice w\u015br\u00f3d respondent\u00f3w w\u00a0zale\u017cno\u015bci od\u00a0tego, na\u00a0kogo g\u0142osuj\u0105 w\u00a0wyborach&#8221; \u2013\u00a0informuje Deutsche Welle. W\u015br\u00f3d wyborc\u00f3w prawicowego ugrupowania Alternatywa dla\u00a0Niemiec (AfD) a\u017c\u00a071 proc. respondent\u00f3w ma\u00a0odmienne zdanie na\u00a0temat potrzeby ochrony klimatu w\u00a0czasach kryzysowych. &#13;\n<\/p>\n<p>&#13;<br \/>\nZ kolei 59 proc. wszystkich ankietowanych uwa\u017ca, \u017ce\u00a0to\u00a0raczej przemys\u0142, a\u00a0nie indywidualni konsumenci, powinien wzi\u0105\u0107 na\u00a0siebie odpowiedzialno\u015b\u0107 za\u00a0ochron\u0119 klimatu. W\u015br\u00f3d badanych 54 proc. nie\u00a0chce, by\u00a0koszty ekologiczne produkt\u00f3w by\u0142y uwzgl\u0119dniane w\u00a0cenie, cho\u0107by w\u00a0formie podatek od\u00a0CO2. &#13;\n<\/p>\n<p>&#13;<br \/>\nDeutsche Welle zwraca uwag\u0119, \u017ce\u00a0obywatele stracili zaufanie do\u00a0rz\u0105du. &#8222;86 proc. ankietowanych twierdzi, \u017ce\u00a0nie jest zadowolonych lub\u00a0w\u00a0og\u00f3le nie\u00a0jest zadowolonych z\u00a0pracy partii koalicyjnych. Taka opinia dominuje nawet w\u015br\u00f3d wyborc\u00f3w partii rz\u0105dz\u0105cych. Spo\u015br\u00f3d wyborc\u00f3w CDU\/CSU zadowolonych jest 36 proc., a\u00a0spo\u015br\u00f3d wyborc\u00f3w SPD \u2013\u00a027 proc.&#8221; \u2013\u00a0czytamy. Z\u00a0kolei &#8222;kanclerz i\u00a0szef CDU Friedrich Merz dostaje dobre oceny ju\u017c tylko od\u00a013 proc. ankietowanych&#8221;. &#13;\n<\/p>\n<p>Gigantyczna dziura bud\u017cetowa w\u00a0Niemczech<\/p>\n<p>&#13;<br \/>\nNiemcy zanotowa\u0142y ponad <a href=\"https:\/\/dorzeczy.pl\/ekonomia\/851267\/niemcy-maja-gigantyczny-deficyt-budzetowy-dziura-bedzie-rosla.html\" rel=\"nofollow noopener\" target=\"_blank\">119 mld euro deficytu bud\u017cetowego<\/a>. Eksperci przewiduj\u0105, \u017ce\u00a0na tym nie\u00a0koniec, a\u00a0dziura w\u00a0finansach b\u0119dzie ros\u0142a. &#13;\n<\/p>\n<p>&#13;<br \/>\nChocia\u017c wp\u0142ywy z\u00a0podatk\u00f3w i\u00a0sk\u0142adek na\u00a0ubezpieczenia spo\u0142eczne rosn\u0105, deficyt wyni\u00f3s\u0142 119,1 mld euro. Jego najwi\u0119ksz\u0105 cz\u0119\u015b\u0107 wygenerowa\u0142 rz\u0105d federalny. Z\u00a0kolei kraje zwi\u0105zkowe w\u00a0znacznym stopniu zmniejszy\u0142y swoje zad\u0142u\u017cenie. &#13;\n<\/p>\n<p>&#13;<br \/>\n&#8222;Luka w\u00a0niemieckim bud\u017cecie pa\u0144stwowym na\u00a02025 roku okaza\u0142a si\u0119 wi\u0119ksza, ni\u017c\u00a0wcze\u015bniej zak\u0142adano. Deficyt sektora publicznego \u2013\u00a0obejmuj\u0105cy rz\u0105d federalny, kraje zwi\u0105zkowe, gminy i\u00a0ubezpieczenia spo\u0142eczne \u2013\u00a0wyni\u00f3s\u0142 2,7 proc. PKB \u2013\u00a0poinformowa\u0142 Federalny Urz\u0105d Statystyczny. Wst\u0119pnie szacowano go\u00a0na 2,4 proc. Unijny Pakt Stabilno\u015bci i\u00a0Wzrostu przewiduje limit na\u00a0poziomie 3\u00a0proc., kt\u00f3ry takie kraje jak Francja od\u00a0lat przekraczaj\u0105&#8221; \u2013\u00a0podaje dw.com. &#13;\n<\/p>\n<p>&#13;<br \/>\nNiemiecki deficyt bud\u017cetowy w\u00a0wysoko\u015bci 119,1 mld euro jest wi\u0119kszy o\u00a03,9 mld euro ni\u017c\u00a0ubieg\u0142oroczny, kt\u00f3ry wyni\u00f3s\u0142 115,3 mld euro. Wydatki ros\u0142y bowiem szybciej ni\u017c\u00a0dochody. &#13;\n<\/p>\n<p>&#13;<br \/>\n   Czytaj te\u017c:<br \/><a href=\"https:\/\/dorzeczy.pl\/ekonomia\/910237\/bydgoska-pesa-wykupila-niemiecka-firme-zachwyty-w-lipsku-koniec-dreszczowca.html\" rel=\"follow nofollow noopener\" data-schema=\"DORZECZY\" data-image=\"https:\/\/img.dorzeczy.pl\/_thumb\/77\/45\/5343c496278f7f248a9ef281xx7b.jpeg\" target=\"_blank\">&#8222;Polacy ratuj\u0105 firm\u0119&#8221;. Niemcy zachwyceni<\/a>   Czytaj te\u017c:<br \/><a href=\"https:\/\/dorzeczy.pl\/ekonomia\/907573\/potega-polski-dunskie-media-o-rozwoju-polskiej-turystyki-wspomniano-o-niemczech.html\" rel=\"follow nofollow noopener\" data-schema=\"DORZECZY\" data-image=\"https:\/\/img.dorzeczy.pl\/_thumb\/31\/81\/f427f1392a6ba0251521e864e974.jpeg\" target=\"_blank\">&#8222;Niemcy zaczynaj\u0105 si\u0119 denerwowa\u0107&#8221;. Du\u0144skie media o\u00a0rozwoju polskiej turystyki<\/a>&#13;<\/p>\n","protected":false},"excerpt":{"rendered":"&#13; Jak podaje Deutsche Welle, a\u017c\u00a078 proc. Niemc\u00f3w za\u00a0powa\u017cny problem uwa\u017ca stan gospodarki kraju, kt\u00f3ra od\u00a0siedmiu lat jest&hellip;\n","protected":false},"author":2,"featured_media":534147,"comment_status":"","ping_status":"","sticky":false,"template":"","format":"standard","meta":{"footnotes":"","_share_on_mastodon":"0"},"categories":[14],"tags":[854,32,33,98,105,190,27,5911,703,34,35,3657,28,31,25,295,40,41,380,366,52191,80,29,30,26,82,83,84],"class_list":["post-534146","post","type-post","status-publish","format-standard","has-post-thumbnail","category-swiat","tag-afd","tag-breaking-news","tag-breakingnews","tag-dorzeczy","tag-ekonomia","tag-gospodarka","tag-headlines","tag-kanclerz","tag-kryzys","tag-latest-news","tag-latestnews","tag-merz","tag-naglowki","tag-najwazniejsze-artykuly","tag-news","tag-niemcy","tag-polish","tag-polski","tag-rzad","tag-sondaz","tag-strach","tag-swiat","tag-top-stories","tag-topstories","tag-wiadomosci","tag-world","tag-world-news","tag-worldnews"],"share_on_mastodon":{"url":"https:\/\/pubeurope.com\/@pl\/116859705984841373","error":""},"_links":{"self":[{"href":"https:\/\/www.europesays.com\/pl\/wp-json\/wp\/v2\/posts\/534146","targetHints":{"allow":["GET"]}}],"collection":[{"href":"https:\/\/www.europesays.com\/pl\/wp-json\/wp\/v2\/posts"}],"about":[{"href":"https:\/\/www.europesays.com\/pl\/wp-json\/wp\/v2\/types\/post"}],"author":[{"embeddable":true,"href":"https:\/\/www.europesays.com\/pl\/wp-json\/wp\/v2\/users\/2"}],"replies":[{"embeddable":true,"href":"https:\/\/www.europesays.com\/pl\/wp-json\/wp\/v2\/comments?post=534146"}],"version-history":[{"count":0,"href":"https:\/\/www.europesays.com\/pl\/wp-json\/wp\/v2\/posts\/534146\/revisions"}],"wp:featuredmedia":[{"embeddable":true,"href":"https:\/\/www.europesays.com\/pl\/wp-json\/wp\/v2\/media\/534147"}],"wp:attachment":[{"href":"https:\/\/www.europesays.com\/pl\/wp-json\/wp\/v2\/media?parent=534146"}],"wp:term":[{"taxonomy":"category","embeddable":true,"href":"https:\/\/www.europesays.com\/pl\/wp-json\/wp\/v2\/categories?post=534146"},{"taxonomy":"post_tag","embeddable":true,"href":"https:\/\/www.europesays.com\/pl\/wp-json\/wp\/v2\/tags?post=534146"}],"curies":[{"name":"wp","href":"https:\/\/api.w.org\/{rel}","templated":true}]}}