{"id":534158,"date":"2026-07-04T04:10:34","date_gmt":"2026-07-04T04:10:34","guid":{"rendered":"https:\/\/www.europesays.com\/pl\/534158\/"},"modified":"2026-07-04T04:10:34","modified_gmt":"2026-07-04T04:10:34","slug":"15-latek-za-kierownica-renaulta-uderzyl-w-radiowoz-policjantki-wybily-szybe-by-zatrzymac-auto","status":"publish","type":"post","link":"https:\/\/www.europesays.com\/pl\/534158\/","title":{"rendered":"15-latek za kierownic\u0105 Renaulta uderzy\u0142 w radiow\u00f3z. Policjantki wybi\u0142y szyb\u0119, by zatrzyma\u0107 auto"},"content":{"rendered":"<p>Do zdarzenia dosz\u0142o minionej nocy, z czwartku na pi\u0105tek, oko\u0142o p\u00f3\u0142nocy w Horodyszczu na terenie gminy Che\u0142m. Policjantki ruchu drogowego zauwa\u017cy\u0142y samoch\u00f3d osobowy marki Renault stoj\u0105cy na \u015brodku jezdni. Drzwi od strony kieruj\u0105cego by\u0142y otwarte, a z pojazdu wychyla\u0142 si\u0119 m\u0142ody m\u0119\u017cczyzna, kt\u00f3ry wymiotowa\u0142.<\/p>\n<p>Funkcjonariuszki natychmiast ruszy\u0142y w jego kierunku, chc\u0105c udzieli\u0107 mu pomocy. Sytuacja szybko przybra\u0142a jednak niebezpieczny obr\u00f3t. Gdy kieruj\u0105cy zauwa\u017cy\u0142 mundurowe, zamkn\u0105\u0142 drzwi i odjecha\u0142.<\/p>\n<p>Po\u015bcig i blokada na rondzie<\/p>\n<p>Policjantki pojecha\u0142y za Renaultem, u\u017cywaj\u0105c sygna\u0142\u00f3w \u015bwietlnych i d\u017awi\u0119kowych. Gdy pojazd zatrzyma\u0142 si\u0119 na \u015brodku budowanego ronda, funkcjonariuszki zablokowa\u0142y mu przejazd radiowozem.<\/p>\n<p>Mimo to kieruj\u0105cy ponownie ruszy\u0142 do przodu i uderzy\u0142 w bok policyjnego auta. Nie reagowa\u0142 na polecenia otwarcia drzwi. Jak wynika z relacji policji, nie panowa\u0142 nad pojazdem, kt\u00f3ry nadal pr\u00f3bowa\u0142 rusza\u0107.<\/p>\n<p>W tej sytuacji policjantki podj\u0119\u0142y decyzj\u0119 o wybiciu szyby w poje\u017adzie. Dzi\u0119ki temu mog\u0142y wyci\u0105gn\u0105\u0107 kluczyki ze stacyjki i uniemo\u017cliwi\u0107 dalsz\u0105 jazd\u0119.<\/p>\n<p><img aria-describedby=\"caption-attachment-517166\" loading=\"lazy\" decoding=\"async\" class=\"wp-image-517166 size-medium\" src=\"https:\/\/www.europesays.com\/pl\/wp-content\/uploads\/2026\/07\/345-293476-640x427.jpg\" alt=\"15-latek za kierownic\u0105 Renaulta uderzy\u0142 w radiow\u00f3z. Policjantki wybi\u0142y szyb\u0119, by zatrzyma\u0107 auto\" width=\"500\" height=\"334\"  \/><\/p>\n<p id=\"caption-attachment-517166\" class=\"wp-caption-text\">fot. Policja Che\u0142m<\/p>\n<p>Za kierownic\u0105 siedzia\u0142 15-latek<\/p>\n<p>Jak przekaza\u0142a nadkomisarz Ewa Czy\u017c z Komendy Miejskiej Policji w Che\u0142mie:<\/p>\n<p>\u2014 Policjantki ruchu drogowego chcia\u0142y pom\u00f3c m\u0142odemu m\u0119\u017cczy\u017anie, kt\u00f3ry noc\u0105 zatrzyma\u0142 samoch\u00f3d na \u015brodku jezdni i wymiotowa\u0142 przez otwarte drzwi. Jednak gdy tylko zauwa\u017cy\u0142 mundurowe, odjecha\u0142. Policjantki ruszy\u0142y z nim blokuj\u0105c mu przejazd. Kieruj\u0105cy autem ponownie ruszy\u0142 do przodu uderzaj\u0105c w bok radiowozu. Poniewa\u017c nie reagowa\u0142 na polecenia otwarcia drzwi, policjantki wybi\u0142y szyb\u0119 i wyci\u0105gn\u0119\u0142y kluczyki.<\/p>\n<p>Po zatrzymaniu pojazdu okaza\u0142o si\u0119, \u017ce za kierownic\u0105 siedzia\u0142 15-latek. Policjantki od razu wyczu\u0142y od niego alkohol, a kontakt z nieletnim by\u0142 utrudniony.<\/p>\n<p>\u2014 Za kierownic\u0105 siedzia\u0142 15-latek, od kt\u00f3rego od razu wyczu\u0142y alkohol i by\u0142 z nim utrudniony kontakt. Do nieletniego wezwano karetk\u0119 pogotowia, kt\u00f3ra zabra\u0142a go do szpitala \u2014 poinformowa\u0142a nadkomisarz Ewa Czy\u017c.<\/p>\n<p>W szpitalu od 15-latka zabezpieczono krew do bada\u0144. Ich wyniki pozwol\u0105 ustali\u0107, czy i w jakim stopniu nieletni znajdowa\u0142 si\u0119 pod wp\u0142ywem alkoholu.<\/p>\n<p>Policja wyja\u015bnia okoliczno\u015bci zdarzenia<\/p>\n<p>Funkcjonariusze ustalaj\u0105 teraz szczeg\u00f3\u0142y nocnego zdarzenia. Jednym z kluczowych w\u0105tk\u00f3w jest to, w jaki spos\u00f3b 15-latek wszed\u0142 w posiadanie samochodu.<\/p>\n<p>\u2014 Teraz wyja\u015bniamy wszystkie okoliczno\u015bci tego zdarzenia, mi\u0119dzy innymi to, w jaki spos\u00f3b nieletni wszed\u0142 w posiadanie auta \u2014 przekaza\u0142a nadkomisarz Ewa Czy\u017c.<\/p>\n<p>Sprawa b\u0119dzie mia\u0142a dalszy ci\u0105g po zako\u0144czeniu czynno\u015bci prowadzonych przez policj\u0119 oraz po uzyskaniu wynik\u00f3w bada\u0144 krwi nieletniego.<\/p>\n<p><img aria-describedby=\"caption-attachment-517165\" loading=\"lazy\" decoding=\"async\" class=\"wp-image-517165 size-medium\" src=\"https:\/\/www.europesays.com\/pl\/wp-content\/uploads\/2026\/07\/345-293475-640x420.jpg\" alt=\"15-latek za kierownic\u0105 Renaulta uderzy\u0142 w radiow\u00f3z. Policjantki wybi\u0142y szyb\u0119, by zatrzyma\u0107 auto\" width=\"500\" height=\"328\"  \/><\/p>\n<p id=\"caption-attachment-517165\" class=\"wp-caption-text\">fot. Policja Che\u0142m<\/p>\n<p>\u0179r\u00f3d\u0142o: Policja Che\u0142m<\/p>\n","protected":false},"excerpt":{"rendered":"Do zdarzenia dosz\u0142o minionej nocy, z czwartku na pi\u0105tek, oko\u0142o p\u00f3\u0142nocy w Horodyszczu na terenie gminy Che\u0142m. Policjantki&hellip;\n","protected":false},"author":2,"featured_media":534159,"comment_status":"","ping_status":"","sticky":false,"template":"","format":"standard","meta":{"footnotes":"","_share_on_mastodon":"0"},"categories":[51612],"tags":[104599,104600,104601,1081,104602,42,38,104603,40,39,41,8434,3074,94580],"class_list":["post-534158","post","type-post","status-publish","format-standard","has-post-thumbnail","category-lublin","tag-15-latek-za-kierownica","tag-gmina-chelm","tag-horodyszcze","tag-lublin","tag-nietrzezwy-nieletni","tag-pl","tag-poland","tag-policja-chelm","tag-polish","tag-polska","tag-polski","tag-radiowoz","tag-renault","tag-zdarzenie-drogowe"],"share_on_mastodon":{"url":"https:\/\/pubeurope.com\/@pl\/116859754118815780","error":""},"_links":{"self":[{"href":"https:\/\/www.europesays.com\/pl\/wp-json\/wp\/v2\/posts\/534158","targetHints":{"allow":["GET"]}}],"collection":[{"href":"https:\/\/www.europesays.com\/pl\/wp-json\/wp\/v2\/posts"}],"about":[{"href":"https:\/\/www.europesays.com\/pl\/wp-json\/wp\/v2\/types\/post"}],"author":[{"embeddable":true,"href":"https:\/\/www.europesays.com\/pl\/wp-json\/wp\/v2\/users\/2"}],"replies":[{"embeddable":true,"href":"https:\/\/www.europesays.com\/pl\/wp-json\/wp\/v2\/comments?post=534158"}],"version-history":[{"count":0,"href":"https:\/\/www.europesays.com\/pl\/wp-json\/wp\/v2\/posts\/534158\/revisions"}],"wp:featuredmedia":[{"embeddable":true,"href":"https:\/\/www.europesays.com\/pl\/wp-json\/wp\/v2\/media\/534159"}],"wp:attachment":[{"href":"https:\/\/www.europesays.com\/pl\/wp-json\/wp\/v2\/media?parent=534158"}],"wp:term":[{"taxonomy":"category","embeddable":true,"href":"https:\/\/www.europesays.com\/pl\/wp-json\/wp\/v2\/categories?post=534158"},{"taxonomy":"post_tag","embeddable":true,"href":"https:\/\/www.europesays.com\/pl\/wp-json\/wp\/v2\/tags?post=534158"}],"curies":[{"name":"wp","href":"https:\/\/api.w.org\/{rel}","templated":true}]}}