{"id":534650,"date":"2026-07-04T09:40:13","date_gmt":"2026-07-04T09:40:13","guid":{"rendered":"https:\/\/www.europesays.com\/pl\/534650\/"},"modified":"2026-07-04T09:40:13","modified_gmt":"2026-07-04T09:40:13","slug":"world-climbing-series-krakow-2026-dzien-pierwszy","status":"publish","type":"post","link":"https:\/\/www.europesays.com\/pl\/534650\/","title":{"rendered":"World Climbing Series Krak\u00f3w 2026 \u2013 dzie\u0144 pierwszy"},"content":{"rendered":"<p>Za nami pierwszy dzie\u0144 rywalizacji wspinaczy w ramach World Climbing Series \u2013 Krak\u00f3w 2026. Starali\u015bmy si\u0119 na bie\u017c\u0105co relacjonowa\u0107 przebieg wydarze\u0144 w rundach kwalifikacyjnych i dzi\u0119ki temu powinni\u015bcie zna\u0107 rozstrzygni\u0119cia pierwszego dnia. Warto jednak spojrze\u0107 na wydarzenia na Rynku G\u0142\u00f3wnym w Krakowie z wi\u0119kszego obrazka, akcentuj\u0105c to, co rzuca si\u0119 w oczy w oderwaniu od chronologii.<\/p>\n<p><a href=\"https:\/\/wspinanie.pl\/wp-content\/uploads\/2026\/07\/miroslaw.jpg\" data-rel=\"lightbox-gallery-Ya1BjE6A\" data-rl_title=\"Ola Miros\u0142aw jest w \u015bwietnej formie w Krakowie (fot. World Climbing)\" data-rl_caption=\"\" title=\"Ola Miros\u0142aw jest w \u015bwietnej formie w Krakowie (fot. World Climbing)\" rel=\"nofollow noopener\" target=\"_blank\"><img fetchpriority=\"high\" decoding=\"async\" class=\"size-large wp-image-306278\" src=\"https:\/\/www.europesays.com\/pl\/wp-content\/uploads\/2026\/07\/miroslaw-620x413.jpg\" alt=\"Ola Miros\u0142aw jest w \u015bwietnej formie w Krakowie (fot. World Climbing)\" width=\"620\" height=\"413\"  \/><\/a>Ola Miros\u0142aw jest w \u015bwietnej formie w Krakowie (fot. World Climbing)<br \/>\nOla Miros\u0142aw w formie<\/p>\n<p>Nie ma w\u0105tpliwo\u015bci, \u017ce wszyscy oczekiwali\u015bmy wyst\u0119pu Aleksandry Miros\u0142aw. To przecie\u017c zapowied\u017a jej ostatniego startu w Pucharze \u015awiata i po\u017cegnanie z polsk\u0105 publiczno\u015bci\u0105 mia\u0142o stanowi\u0107 najmocniejszy akcent ca\u0142ej imprezy. Ola stan\u0119\u0142a do rywalizacji po raz pierwszy od wygranych Mistrzostw \u015awiata w Seulu, gdzie dodatkowo wynios\u0142a rekord \u015bwiata do kosmicznego poziomu 6,03 sekundy. Ola zacz\u0119\u0142a mocno od biegu na 6,19, potem by\u0142o 6,30, potem 6,23 i w ostatnim biegu kwalifikacyjnym zegar zatrzyma\u0142 si\u0119 na 6,14. Trzeba podkre\u015bli\u0107, \u017ce ten ostatni bieg by\u0142 absolutnie \u201ea muerte\u201d. Chwil\u0119 wcze\u015bniej Amerykanka Hunt, rozp\u0119dzaj\u0105ca si\u0119 z biegu na bieg, w swojej wartej pr\u00f3bie wykr\u0119ci\u0142a mocarne 6,05 (drugi czas w historii dyscypliny). Ola pozosta\u0142a jednak z drugim czasem kwalifikacji, co zapowiada istne szale\u0144stwo w dniu fina\u0142\u00f3w.<\/p>\n<p>Oczywi\u015bcie zawodniczki z pierwszym i drugim czasem kwalifikacji trafiaj\u0105 do dw\u00f3ch r\u00f3\u017cnych po\u0142\u00f3wek drabinki pucharowej, wi\u0119c potencjalna bezpo\u015brednia konfrontacja b\u0119dzie mia\u0142a miejsce dopiero w finale. W po\u0142\u00f3wce z Amerykank\u0105 s\u0105 dwie Polki. Ola Ka\u0142ucka najpierw pobiegnie w 1\/8, mi\u0119dzy innymi z Ani\u0105 Bro\u017cek, aby ewentualnie rywalizowa\u0107 z Hunt na etapie p\u00f3\u0142fina\u0142u. W po\u0142\u00f3wce z Ol\u0105 Miros\u0142aw jest Patrycja Chudziak (potencjalne spotkanie w \u0107wier\u0107finale) no i Natalia Ka\u0142ucka. Tu spotkanie mo\u017ce si\u0119 przydarzy\u0107 na etapie p\u00f3\u0142fina\u0142u.<\/p>\n<p><a href=\"https:\/\/wspinanie.pl\/wp-content\/uploads\/2026\/07\/piatek.jpg\" data-rel=\"lightbox-gallery-Ya1BjE6A\" data-rl_title=\"Na czterech torach dzieje si\u0119 du\u017co (fot. World Climbing)\" data-rl_caption=\"\" title=\"Na czterech torach dzieje si\u0119 du\u017co (fot. World Climbing)\" rel=\"nofollow noopener\" target=\"_blank\"><img loading=\"lazy\" decoding=\"async\" class=\"size-large wp-image-306279\" src=\"https:\/\/www.europesays.com\/pl\/wp-content\/uploads\/2026\/07\/piatek-620x413.jpg\" alt=\"Na czterech torach dzieje si\u0119 du\u017co (fot. World Climbing)\" width=\"620\" height=\"413\"  \/><\/a>Na czterech torach dzieje si\u0119 du\u017co (fot. World Climbing)<br \/>\nCztery tory naraz \u2013 dzieje si\u0119 du\u017co<\/p>\n<p>Druga najwa\u017cniejsza kwestia z ogl\u0105du pierwszego dnia to odbi\u00f3r rywalizacji na czterech torach r\u00f3wnocze\u015bnie. Moja opinia? Mocne przebod\u017acowanie. Naprawd\u0119 ci\u0119\u017cko wy\u0142owi\u0107 detale, tym bardziej w tak z\u0142o\u017conej i dynamicznej rywalizacji jak speed climbing. Ju\u017c nawet w\u015br\u00f3d kobiet dzieje si\u0119 niezwykle du\u017co, a w\u015br\u00f3d m\u0119\u017cczyzn mamy do czynienia z istnym szale\u0144stwem! W\u015br\u00f3d m\u0119\u017cczyzn najlepsza czw\u00f3rka kwalifikacji zmie\u015bci\u0142a si\u0119 w dw\u00f3ch setnych sekundy (4,804 \u2013 4,806 \u2013 4,81 \u2013 4,820). Co ciekawe, team USA reprezentuje w tej grupie najszybszy Michael Hom. Drugi czas wykr\u0119ci\u0142 Japo\u0144czyk Ryo Omasa. Trzeci by\u0142 nowy rekordzista \u015bwiata Chi\u0144czyk Yicheng Zhao, a czwarty czas w Krakowie wykr\u0119ci\u0142 zwyci\u0119zca sprzed roku, Indonezyjczyk Raharjati Nursamsa. Jedenastu zawodnik\u00f3w zesz\u0142o poni\u017cej pi\u0119ciu sekund, w tym Amerykanin Samuel Watson (4,90).<\/p>\n<p>Do pucharowej drabinki awans dawa\u0142 czas 5,28. Najlepszy z Polak\u00f3w Marcin Dzie\u0144ski by\u0142 blisko (5,30), jednak uciek\u0142a kolejna szansa na awans i ewentualne poprawienie rekordu Polski.<\/p>\n<p><a href=\"https:\/\/wspinanie.pl\/wp-content\/uploads\/2026\/07\/borzek-dzienski.jpg\" data-rel=\"lightbox-gallery-Ya1BjE6A\" data-rl_title=\"Ania Bro\u017cek i Marcin Dzie\u0144ski (fot. World Climbing)\" data-rl_caption=\"\" title=\"Ania Bro\u017cek i Marcin Dzie\u0144ski (fot. World Climbing)\" rel=\"nofollow noopener\" target=\"_blank\"><img loading=\"lazy\" decoding=\"async\" class=\"size-large wp-image-306280\" src=\"https:\/\/www.europesays.com\/pl\/wp-content\/uploads\/2026\/07\/borzek-dzienski-620x413.jpg\" alt=\"Ania Bro\u017cek i Marcin Dzie\u0144ski (fot. World Climbing)\" width=\"620\" height=\"413\"  \/><\/a>Ania Bro\u017cek i Marcin Dzie\u0144ski (fot. World Climbing)<br \/>\nMiksty: polski rekord i awans Bro\u017cek\/Dzie\u0144ski<\/p>\n<p>No i trzecia uwaga natury og\u00f3lnej, czyli rzut oka na wy\u015bcigi dru\u017cynowe w formacie mikst\u00f3w. Jest energia, jest moc i pomieszanie dru\u017cyn sprawia, \u017ce by\u0142a okazja ogl\u0105da\u0107 spektakularne po\u015bcigi. By\u0142o tak ze wzgl\u0119du na dowolno\u015b\u0107, w jakiej do rywalizacji stawa\u0142y duety (zawodniczka \u2013 zawodnik lub zawodnik \u2013 zawodniczka). Do tego zn\u00f3w mieli\u015bmy sposobno\u015b\u0107 dopingowa\u0107 bia\u0142o-czerwonych. Nasza power couple, czyli Ania Bro\u017cek i Marcin Dzie\u0144ski, do ostatniego momentu musia\u0142a czeka\u0107 na potwierdzenie awansu do fazy pucharowej. Czas 12,99, czyli pierwszy historyczny rekord Polski w mikstach, da\u0142 im ostatecznie awans z szesnastym czasem. W efekcie w fazie pucharowej pobiegn\u0105 z najlepszym duetem kwalifikacji \u2013 Amerykanami Emm\u0105 Hunt i Samuelem Watsonem.<\/p>\n<p>Przed nami drugi dzie\u0144 World Climbing Series \u2013 Krak\u00f3w 2026. Fina\u0142y indywidualne oraz fina\u0142y sztafet mieszanych.<\/p>\n","protected":false},"excerpt":{"rendered":"Za nami pierwszy dzie\u0144 rywalizacji wspinaczy w ramach World Climbing Series \u2013 Krak\u00f3w 2026. Starali\u015bmy si\u0119 na bie\u017c\u0105co&hellip;\n","protected":false},"author":2,"featured_media":534651,"comment_status":"","ping_status":"","sticky":false,"template":"","format":"standard","meta":{"footnotes":"","_share_on_mastodon":"0"},"categories":[51606],"tags":[7204,3760,8119,1304,42,38,40,39,41,8117,8118,5047],"class_list":["post-534650","post","type-post","status-publish","format-standard","has-post-thumbnail","category-krakow","tag-alpinizm","tag-gory","tag-himalaizm","tag-krakow","tag-pl","tag-poland","tag-polish","tag-polska","tag-polski","tag-skialpinizm","tag-taternictwo","tag-wspinaczka"],"share_on_mastodon":{"url":"https:\/\/pubeurope.com\/@pl\/116861051870933529","error":""},"_links":{"self":[{"href":"https:\/\/www.europesays.com\/pl\/wp-json\/wp\/v2\/posts\/534650","targetHints":{"allow":["GET"]}}],"collection":[{"href":"https:\/\/www.europesays.com\/pl\/wp-json\/wp\/v2\/posts"}],"about":[{"href":"https:\/\/www.europesays.com\/pl\/wp-json\/wp\/v2\/types\/post"}],"author":[{"embeddable":true,"href":"https:\/\/www.europesays.com\/pl\/wp-json\/wp\/v2\/users\/2"}],"replies":[{"embeddable":true,"href":"https:\/\/www.europesays.com\/pl\/wp-json\/wp\/v2\/comments?post=534650"}],"version-history":[{"count":0,"href":"https:\/\/www.europesays.com\/pl\/wp-json\/wp\/v2\/posts\/534650\/revisions"}],"wp:featuredmedia":[{"embeddable":true,"href":"https:\/\/www.europesays.com\/pl\/wp-json\/wp\/v2\/media\/534651"}],"wp:attachment":[{"href":"https:\/\/www.europesays.com\/pl\/wp-json\/wp\/v2\/media?parent=534650"}],"wp:term":[{"taxonomy":"category","embeddable":true,"href":"https:\/\/www.europesays.com\/pl\/wp-json\/wp\/v2\/categories?post=534650"},{"taxonomy":"post_tag","embeddable":true,"href":"https:\/\/www.europesays.com\/pl\/wp-json\/wp\/v2\/tags?post=534650"}],"curies":[{"name":"wp","href":"https:\/\/api.w.org\/{rel}","templated":true}]}}