{"id":535402,"date":"2026-07-04T18:19:13","date_gmt":"2026-07-04T18:19:13","guid":{"rendered":"https:\/\/www.europesays.com\/pl\/535402\/"},"modified":"2026-07-04T18:19:13","modified_gmt":"2026-07-04T18:19:13","slug":"zuzel-czy-ktos-ugryzie-zmarzlika-czas-na-bitwe-w-imp-w-bydgoszczy-pobandzie","status":"publish","type":"post","link":"https:\/\/www.europesays.com\/pl\/535402\/","title":{"rendered":"\u017bu\u017cel. Czy kto\u015b ugryzie Zmarzlika? Czas na bitw\u0119 w IMP w Bydgoszczy! &#8211; PoBandzie"},"content":{"rendered":"<p class=\"wp-block-paragraph\">Czas rozda\u0107 kolejne punkty w walce o miano najlepszego \u017cu\u017clowca w Polsce! Po turnieju w Toruniu cykl przenosi si\u0119 na tor Abramczyk Polonii Bydgoszcz, kt\u00f3ry s\u0142ynie z dostarczania ogromnych emocji. Czy kto\u015b b\u0119dzie w stanie zatrzyma\u0107 Bartosza Zmarzlika?<\/p>\n<p>Po pierwszej rundzie tych zmaga\u0144, kt\u00f3ra odby\u0142a si\u0119 w Toruniu na czele stawki znajduje si\u0119 Bartosz Zmarzlik. Ma on jednak tylko 2 punkty przewagi nad drugim Piotrem Pawlickim. W czo\u0142\u00f3wce uplasowa\u0142 si\u0119 te\u017c Maciej Janowski ze strat\u0105 jedynie 3 punkt\u00f3w do lidera, a obro\u0144cy tytu\u0142u Patrykowi Dudkowi, kt\u00f3ry zako\u0144czy\u0142 zawody na 5. miejscu, do podium zabrak\u0142o punktu.<\/p>\n<p>Straty pozosta\u0142ych zawodnik\u00f3w r\u00f3wnie\u017c s\u0105 niewielkie, co zapowiada zaci\u0119t\u0105 walk\u0119 na bydgoskim torze. Namiesza\u0107 mog\u0105 bydgoscy zawodnicy, czyli Krzysztof Buczkowski, kt\u00f3ry w Toruniu uplasowa\u0142 si\u0119 tu\u017c za podium, Szymon Wo\u017aniak, Wiktor Przyjemski, a tak\u017ce startuj\u0105cy z dzik\u0105 kart\u0105 Maksymilian Pawe\u0142czak, \u015bwietnie radz\u0105cy sobie w Metaklas 2 Ekstralidze. Znajomo\u015b\u0107 toru mo\u017ce da\u0107 im przewag\u0119 nad zawodnikami je\u017cd\u017c\u0105cymi w PGE Ekstralidze, kt\u00f3rzy nie maj\u0105 z nim na co dzie\u0144 styczno\u015bci.<\/p>\n<p><a href=\"https:\/\/po-bandzie.com.pl\/zuzel-janowski-komentuje-zadyme-z-kibicami-unii-spiewali-o-polamaniu-kosci\/\" rel=\"nofollow noopener\" target=\"_blank\">\u017bu\u017cel. Janowski o zadymie z Uni\u0105! Pyta, gdzie s\u0105 rodzice! \u201e\u015apiewali o po\u0142amaniu ko\u015bci!\u201d \u2013 PoBandzie \u2013 Portal Sportowy<\/a><\/p>\n<p><a href=\"https:\/\/po-bandzie.com.pl\/zuzel-skandal-w-lesznie-janowski-obrzucony-butelkami-wideo\/\" rel=\"nofollow noopener\" target=\"_blank\">\u017bu\u017cel. Skandal w Lesznie! Janowski obrzucony butelkami! (WIDEO) \u2013 PoBandzie \u2013 Portal Sportowy<\/a><\/p>\n<p>Zawody w Bydgoszczy mog\u0105 si\u0119 wi\u0119c okaza\u0107 kluczowe w kontek\u015bcie walki o medale. Patryk Dudek wci\u0105\u017c ma szans\u0119 na obron\u0119 tytu\u0142u, ale czy jest w stanie pokona\u0107 innych \u015bwietnie dysponowanych zawodnik\u00f3w, w tym Bartosza Zmarzlika i Macieja Janowskiego, kt\u00f3rzy na pewno nie zamierzaj\u0105 odpuszcza\u0107? Po niebezpiecznym wypadku w lidze szwedzkiej pod znakiem zapytania stoi r\u00f3wnie\u017c dyspozycja Piotra Pawlickiego. Cho\u0107 polski \u017cu\u017clowiec zdo\u0142a\u0142 uko\u0144czy\u0107 zawody, mo\u017ce odczuwa\u0107 skutki upadku, co mo\u017ce wp\u0142yn\u0105\u0107 na jego wynik. Mecz w Lesznie z Betard Spart\u0105 pokaza\u0142, \u017ce do najwy\u017cszej formy \u201ePiterowi\u201d jeszcze nieco brakuje.\u00a0<\/p>\n<p>Fani z pewno\u015bci\u0105 wiele oczekuj\u0105 po torze w Bydgoszczy. Nic dziwnego. W Metalkas 2. Ekstralidze czy chocia\u017cby podczas Kryterium As\u00f3w ciekawych wy\u015bcig\u00f3w nie brakuje. Pytanie tylko czy tor b\u0119dzie przygotowany jak zazwyczaj i kluczem b\u0119dzie walka o miejsce przy p\u0142ocie. Odpowied\u017a na to pytanie poznamy zapewne w okolicach godz. 21:30.<\/p>\n<p><a href=\"https:\/\/po-bandzie.com.pl\/zuzel-ostro-na-linii-laguta-kibice-unii-intonowal-slynna-przyspiewke-wideo\/\" rel=\"nofollow noopener\" target=\"_blank\">\u017bu\u017cel. Ostro na linii \u0141aguta \u2013 kibice Unii! Intonowa\u0142 s\u0142ynn\u0105 przy\u015bpiewk\u0119! (WIDEO) \u2013 PoBandzie \u2013 Portal Sportowy<\/a><\/p>\n<p><a href=\"https:\/\/po-bandzie.com.pl\/zuzel-dlatego-unia-przegrala-ze-sparta-pawlicki-mowi-o-problemie-bykow\/\" rel=\"nofollow noopener\" target=\"_blank\">\u017bu\u017cel. Dlatego Unia przegra\u0142a ze Spart\u0105? Pawlicki m\u00f3wi o problemie Byk\u00f3w \u2013 PoBandzie \u2013 Portal Sportowy<\/a><\/p>\n<p>2. fina\u0142 IMP w Bydgoszczy. Gdzie ogl\u0105da\u0107?<\/p>\n<p>Szans\u0119 na w\u0142\u0105czenie si\u0119 do walki o czo\u0142owe lokaty maj\u0105 wci\u0105\u017c tak\u017ce pozostali zawodnicy. Przed nami wi\u0119c fascynuj\u0105ce zmagania, kt\u00f3re zadecyduj\u0105 kto b\u0119dzie walczy\u0107 o medale w wielkim finale 15 sierpnia w Ostrowie. Pocz\u0105tek zawod\u00f3w w Bydgoszczy zaplanowany jest na godzin\u0119 19. Transmisj\u0119 przeprowadzi stacja Canal+Sport.<\/p>\n<p>Lista startowa 2. fina\u0142u Indywidualnych Mistrzostw Polski w Bydgoszczy:\u00a0<\/p>\n<p>1. Przemys\u0142aw Pawlicki (Stelmet Falubaz Zielona G\u00f3ra)<br \/>2. Tobiasz Musielak (CELLFAST Wilki Krosno)<br \/>3. Mateusz Cierniak (Orlen Oil Motor Lublin)<br \/>4. Jakub Jamr\u00f3g (INNPRO ROW Rybnik)<br \/>5. Bartosz Zmarzlik (Orlen Oil Motor Lublin)<br \/>6. Krzysztof Buczkowski (Abramczyk Polonia Bydgoszcz)<br \/>7. Piotr Pawlicki (FOGO Unia Leszno)<br \/>8. Maksymilian Pawe\u0142czak (Abramczyk Polonia Bydgoszcz)<br \/>9. Bartosz Jaworski (Orlen Oil Motor Lublin)<br \/>10. Patryk Dudek (Pres Grupa Deweloperska Toru\u0144)<br \/>11. Maciej Janowski (Betard Sparta Wroc\u0142aw)<br \/>12. Dominik Kubera (Stelmet Falubaz Zielona Gora<br \/>13. Szymon Wo\u017aniak (Abramczyk Polonia Bydgoszcz)<br \/>14. Jakub Mi\u015bkowiak (Krono-Plast W\u0142\u00f3kniarz Cz\u0119stochowa)<br \/>15. Wiktor Przyjemski (Abramczyk Polonia Bydgoszcz)<br \/>16. Kacper Woryna (Orlen Oil Motor Lublin)<br \/>17. Kevin Ma\u0142kiewicz (BAYERSYSTEM GKM Grudzi\u0105dz)<br \/>18. Kacper Andrzejewski (Abramczyk Polonia Bydgoszcz)<\/p>\n<p>\u00a0<\/p>\n","protected":false},"excerpt":{"rendered":"Czas rozda\u0107 kolejne punkty w walce o miano najlepszego \u017cu\u017clowca w Polsce! Po turnieju w Toruniu cykl przenosi&hellip;\n","protected":false},"author":2,"featured_media":535403,"comment_status":"","ping_status":"","sticky":false,"template":"","format":"standard","meta":{"footnotes":"","_share_on_mastodon":"0"},"categories":[51613],"tags":[780,7132,72991,3972,12376,104898,104899,42,3973,38,40,72993,39,41,3977,23743,3981,104900,3983,12380,3984],"class_list":["post-535402","post","type-post","status-publish","format-standard","has-post-thumbnail","category-bydgoszcz","tag-bartosz-zmarzlik","tag-bydgoszcz","tag-bydgoszcz-zuzel","tag-google-news","tag-google-upday","tag-imp-bydgoszcz","tag-imp-zuzel","tag-pl","tag-pobandzie-zuzel","tag-poland","tag-polish","tag-polonia-bydgoszcz","tag-polska","tag-polski","tag-sport-zuzlowy","tag-zuzel-2026","tag-zuzel-google","tag-zuzel-imp","tag-zuzel-tv","tag-zuzel-wiadomosci","tag-zuzel-wyniki"],"share_on_mastodon":{"url":"https:\/\/pubeurope.com\/@pl\/116863091754295608","error":""},"_links":{"self":[{"href":"https:\/\/www.europesays.com\/pl\/wp-json\/wp\/v2\/posts\/535402","targetHints":{"allow":["GET"]}}],"collection":[{"href":"https:\/\/www.europesays.com\/pl\/wp-json\/wp\/v2\/posts"}],"about":[{"href":"https:\/\/www.europesays.com\/pl\/wp-json\/wp\/v2\/types\/post"}],"author":[{"embeddable":true,"href":"https:\/\/www.europesays.com\/pl\/wp-json\/wp\/v2\/users\/2"}],"replies":[{"embeddable":true,"href":"https:\/\/www.europesays.com\/pl\/wp-json\/wp\/v2\/comments?post=535402"}],"version-history":[{"count":0,"href":"https:\/\/www.europesays.com\/pl\/wp-json\/wp\/v2\/posts\/535402\/revisions"}],"wp:featuredmedia":[{"embeddable":true,"href":"https:\/\/www.europesays.com\/pl\/wp-json\/wp\/v2\/media\/535403"}],"wp:attachment":[{"href":"https:\/\/www.europesays.com\/pl\/wp-json\/wp\/v2\/media?parent=535402"}],"wp:term":[{"taxonomy":"category","embeddable":true,"href":"https:\/\/www.europesays.com\/pl\/wp-json\/wp\/v2\/categories?post=535402"},{"taxonomy":"post_tag","embeddable":true,"href":"https:\/\/www.europesays.com\/pl\/wp-json\/wp\/v2\/tags?post=535402"}],"curies":[{"name":"wp","href":"https:\/\/api.w.org\/{rel}","templated":true}]}}