{"id":535493,"date":"2026-07-04T19:22:13","date_gmt":"2026-07-04T19:22:13","guid":{"rendered":"https:\/\/www.europesays.com\/pl\/535493\/"},"modified":"2026-07-04T19:22:13","modified_gmt":"2026-07-04T19:22:13","slug":"korki-w-gdansku-kolizja-ktora-sparalizowala-ruch-i-przejazd-ciezarowek","status":"publish","type":"post","link":"https:\/\/www.europesays.com\/pl\/535493\/","title":{"rendered":"Korki w Gda\u0144sku: kolizja, kt\u00f3ra sparali\u017cowa\u0142a ruch i przejazd ci\u0119\u017car\u00f3wek"},"content":{"rendered":"<p>                <img decoding=\"async\" class=\"darkHidden\" loading=\"lazy\" src=\"https:\/\/s-trojmiasto.pl\/build\/assets\/svg\/reactions\/default.svg\" alt=\"Dodaj reakcj\u0119\"\/><br \/>\n                <img decoding=\"async\" class=\"lightHidden\" loading=\"lazy\" src=\"https:\/\/s-trojmiasto.pl\/build\/assets\/svg\/reactions\/default_inverted.svg\" alt=\"Dodaj reakcj\u0119\"\/><\/p>\n<p class=\"lead\">Popo\u0142udniowa kolizja <a data-tklik=\"479928\" href=\"https:\/\/mapa.trojmiasto.pl\/#\/location\/-110.51,121.79\/map\/-107.69,122.01,5,b\" onclick=\"openMap(this.href); return false;\" target=\"_blank\" title=\"zobacz na mapie Gda\u0144ska\" rel=\"nofollow noopener\">na skrzy\u017cowaniu Al. Grunwaldzkiej<img decoding=\"async\" class=\"icon-map\" src=\"https:\/\/www.trojmiasto.pl\/_img\/svg\/ico-map-flat.svg\" alt=\"Mapka\"\/><\/a> przy Galerii Ba\u0142tyckiej na d\u0142u\u017cszy czas sparali\u017cowa\u0142a przejazd w\u00a0stron\u0119 centrum Gda\u0144ska. Korki w\u00a0mie\u015bcie pot\u0119gowa\u0142a tak\u017ce parada samochod\u00f3w ci\u0119\u017carowych, co zwi\u0105zane by\u0142o z\u00a0<a data-tklik=\"391492\" target=\"_blank\" href=\"https:\/\/www.trojmiasto.pl\/moto\/W-sobote-wielki-festiwal-Scania-i-parada-ciezarowek-n222033.html\" rel=\"nofollow noopener\">festiwalem Pomorska Miss Scania<\/a>, czyli najwi\u0119kszym w\u00a0Polsce zlocie tuningowanych pojazd\u00f3w marki Scania.<\/p>\n<p>            <a class=\"tableOfContents__link\" href=\"#subtitle_1\">Du\u017ce utrudnienia na Al. Grunwaldzkiej<\/a><\/p>\n<p>            <a class=\"tableOfContents__link\" href=\"#subtitle_2\">Przejazd ci\u0119\u017car\u00f3wek spot\u0119gowa\u0142 korki w\u00a0mie\u015bcie<\/a><\/p>\n<p>                                irytuj\u0105 mnie i bym je ograniczy\u0142(a)<br \/>\n                                52%<\/p>\n<p>                                akceptuj\u0119, ale tylko okazjonalnie<br \/>\n                                17%<\/p>\n<p>                                lubi\u0119 takie wydarzenia mimo kork\u00f3w<br \/>\n                                15%<\/p>\n<p>Do st\u0142uczki dosz\u0142o na wysoko\u015bci Galerii Ba\u0142tyckiej, na skrzy\u017cowaniu pod estakad\u0105. Czytelnicy informowali, \u017ce uczestniczy\u0142y w\u00a0niej trzy samochody.Du\u017ce utrudnienia na Al. Grunwaldzkiej<\/p>\n<p>W efekcie najwi\u0119ksze problemy w\u00a0ruchu wyst\u0119powa\u0142y na Al. Grunwaldzkiej w\u00a0kierunku Gda\u0144ska G\u0142\u00f3wnego. Wed\u0142ug zg\u0142osze\u0144 kierowc\u00f3w ruch odbywa\u0142 si\u0119 tam tylko jednym pasem, dlatego zator szybko narasta\u0142 i\u00a0si\u0119ga\u0142 okolic \u017baka.<\/p>\n<p>                <a href=\"https:\/\/www.trojmiasto.pl\/raport\/Kolizja-pod-Galeria-Baltycka-na-skrzyzowaniu-rt480732.html\" rel=\"nofollow noopener\" target=\"_blank\">Raport: Moment kolizji przy Galerii Ba\u0142tyckiej<\/a><\/p>\n<p>\n                                            Jeden plan zablokowany, korek w stron\u0119 Gda\u0144ska od \u017baka i tylko sie pogarsza. W\u0142a\u015bnie pojawi\u0142a si\u0119 stra\u017c po\u017carna.\n                                    <\/p>\n<p>\n                                            Jeden plan zablokowany, korek w stron\u0119 Gda\u0144ska od \u017baka i tylko sie pogarsza. W\u0142a\u015bnie pojawi\u0142a si\u0119 stra\u017c po\u017carna.\n                                    <\/p>\n<\/p>\n<p>Przejazd ci\u0119\u017car\u00f3wek <a href=\"https:\/\/www.trojmiasto.pl\/dom\/Spot-i1639.html\" class=\"parse-link\" title=\"Spot\" rel=\"nofollow noopener\" target=\"_blank\">spot\u0119gowa\u0142<\/a> korki w\u00a0mie\u015bcie<\/p>\n<p>Swoje &#8222;trzy grosze&#8221; do sytuacji na drogach do\u0142o\u017cy\u0142a parada ci\u0119\u017car\u00f3wek, kt\u00f3ra przejecha\u0142a przez Gda\u0144sk. Kierowcy narzekali na rosn\u0105ce utrudnienia w\u00a0ruchu.<\/p>\n<p>                <a href=\"https:\/\/www.trojmiasto.pl\/raport\/Parada-ciezarowek-rt480729.html\" rel=\"nofollow noopener\" target=\"_blank\">Raport: Przejazd ci\u0119\u017car\u00f3wek Pomorska Miss Scania 2026<\/a><\/p>\n<p>\n                                            Zablokowali ca\u0142y ruch na Elbl\u0105skiej do centrum.\n                                    <\/p>\n<p>\n                                            Zablokowali ca\u0142y ruch na Elbl\u0105skiej do centrum.\n                                    <\/p>\n<\/p>\n<p>W sobot\u0119 na terenie Polsat Plus Arena Gda\u0144sk spotykaj\u0105 si\u0119 bowiem fani motoryzacji wagi ci\u0119\u017ckiej. Pomorska Miss Scania 2026 to najwi\u0119kszy w\u00a0Polsce zlot tuningowanych pojazd\u00f3w marki Scania.<\/p>\n","protected":false},"excerpt":{"rendered":"Popo\u0142udniowa kolizja na skrzy\u017cowaniu Al. Grunwaldzkiej przy Galerii Ba\u0142tyckiej na d\u0142u\u017cszy czas sparali\u017cowa\u0142a przejazd w\u00a0stron\u0119 centrum Gda\u0144ska. Korki&hellip;\n","protected":false},"author":2,"featured_media":535494,"comment_status":"","ping_status":"","sticky":false,"template":"","format":"standard","meta":{"footnotes":"","_share_on_mastodon":"0"},"categories":[51610],"tags":[35979,36005,15599,25410,17047,52086,6588,22927,1048,103186,1064,1085,3431,16930,1066,45514,42,26736,38,40,39,41,103563,10317,8973,1248,104921,82712,23571,38529,1063,42854,9759,10316,41507,23569,74488],"class_list":["post-535493","post","type-post","status-publish","format-standard","has-post-thumbnail","category-gdansk","tag-al-grunwaldzka","tag-aleja-grunwaldzka","tag-centrum","tag-ciezarowka","tag-czytelnik","tag-estakada","tag-festiwal","tag-galeria-baltycka","tag-gdansk","tag-gdansk-glowny","tag-gdynia","tag-kierowca","tag-kolizja","tag-korek","tag-miasto","tag-parada","tag-pl","tag-pojazd","tag-poland","tag-polish","tag-polska","tag-polski","tag-pomorska-miss-scania","tag-przejazd","tag-ruch","tag-samochod","tag-samochod-ciezarowy","tag-scania","tag-skrzyzowanie","tag-sluzba","tag-sopot","tag-stluczka","tag-tuning","tag-utrudnienie","tag-zak","tag-zator","tag-zlot"],"share_on_mastodon":{"url":"https:\/\/pubeurope.com\/@pl\/116863340176591075","error":""},"_links":{"self":[{"href":"https:\/\/www.europesays.com\/pl\/wp-json\/wp\/v2\/posts\/535493","targetHints":{"allow":["GET"]}}],"collection":[{"href":"https:\/\/www.europesays.com\/pl\/wp-json\/wp\/v2\/posts"}],"about":[{"href":"https:\/\/www.europesays.com\/pl\/wp-json\/wp\/v2\/types\/post"}],"author":[{"embeddable":true,"href":"https:\/\/www.europesays.com\/pl\/wp-json\/wp\/v2\/users\/2"}],"replies":[{"embeddable":true,"href":"https:\/\/www.europesays.com\/pl\/wp-json\/wp\/v2\/comments?post=535493"}],"version-history":[{"count":0,"href":"https:\/\/www.europesays.com\/pl\/wp-json\/wp\/v2\/posts\/535493\/revisions"}],"wp:featuredmedia":[{"embeddable":true,"href":"https:\/\/www.europesays.com\/pl\/wp-json\/wp\/v2\/media\/535494"}],"wp:attachment":[{"href":"https:\/\/www.europesays.com\/pl\/wp-json\/wp\/v2\/media?parent=535493"}],"wp:term":[{"taxonomy":"category","embeddable":true,"href":"https:\/\/www.europesays.com\/pl\/wp-json\/wp\/v2\/categories?post=535493"},{"taxonomy":"post_tag","embeddable":true,"href":"https:\/\/www.europesays.com\/pl\/wp-json\/wp\/v2\/tags?post=535493"}],"curies":[{"name":"wp","href":"https:\/\/api.w.org\/{rel}","templated":true}]}}