{"id":535594,"date":"2026-07-04T20:36:12","date_gmt":"2026-07-04T20:36:12","guid":{"rendered":"https:\/\/www.europesays.com\/pl\/535594\/"},"modified":"2026-07-04T20:36:12","modified_gmt":"2026-07-04T20:36:12","slug":"100-tys-zl-to-nie-wszystko-ujawniono-najwyzsze-zarobki-lekarzy-na-slasku","status":"publish","type":"post","link":"https:\/\/www.europesays.com\/pl\/535594\/","title":{"rendered":"100 tys. z\u0142 to nie wszystko. Ujawniono najwy\u017csze zarobki lekarzy na \u015al\u0105sku"},"content":{"rendered":"<p>G\u0142o\u015bna sprawa m\u0142odego lekarza z Warszawy. Zarobki lekarzy na celowniku opinii publicznej<\/p>\n<p>Dyskusja na temat zarobk\u00f3w lekarzy rozgorza\u0142a na nowo po ujawnieniu dochod\u00f3w Dawida Kacprzyka, 29-letniego lekarza ze Szpitala Po\u0142udniowego w Warszawie. Jego wynagrodzenie sta\u0142o si\u0119 przedmiotem publicznej debaty, zw\u0142aszcza \u017ce Kacprzyk jako radny musia\u0142 ujawnia\u0107 swoje o\u015bwiadczenia maj\u0105tkowe.<\/p>\n<p>W efekcie temat pensji lekarzy nabra\u0142 tak\u017ce wymiaru politycznego, a rz\u0105d przygotowa\u0142 projekt ustawy umo\u017cliwiaj\u0105cej zbieranie danych o zarobkach lekarzy, powi\u0105zanych z numerem PESEL.<\/p>\n<p>Pensje lekarzy od lat rozbudzaj\u0105 wyobra\u017ani\u0119 spo\u0142ecze\u0144stwa. Niedawno g\u0142o\u015bno by\u0142o o ofercie pracy dla lekarza SOR w Szpitalu Wojew\u00f3dzkim w Bielsku-Bia\u0142ej. W og\u0142oszeniu proponowano stawk\u0119 od 260 do 450 z\u0142 za godzin\u0119, co w przeliczeniu na miesi\u0105c mog\u0142o dawa\u0107 nawet ponad 100 tys. z\u0142 brutto. W pakiecie oferowano tak\u017ce mieszkanie s\u0142u\u017cbowe. W mediach spo\u0142eczno\u015bciowych pojawi\u0142y si\u0119 jednak g\u0142osy lekarzy, kt\u00f3rzy podkre\u015blali, \u017ce osi\u0105gni\u0119cie takich zarobk\u00f3w wymaga\u0142oby pracy przez kilkaset godzin miesi\u0119cznie \u2014 co jest praktycznie niemo\u017cliwe, zw\u0142aszcza na wymagaj\u0105cym oddziale ratunkowym.<\/p>\n<p>\u2014 Ja do takiej pracy nie poszed\u0142bym za \u017cadne pieni\u0105dze. SOR to pole bitwy, jedno z najtrudniejszych miejsc w szpitalu \u2014 m\u00f3wi jeden z lekarzy z Bielska-Bia\u0142ej cytowany przez serwis. Ostatecznie jednak obsad\u0119 uda\u0142o si\u0119 skompletowa\u0107.<\/p>\n<p>Rekordzista z Sosnowca \u2014 14 godzin dy\u017curu dziennie przez ca\u0142y rok<\/p>\n<p>W lipcu ubieg\u0142ego roku Ewa Szota, radna Koalicji Obywatelskiej z Sosnowca, zwr\u00f3ci\u0142a si\u0119 do w\u0142adz miasta z interpelacj\u0105 dotycz\u0105c\u0105 liczby godzin przepracowanych przez lekarzy w Szpitalu Miejskim. Z uzyskanych danych wynika\u0142o, \u017ce w plac\u00f3wce wi\u0119cej lekarzy pracuje na kontraktach ni\u017c na etatach, a rozbie\u017cno\u015bci w liczbie przepracowanych godzin s\u0105 ogromne.<\/p>\n<p>     Rekordzist\u0105 okaza\u0142 si\u0119 lekarz kontraktowy na oddziale <a href=\"https:\/\/www.medonet.pl\/zdrowie\/czym-zajmuje-sie-chirurg\/t5zk735\" id=\"9f8a8694-2164-45dc-a9b1-af8360f1a373\" rel=\"nofollow noopener\" target=\"_blank\">chirurgii<\/a> og\u00f3lnej, kt\u00f3ry w ci\u0105gu roku przepracowa\u0142 a\u017c 4881 godzin \u2014 co daje \u015brednio 14 godzin dziennie, bez dni wolnych czy urlopu. Dla por\u00f3wnania, pi\u0119ciu lekarzy zatrudnionych na etacie na tym samym oddziale przepracowa\u0142o \u0142\u0105cznie mniej godzin ni\u017c jeden lekarz na kontrakcie.<\/p>\n<p>\u015al\u0105ski NFZ nie podj\u0105\u0142 \u017cadnych dzia\u0142a\u0144 w tej sprawie, argumentuj\u0105c, \u017ce nie ma przepis\u00f3w ograniczaj\u0105cych czas pracy lekarzy zatrudnionych na kontraktach.<\/p>\n<p>Ile zarabiaj\u0105 lekarze w \u015bl\u0105skich szpitalach?Dziennikarze serwisu katowice.wyborcza.pl zestawili zarobki lekarzy w szpitalach wojew\u00f3dztwa \u015bl\u0105skiego. <a href=\"https:\/\/www.medonet.pl\/zdrowie\/wiadomosci\/lekarz-przepracowal-w-ciagu-roku-4881-godzin-to-patologia\/ec5r1zm\" id=\"019bd2e8-6ee5-42c1-9311-27fedd63a61a\" rel=\"nofollow noopener\" target=\"_blank\">Pierwsz\u0105 wersj\u0119 raportu GW opublikowa\u0142a ju\u017c w styczniu br.<\/a><\/p>\n<p>Wiele plac\u00f3wek przepytywanych na t\u0119 okoliczno\u015b\u0107 odm\u00f3wi\u0142o udzielenia takich informacji, powo\u0142uj\u0105c si\u0119 na konieczno\u015b\u0107 wykazania szczeg\u00f3lnego interesu publicznego. Uda\u0142o si\u0119 jednak uzyska\u0107 pewne dane.<\/p>\n<p>     Zarobki lekarzy na etacie (kwoty brutto miesi\u0119cznie):<\/p>\n<ul class=\"ods-m-bullet-list\">\n<li class=\"ods-a-bullet ods-a-bullet--normal\"> najni\u017csze pensje zaczynaj\u0105 si\u0119 od 401,50 z\u0142 brutto dla lekarza <a href=\"https:\/\/www.medonet.pl\/zdrowie\/rehabilitacja-na-czym-polega\/rmwr0t7\" rel=\"nofollow noopener\" target=\"_blank\">rehabilitacji<\/a> medycznej w G\u00f3rno\u015bl\u0105skim Centrum Medycznym w Katowicach. <\/li>\n<li class=\"ods-a-bullet ods-a-bullet--normal\"> lekarze sta\u017cy\u015bci w \u015bl\u0105skich szpitalach zarabiaj\u0105 od 6 029 z\u0142 do ponad 10 000 z\u0142 brutto miesi\u0119cznie. <\/li>\n<li class=\"ods-a-bullet ods-a-bullet--normal\"> lekarze bez specjalizacji otrzymuj\u0105 wynagrodzenie na poziomie 8 181,72 z\u0142 w Wojew\u00f3dzkim Szpitalu Specjalistycznym w Cz\u0119stochowie. <\/li>\n<li class=\"ods-a-bullet ods-a-bullet--normal\"> lekarze specjali\u015bci mog\u0105 liczy\u0107 na pensje od 10 375 z\u0142 w Gliwicach do nawet 54 000 z\u0142 w przypadku anestezjologa w szpitalach podleg\u0142ych marsza\u0142kowi wojew\u00f3dztwa \u015bl\u0105skiego. <\/li>\n<li class=\"ods-a-bullet ods-a-bullet--normal\"> najwy\u017csze wynagrodzenia dotycz\u0105 ordynator\u00f3w i lekarzy ze specjalizacj\u0105 \u2014 w niekt\u00f3rych przypadkach si\u0119gaj\u0105 one nawet 63 000 z\u0142 brutto miesi\u0119cznie. <\/li>\n<\/ul>\n<p>Zarobki lekarzy na kontraktach (kwoty brutto miesi\u0119cznie):<\/p>\n<ul class=\"ods-m-bullet-list\">\n<li class=\"ods-a-bullet ods-a-bullet--normal\"> najni\u017csze stawki dla lekarzy kontraktowych zaczynaj\u0105 si\u0119 od 600 z\u0142 w Jastrz\u0119biu-Zdroju. <\/li>\n<li class=\"ods-a-bullet ods-a-bullet--normal\"> \u015brednie wynagrodzenie lekarza <a href=\"https:\/\/www.medonet.pl\/zdrowie\/psychiatra-czym-sie-zajmuje\/xryz9my\" rel=\"nofollow noopener\" target=\"_blank\">psychiatry<\/a> w Rudzie \u015al\u0105skiej to 16 024,85 z\u0142, a maksymalne dla tej specjalizacji w Katowicach \u2014 18 000 z\u0142. <\/li>\n<li class=\"ods-a-bullet ods-a-bullet--normal\"> lekarze specjali\u015bci w wybranych dziedzinach, np. kardiolodzy czy kardiochirurdzy, mog\u0105 zarobi\u0107 nawet ponad 80 000 z\u0142 miesi\u0119cznie. <\/li>\n<li class=\"ods-a-bullet ods-a-bullet--normal\"> najwy\u017csze wynagrodzenie dla lekarza specjalisty w Wojew\u00f3dzkim Szpitalu Specjalistycznym \u015bw. Barbary w Sosnowcu wynios\u0142o a\u017c 116 021 z\u0142, a w niekt\u00f3rych przypadkach pensje przekracza\u0142y nawet 170 000 z\u0142. <\/li>\n<\/ul>\n<p>Stawki godzinowe lekarzy kontraktowych (kwoty brutto za godzin\u0119):<\/p>\n<ul class=\"ods-m-bullet-list\">\n<li class=\"ods-a-bullet ods-a-bullet--normal\"> najni\u017csze stawki godzinowe zaczynaj\u0105 si\u0119 od 65 z\u0142 dla neurologa. <\/li>\n<li class=\"ods-a-bullet ods-a-bullet--normal\"> lekarze specjali\u015bci mog\u0105 liczy\u0107 na stawki od 100 do nawet 330 z\u0142 za godzin\u0119 \u2014 w zale\u017cno\u015bci od specjalizacji i plac\u00f3wki. <\/li>\n<li class=\"ods-a-bullet ods-a-bullet--normal\"> najwy\u017csze stawki dotycz\u0105 anestezjolog\u00f3w i neurochirurg\u00f3w w szpitalach podleg\u0142ych marsza\u0142kowi wojew\u00f3dztwa. <\/li>\n<\/ul>\n<p>Zarobki lekarzy zale\u017c\u0105 od wielu czynnik\u00f3w<\/p>\n<p>Jak pokazuj\u0105 powy\u017csze dane, wynagrodzenie lekarzy w \u015bl\u0105skich szpitalach jest bardzo zr\u00f3\u017cnicowane. Kluczowe znaczenie ma tutaj specjalizacja, forma zatrudnienia (etat czy kontrakt), a tak\u017ce liczba przepracowanych godzin.<\/p>\n","protected":false},"excerpt":{"rendered":"G\u0142o\u015bna sprawa m\u0142odego lekarza z Warszawy. Zarobki lekarzy na celowniku opinii publicznej Dyskusja na temat zarobk\u00f3w lekarzy rozgorza\u0142a&hellip;\n","protected":false},"author":2,"featured_media":535595,"comment_status":"","ping_status":"","sticky":false,"template":"","format":"standard","meta":{"footnotes":"","_share_on_mastodon":"0"},"categories":[12],"tags":[100301,61195,32,33,36,37,27,34,35,28,31,48,25,229,5354,46,42,38,40,39,41,47,11479,30117,29,30,100302,26],"class_list":["post-535594","post","type-post","status-publish","format-standard","has-post-thumbnail","category-polska","tag-biznes_system_i_zdrowie","tag-bottomfeed_styl","tag-breaking-news","tag-breakingnews","tag-featured-news","tag-featurednews","tag-headlines","tag-latest-news","tag-latestnews","tag-naglowki","tag-najwazniejsze-artykuly","tag-nat_styl","tag-news","tag-nfz","tag-ochrona_zdrowia","tag-omp","tag-pl","tag-poland","tag-polish","tag-polska","tag-polski","tag-screening_general","tag-sor","tag-specjalizacje_medyczne","tag-top-stories","tag-topstories","tag-trendy_w_ochronie_zdrowia","tag-wiadomosci"],"share_on_mastodon":{"url":"https:\/\/pubeurope.com\/@pl\/116863630471464348","error":""},"_links":{"self":[{"href":"https:\/\/www.europesays.com\/pl\/wp-json\/wp\/v2\/posts\/535594","targetHints":{"allow":["GET"]}}],"collection":[{"href":"https:\/\/www.europesays.com\/pl\/wp-json\/wp\/v2\/posts"}],"about":[{"href":"https:\/\/www.europesays.com\/pl\/wp-json\/wp\/v2\/types\/post"}],"author":[{"embeddable":true,"href":"https:\/\/www.europesays.com\/pl\/wp-json\/wp\/v2\/users\/2"}],"replies":[{"embeddable":true,"href":"https:\/\/www.europesays.com\/pl\/wp-json\/wp\/v2\/comments?post=535594"}],"version-history":[{"count":0,"href":"https:\/\/www.europesays.com\/pl\/wp-json\/wp\/v2\/posts\/535594\/revisions"}],"wp:featuredmedia":[{"embeddable":true,"href":"https:\/\/www.europesays.com\/pl\/wp-json\/wp\/v2\/media\/535595"}],"wp:attachment":[{"href":"https:\/\/www.europesays.com\/pl\/wp-json\/wp\/v2\/media?parent=535594"}],"wp:term":[{"taxonomy":"category","embeddable":true,"href":"https:\/\/www.europesays.com\/pl\/wp-json\/wp\/v2\/categories?post=535594"},{"taxonomy":"post_tag","embeddable":true,"href":"https:\/\/www.europesays.com\/pl\/wp-json\/wp\/v2\/tags?post=535594"}],"curies":[{"name":"wp","href":"https:\/\/api.w.org\/{rel}","templated":true}]}}