{"id":535755,"date":"2026-07-04T22:38:16","date_gmt":"2026-07-04T22:38:16","guid":{"rendered":"https:\/\/www.europesays.com\/pl\/535755\/"},"modified":"2026-07-04T22:38:16","modified_gmt":"2026-07-04T22:38:16","slug":"nawrocki-z-okazji-250-lecia-usa-sojusz-polski-i-stanow-zjednoczonych-jest-filarem-bezpieczenstwa","status":"publish","type":"post","link":"https:\/\/www.europesays.com\/pl\/535755\/","title":{"rendered":"Nawrocki z okazji 250-lecia USA: Sojusz Polski i Stan\u00f3w Zjednoczonych jest filarem bezpiecze\u0144stwa"},"content":{"rendered":"<p class=\"news__lead\">Stany Zjednoczone \u015bwi\u0119tuj\u0105 w sobot\u0119 250. rocznic\u0119 og\u0142oszenia niepodleg\u0142o\u015bci. Z tej okazji prezydent Karol Nawrocki z\u0142o\u017cy\u0142 Amerykanom gratulacje, podkre\u015blaj\u0105c historyczne wi\u0119zi \u0142\u0105cz\u0105ce oba pa\u0144stwa oraz znaczenie polsko-ameryka\u0144skiego partnerstwa dla bezpiecze\u0144stwa Europy i NATO.<\/p>\n<p>                                                                                                                                                                                                                                                                                    <a name=\"topic_0\">250-lecie USA. Prezydent Karol Nawrocki pogratulowa\u0142 Amerykanom<\/a>  <\/p>\n<p>4 lipca 1776 roku przedstawiciele trzynastu brytyjskich kolonii w Ameryce P\u00f3\u0142nocnej podpisali Deklaracj\u0119 Niepodleg\u0142o\u015bci, kt\u00f3ra da\u0142a pocz\u0105tek niezale\u017cnym Stanom Zjednoczonym. Dokument uzasadnia\u0142 prawo kolonii do zerwania wi\u0119zi z koron\u0105 brytyjsk\u0105 i uzyskania pe\u0142nej suwerenno\u015bci.<\/p>\n<p>W opublikowanym na platformie X wpisie prezydent Karol Nawrocki napisa\u0142, \u017ce \u201e250 lat niepodleg\u0142ych Stan\u00f3w Zjednoczonych to jubileusz narodu, kt\u00f3ry na trwa\u0142e wpisa\u0142 si\u0119 w histori\u0119 walki o wolno\u015b\u0107 i demokracj\u0119\u201d. Doda\u0142 r\u00f3wnie\u017c: \u201eZ tej okazji sk\u0142adam Narodowi Ameryka\u0144skiemu serdeczne gratulacje, przesy\u0142aj\u0105c pozdrowienia z Polski\u201d.<\/p>\n<p>Prezydent zwr\u00f3ci\u0142 uwag\u0119, \u017ce relacje mi\u0119dzy Polsk\u0105 a USA maj\u0105 g\u0142\u0119bokie historyczne korzenie. Jak zaznaczy\u0142, \u201ePolsk\u0119 i Stany Zjednoczone po\u0142\u0105czy\u0142y idea\u0142y wolno\u015bci jeszcze w XVIII wieku\u201d. Przypomnia\u0142 tak\u017ce zas\u0142ugi bohater\u00f3w obu narod\u00f3w. \u201ePo\u0142\u0105czyli je Pu\u0142aski i Ko\u015bciuszko, tradycja konstytucyjnego pa\u0144stwa, miliony Polak\u00f3w buduj\u0105cych ameryka\u0144ski sukces oraz wsp\u00f3lna walka o bezpieczny i wolny \u015bwiat\u201d \u2013 napisa\u0142. W swoim wpisie wspomnia\u0142 r\u00f3wnie\u017c o \u201eameryka\u0144skim wsparciu dla odrodzenia niepodleg\u0142ej Rzeczypospolitej w 1918 roku\u201d, a tak\u017ce o pomocy udzielonej Polsce podczas wojny polsko-bolszewickiej.<\/p>\n<p>  <a name=\"topic_1\">Nawrocki podzi\u0119kowa\u0142 Donaldowi Trumpowi za \u201e\u017cyczliwo\u015b\u0107 wobec Polski\u201d<\/a>  <\/p>\n<p>Karol Nawrocki podkre\u015bli\u0142 r\u00f3wnie\u017c strategiczny wymiar wsp\u00f3\u0142pracy obu pa\u0144stw. Oceni\u0142, \u017ce sojusz Polski i Stan\u00f3w Zjednoczonych jest \u201ejednym z filar\u00f3w bezpiecze\u0144stwa Europy i ca\u0142ego Sojuszu P\u00f3\u0142nocnoatlantyckiego\u201d. Wyrazi\u0142 przy tym przekonanie, \u017ce dalsza wsp\u00f3\u0142praca \u201eprezydent\u00f3w Polski i Stan\u00f3w Zjednoczonych b\u0119dzie on nadal umacniany z korzy\u015bci\u0105 dla obu naszych narod\u00f3w\u201d. Zwr\u00f3ci\u0142 si\u0119 tak\u017ce do prezydenta USA, pisz\u0105c: \u201eDzi\u0119kuj\u0119 Prezydentowi Donaldowi Trumpowi za \u017cyczliwo\u015b\u0107 wobec Polski i za wsp\u00f3lne dzia\u0142ania na rzecz umacniania naszego strategicznego partnerstwa. Razem czynimy go jeszcze silniejszym\u201d.<\/p>\n<p>  <a name=\"topic_2\">Obchody 250-lecia USA b\u0119d\u0105 trwa\u0142y kilka miesi\u0119cy<\/a>  <\/p>\n<p>Obchody 250-lecia Stan\u00f3w Zjednoczonych roz\u0142o\u017cono na kilka miesi\u0119cy, jednak kulminacja przypada na Dzie\u0144 Niepodleg\u0142o\u015bci. Organizacj\u0119 najwa\u017cniejszych wydarze\u0144 powierzono inicjatywie Freedom 250, kt\u00f3rej utworzenie og\u0142osi\u0142 w ubieg\u0142ym roku Donald Trump.<\/p>\n<p>Jednym z pierwszych element\u00f3w jubileuszowych obchod\u00f3w by\u0142a czerwcowa gala mieszanych sztuk walki, zorganizowana w ogrodach Bia\u0142ego Domu na specjalnie przygotowanej arenie. Wydarzenie odby\u0142o si\u0119 w Dniu Flagi, kt\u00f3ry zbieg\u0142 si\u0119 z 80. urodzinami prezydenta USA, i zosta\u0142o w\u0142\u0105czone do programu rocznicowych uroczysto\u015bci. Z kolei w ubieg\u0142ym tygodniu w centrum Waszyngtonu otwarto wystaw\u0119 prezentuj\u0105c\u0105 dorobek i kultur\u0119 poszczeg\u00f3lnych ameryka\u0144skich stan\u00f3w.<\/p>\n<p>Na sobotni wiecz\u00f3r zaplanowano \u201espektakularny wiec Trumpa pod has\u0142em \u00bbHo\u0142d dla Ameryki\u00ab\u201d, po kt\u00f3rym ma odby\u0107 si\u0119 \u2013 jak zapowiedziano \u2013 \u201enajwi\u0119kszy w historii\u201d pokaz fajerwerk\u00f3w. Stacja CNN przypomina, \u017ce podczas obchod\u00f3w 200-lecia niepodleg\u0142o\u015bci w 1976 roku pokaz sztucznych ogni na National Mall w Waszyngtonie zgromadzi\u0142 oko\u0142o miliona widz\u00f3w.<\/p>\n<p>Rocznic\u0119 maj\u0105 upami\u0119tni\u0107 tak\u017ce specjalne wydawnictwa i projekty. Od 6 lipca Amerykanie b\u0119d\u0105 mogli ubiega\u0107 si\u0119 o limitowan\u0105 edycj\u0119 paszport\u00f3w z wizerunkiem Donalda Trumpa. W marcu zatwierdzono r\u00f3wnie\u017c wybicie pami\u0105tkowej 24-karatowej z\u0142otej monety z podobizn\u0105 prezydenta. Administracja pracuje ponadto nad emisj\u0105 banknotu o nominale 250 dolar\u00f3w z jego wizerunkiem i podpisem.<\/p>\n<p>W planach jest tak\u017ce budowa monumentalnego \u0142uku triumfalnego maj\u0105cego uczci\u0107 250-lecie USA. Wed\u0142ug zapowiedzi Donalda Trumpa konstrukcja ma osi\u0105gn\u0105\u0107 76 metr\u00f3w wysoko\u015bci, a jej zwie\u0144czeniem b\u0119dzie z\u0142ota Statua Wolno\u015bci otoczona czterema z\u0142otymi lwami. Prezydent sugerowa\u0142 r\u00f3wnie\u017c, \u017ce powstaj\u0105ca przy Bia\u0142ym Domu nowa sala balowa b\u0119dzie nawi\u0105zywa\u0107 do obchod\u00f3w jubileuszu ameryka\u0144skiej niepodleg\u0142o\u015bci.<\/p>\n<p>                                                                                                                                                                                                        ]]><\/p>\n","protected":false},"excerpt":{"rendered":"Stany Zjednoczone \u015bwi\u0119tuj\u0105 w sobot\u0119 250. rocznic\u0119 og\u0142oszenia niepodleg\u0142o\u015bci. Z tej okazji prezydent Karol Nawrocki z\u0142o\u017cy\u0142 Amerykanom gratulacje,&hellip;\n","protected":false},"author":2,"featured_media":535756,"comment_status":"","ping_status":"","sticky":false,"template":"","format":"standard","meta":{"footnotes":"","_share_on_mastodon":"0"},"categories":[62712],"tags":[425,1835,690,39,383,598,4293,52047,2278,5808],"class_list":["post-535755","post","type-post","status-publish","format-standard","has-post-thumbnail","category-karol-nawrocki","tag-bezpieczenstwo","tag-donald-trump","tag-karol-nawrocki","tag-polska","tag-prawo","tag-ropa","tag-stany-zjednoczone","tag-wm-wolne-media","tag-wojna-na-ukrainie","tag-zloto"],"share_on_mastodon":{"url":"","error":""},"_links":{"self":[{"href":"https:\/\/www.europesays.com\/pl\/wp-json\/wp\/v2\/posts\/535755","targetHints":{"allow":["GET"]}}],"collection":[{"href":"https:\/\/www.europesays.com\/pl\/wp-json\/wp\/v2\/posts"}],"about":[{"href":"https:\/\/www.europesays.com\/pl\/wp-json\/wp\/v2\/types\/post"}],"author":[{"embeddable":true,"href":"https:\/\/www.europesays.com\/pl\/wp-json\/wp\/v2\/users\/2"}],"replies":[{"embeddable":true,"href":"https:\/\/www.europesays.com\/pl\/wp-json\/wp\/v2\/comments?post=535755"}],"version-history":[{"count":0,"href":"https:\/\/www.europesays.com\/pl\/wp-json\/wp\/v2\/posts\/535755\/revisions"}],"wp:featuredmedia":[{"embeddable":true,"href":"https:\/\/www.europesays.com\/pl\/wp-json\/wp\/v2\/media\/535756"}],"wp:attachment":[{"href":"https:\/\/www.europesays.com\/pl\/wp-json\/wp\/v2\/media?parent=535755"}],"wp:term":[{"taxonomy":"category","embeddable":true,"href":"https:\/\/www.europesays.com\/pl\/wp-json\/wp\/v2\/categories?post=535755"},{"taxonomy":"post_tag","embeddable":true,"href":"https:\/\/www.europesays.com\/pl\/wp-json\/wp\/v2\/tags?post=535755"}],"curies":[{"name":"wp","href":"https:\/\/api.w.org\/{rel}","templated":true}]}}