{"id":535808,"date":"2026-07-04T23:35:44","date_gmt":"2026-07-04T23:35:44","guid":{"rendered":"https:\/\/www.europesays.com\/pl\/535808\/"},"modified":"2026-07-04T23:35:44","modified_gmt":"2026-07-04T23:35:44","slug":"awantura-w-wiedniu-tak-policja-potraktowala-polskich-kibicow","status":"publish","type":"post","link":"https:\/\/www.europesays.com\/pl\/535808\/","title":{"rendered":"Awantura w Wiedniu. Tak policja potraktowa\u0142a polskich kibic\u00f3w"},"content":{"rendered":"\n<p class=\"contentpart contentpart--default contentpart--text\" data-position=\"0\">Spotkanie w Sport Arena Wien zosta\u0142o przerwane przez interwencj\u0119 austriackiej policji w sektorze zajmowanym przez bia\u0142o-czerwonych kibic\u00f3w. Wed\u0142ug relacji obecnych na hali fan\u00f3w funkcjonariusze wkroczyli po tym, jak pojawi\u0142y si\u0119 zastrze\u017cenia dotycz\u0105ce megafonu u\u017cywanego przez zorganizowan\u0105 grup\u0119 sympatyk\u00f3w reprezentacji Polski.<\/p>\n<p class=\"contentpart contentpart--default contentpart--text\" data-position=\"1\">Sytuacja bardzo szybko wymkn\u0119\u0142a si\u0119 spod kontroli. Jak relacjonowali \u015bwiadkowie, policjanci u\u017cyli si\u0142y wobec kibic\u00f3w, a cz\u0119\u015b\u0107 z nich zosta\u0142a zmuszona do opuszczenia hali jeszcze w przerwie spotkania.<\/p>\n<p>  <img decoding=\"async\" src=\"https:\/\/v.wpimg.pl\/X3dwLnN2d1IFFTpdYUl6R0ZNbgcnEHQREVV2TGEGbUtRT2MdOlZ2RBQUKABgQjQcDRotCStBd1IAAWMeIlM7VgwYIAorQAdEFFk_GCkQJQ\" alt=\"\" width=\"45\" height=\"58\" loading=\"lazy\"\/>       <\/p>\n<p class=\"contentpart contentpart--default contentpart--text\" data-position=\"3\">&#8222;Klub kibica musia\u0142 w przerwie opu\u015bci\u0107 mecz. Cz\u0119\u015b\u0107 po dobroci, cz\u0119\u015b\u0107 ju\u017c niekoniecznie&#8221; &#8211; napisa\u0142 jeden z u\u017cytkownik\u00f3w platformy X.<\/p>\n<p class=\"contentpart contentpart--default contentpart--text\" data-position=\"4\">&#8222;Uzupe\u0142niaj\u0105c dodam, \u017ce co\u015b wnie\u015bli, nie chcieli odda\u0107 i szarpali si\u0119 ze s\u0142u\u017cbami. To by\u0142o wida\u0107 z mojej perspektywy&#8221; &#8211; doda\u0142.<\/p>\n<p class=\"contentpart contentpart--default contentpart--text\" data-position=\"5\">Do sprawy odnios\u0142a si\u0119 r\u00f3wnie\u017c austriacka federacja koszykarska. Jej sekretarz generalny Aldin Saracevic wyja\u015bni\u0142, \u017ce s\u0142u\u017cby przez d\u0142u\u017cszy czas pr\u00f3bowa\u0142y za\u0142agodzi\u0107 sytuacj\u0119, jednak ostatecznie zdecydowano o opr\u00f3\u017cnieniu sektora go\u015bci.<\/p>\n<p class=\"contentpart contentpart--default contentpart--text\" data-position=\"6\">&#8211; Przez dwie kwarty podejmowali\u015bmy r\u00f3\u017cne dzia\u0142ania deeskalacyjne i apelowali\u015bmy o rozs\u0105dek. Chcemy zapewni\u0107 naszym kibicom bezpieczne ogl\u0105danie meczu, dlatego z powod\u00f3w bezpiecze\u0144stwa opuszczenie hali przez ten sektor by\u0142o ostatecznie nieuniknione &#8211; powiedzia\u0142 Saracevic.<\/p>\n<p>  <img decoding=\"async\" src=\"https:\/\/v.wpimg.pl\/X3dwLnN2d1IFFTpdYUl6R0ZNbgcnEHQREVV2TGEGbUtRT2MdOlZ2RBQUKABgQjQcDRotCStBd1IAAWMeIlM7VgwYIAorQAdEFFk_GCkQJQ\" alt=\"\" width=\"45\" height=\"58\" loading=\"lazy\"\/>  <\/p>\n<p class=\"contentpart contentpart--default contentpart--text\" data-position=\"7\">Sportowo pi\u0105tkowy wiecz\u00f3r nale\u017ca\u0142 jednak zdecydowanie do reprezentacji Polski. Zesp\u00f3\u0142 rozgromi\u0142 Austri\u0119 123:77. W poniedzia\u0142ek Bia\u0142o-Czerwoni zagraj\u0105 z Holandi\u0105.<\/p>\n<p class=\"contentpart contentpart--default contentpart--text\" data-position=\"8\">ZOBACZ WIDEO: \u015awi\u0105tek gra dalej na Wimbledonie.&#8221;Niekwestionowana faworytka&#8221;<\/p>\n","protected":false},"excerpt":{"rendered":"Spotkanie w Sport Arena Wien zosta\u0142o przerwane przez interwencj\u0119 austriackiej policji w sektorze zajmowanym przez bia\u0142o-czerwonych kibic\u00f3w. Wed\u0142ug&hellip;\n","protected":false},"author":2,"featured_media":535809,"comment_status":"","ping_status":"","sticky":false,"template":"","format":"standard","meta":{"footnotes":"","_share_on_mastodon":"0"},"categories":[12],"tags":[294,18873,2449,42,38,40,39,41,539],"class_list":["post-535808","post","type-post","status-publish","format-standard","has-post-thumbnail","category-polska","tag-austria","tag-basket-w-europie","tag-koszykowka","tag-pl","tag-poland","tag-polish","tag-polska","tag-polski","tag-reprezentacje"],"share_on_mastodon":{"url":"https:\/\/pubeurope.com\/@pl\/116864334871007413","error":""},"_links":{"self":[{"href":"https:\/\/www.europesays.com\/pl\/wp-json\/wp\/v2\/posts\/535808","targetHints":{"allow":["GET"]}}],"collection":[{"href":"https:\/\/www.europesays.com\/pl\/wp-json\/wp\/v2\/posts"}],"about":[{"href":"https:\/\/www.europesays.com\/pl\/wp-json\/wp\/v2\/types\/post"}],"author":[{"embeddable":true,"href":"https:\/\/www.europesays.com\/pl\/wp-json\/wp\/v2\/users\/2"}],"replies":[{"embeddable":true,"href":"https:\/\/www.europesays.com\/pl\/wp-json\/wp\/v2\/comments?post=535808"}],"version-history":[{"count":0,"href":"https:\/\/www.europesays.com\/pl\/wp-json\/wp\/v2\/posts\/535808\/revisions"}],"wp:featuredmedia":[{"embeddable":true,"href":"https:\/\/www.europesays.com\/pl\/wp-json\/wp\/v2\/media\/535809"}],"wp:attachment":[{"href":"https:\/\/www.europesays.com\/pl\/wp-json\/wp\/v2\/media?parent=535808"}],"wp:term":[{"taxonomy":"category","embeddable":true,"href":"https:\/\/www.europesays.com\/pl\/wp-json\/wp\/v2\/categories?post=535808"},{"taxonomy":"post_tag","embeddable":true,"href":"https:\/\/www.europesays.com\/pl\/wp-json\/wp\/v2\/tags?post=535808"}],"curies":[{"name":"wp","href":"https:\/\/api.w.org\/{rel}","templated":true}]}}