{"id":536033,"date":"2026-07-05T03:06:17","date_gmt":"2026-07-05T03:06:17","guid":{"rendered":"https:\/\/www.europesays.com\/pl\/536033\/"},"modified":"2026-07-05T03:06:17","modified_gmt":"2026-07-05T03:06:17","slug":"ogolnopolski-deweloper-przejal-spolki-z-trojmiasta","status":"publish","type":"post","link":"https:\/\/www.europesays.com\/pl\/536033\/","title":{"rendered":"Og\u00f3lnopolski deweloper przej\u0105\u0142 sp\u00f3\u0142ki z Tr\u00f3jmiasta"},"content":{"rendered":"<p>            <a href=\"https:\/\/s-trojmiasto.pl\/zdj\/c\/n\/9\/4363\/1400x0\/4363481-Osiedle-Rytelska-w-dzielnicy-Sw-Wojciech-to-inwestycja-ktora-przejeta-zostala-na-etapie-realizacji.webp\" target=\"_blank\" data-slide-name=\"848884\" data-lightbox-target=\"photo full\" data-sub-html=\"&lt;h4&gt;Osiedle Rytelska w dzielnicy \u015aw. Wojciech to inwestycja, kt\u00f3ra przej\u0119ta zosta\u0142a na etapie realizacji. &lt;\/h4&gt;&lt;p&gt;materia\u0142y prasowe&lt;\/p&gt;&#010;\" class=\"photoMarker__link\" data-filter-brightness=\"brightness--100\" rel=\"nofollow noopener\"><\/p>\n<p>    <img decoding=\"async\" style=\"height:562px; aspect-ratio: 1.33333\/1; filter:brightness(1);\" alt=\"Osiedle Rytelska w dzielnicy \u015aw. Wojciech to inwestycja, kt\u00f3ra przej\u0119ta zosta\u0142a na etapie realizacji. \" src=\"https:\/\/www.europesays.com\/pl\/wp-content\/uploads\/2026\/07\/4363481-Osiedle-Rytelska-w-dzielnicy-Sw-Wojciech-to-inwestycja-ktora-przejeta-zostala.webp\" class=\"photoMarker__img \" data-slider=\"img\" fetchpriority=\"high\"\/><\/p>\n<p>            <\/a><\/p>\n<p class=\"lead\">Grupa <a href=\"https:\/\/www.trojmiasto.pl\/ATAL-o70037.html\" data-tklik=\"392197\" rel=\"nofollow noopener\" target=\"_blank\">Atal<\/a>, og\u00f3lnopolski, ale te\u017c od lat obecny na tr\u00f3jmiejskim rynku, deweloper z\u00a0siedzib\u0105 w\u00a0Cieszynie, przej\u0105\u0142 kontrol\u0119 nad <a href=\"https:\/\/www.trojmiasto.pl\/Budner-Inwestycje-o80675.html\" data-tklik=\"952094\" rel=\"nofollow noopener\" target=\"_blank\">Grup\u0105 Budner<\/a> z\u00a0Tr\u00f3jmiasta. Strony ustali\u0142y warto\u015b\u0107 transakcji na kwot\u0119 100,9 mln z\u0142 &#8211; jest to \u0142\u0105czna cena za udzia\u0142y w\u00a0sp\u00f3\u0142kach z\u00a0Grupy Budner oraz jej <a href=\"https:\/\/www.trojmiasto.pl\/dom\/\" class=\"parse-link\" title=\"Serwis DOM - nieruchomo\u015bci, mieszkania\" rel=\"nofollow noopener\" target=\"_blank\">nieruchomo\u015bci<\/a>. <\/p>\n<p>                                du\u017cego, silnego dewelopera<br \/>\n                                41%<\/p>\n<p>                                mniejszego dewelopera<br \/>\n                                17%<\/p>\n<p>Do podpisania ostatecznej umowy dosz\u0142o po spe\u0142nieniu warunk\u00f3w zawieszaj\u0105cych, w\u00a0tym uzyskaniu zgody prezesa Urz\u0119du Ochrony Konkurencji i\u00a0Konsument\u00f3w na koncentracj\u0119. <\/p>\n<p>Elementem transakcji jest r\u00f3wnie\u017c zakup nieruchomo\u015bci gruntowej za kwot\u0119 30,4 mln z\u0142, kt\u00f3ry zostanie sfinalizowany po spe\u0142nieniu wszystkich warunk\u00f3w z\u00a0umowy przedwst\u0119pnej.<\/p>\n<p>Przej\u0119cie sp\u00f3\u0142ki &#8211; spos\u00f3b na zwi\u0119kszenie mo\u017cliwo\u015bci operacyjnych<\/p>\n<p>Po finalizacji obu transakcji Atal zyska mo\u017cliwo\u015b\u0107 realizacji nowych przedsi\u0119wzi\u0119\u0107 deweloperskich w\u00a0Tr\u00f3jmie\u015bcie na ok. 70 tys. m\u00a0kw.<\/p>\n<p>&#8211; Przej\u0119cie Grupy Budner to dla Atal wa\u017cny krok w\u00a0dalszym umacnianiu pozycji na rynku tr\u00f3jmiejskim. Dzi\u0119ki tej transakcji znacz\u0105co zwi\u0119kszamy skal\u0119 dzia\u0142alno\u015bci w\u00a0tym regionie. W\u0142\u0105czenie projekt\u00f3w Budner do naszego portfolio sprawia, \u017ce stajemy si\u0119 bardzo mocnym graczem w\u00a0Tr\u00f3jmie\u015bcie &#8211; z\u00a0szerok\u0105, zr\u00f3\u017cnicowan\u0105 ofert\u0105 odpowiadaj\u0105c\u0105 zar\u00f3wno na potrzeby os\u00f3b kupuj\u0105cych mieszkania na w\u0142asny u\u017cytek, jak i\u00a0klient\u00f3w inwestycyjnych &#8211; skomentowa\u0142 transakcj\u0119 Zbigniew Juroszek, prezes zarz\u0105du Atal SA.<br \/>W\u015br\u00f3d du\u017cych deweloper\u00f3w w\u00a0podobny spos\u00f3b ekspansj\u0119 na tr\u00f3jmiejskim rynku przeprowadzi\u0142 <a data-tklik=\"643041\" target=\"_self\" href=\"https:\/\/www.trojmiasto.pl\/dom\/Dom-Development-kupuje-Euro-Styl-n109493.html\" rel=\"nofollow noopener\">w 2017 roku Dom Development, przejmuj\u0105c Euro Styl<\/a>, czy <a data-tklik=\"85100\" target=\"_self\" href=\"https:\/\/www.trojmiasto.pl\/dom\/Deweloperzy-Moderna-Holding-kupila-Kokoszki-SA-n137346.html\" rel=\"nofollow noopener\">Moderna w 2019 roku, przejmuj\u0105c cz\u0119\u015b\u0107 dewelopersk\u0105 PB Kokoszki. <\/a><\/p>\n<p>            <a href=\"https:\/\/www.trojmiasto.pl\/dom\/inwestycje\/s,Budner,sprzedaz,1_2_3,zabudowa,1_8_1024.html?search=1\" data-tklik=\"inwest222240a\" rel=\"nofollow noopener\" target=\"_blank\">                INWESTYCJE                Dotychczasowe inwestycje Budner w Tr\u00f3jmie\u015bcie<br \/>\n            <\/a>        <\/p>\n<p>                <a href=\"https:\/\/www.trojmiasto.pl\/dom\/inwestycje\/s,Budner,sprzedaz,1_2_3,zabudowa,1_8_1024.html?search=1\" data-tklik=\"inwest222240a\" rel=\"nofollow noopener\" target=\"_blank\"><br \/>\n                    Wi\u0119cej<br \/>\n                    (5)<br \/>\n                <\/a><\/p>\n<p>Atal i\u00a0Budner dzia\u0142aj\u0105 razem<\/p>\n<p>Wraz z\u00a0przej\u0119ciem tr\u00f3jmiejskich sp\u00f3\u0142ek Budnera, Atal przej\u0105\u0142 tak\u017ce wszelkie zobowi\u0105zania wynikaj\u0105ce z\u00a0zawartych przez Budner um\u00f3w, w tym zobowi\u0105zania dotycz\u0105ce realizacji inwestycji oraz r\u0119kojmi &#8211; r\u00f3wnie\u017c w\u00a0stosunku do projekt\u00f3w zako\u0144czonych.<\/p>\n<p>Budner realizuje w\u00a0tej chwili <a data-tklik=\"741220\" target=\"_self\" href=\"https:\/\/www.trojmiasto.pl\/dom\/Rytelska-i1624.html\" rel=\"nofollow noopener\">Osiedle Rytelska<\/a> w\u00a0dzielnicy Gda\u0144sk \u015aw. Wojciech, w\u00a0sprzeda\u017cy ma tak\u017ce ostatnie lokale na osiedlu <a data-tklik=\"691745\" target=\"_self\" href=\"https:\/\/www.trojmiasto.pl\/dom\/Oliva-Koncept-i935.html\" rel=\"nofollow noopener\">Olivia Koncept<\/a>. <\/p>\n<p>Wcze\u015bniej Budner <a href=\"https:\/\/www.trojmiasto.pl\/dom\/inwestycje\/\" class=\"parse-link\" title=\"Inwestycje w Tr\u00f3jmie\u015bcie\" rel=\"nofollow noopener\" target=\"_blank\">Inwestycje<\/a> odpowiada\u0142 za realizacj\u0119 inwestycji <a data-tklik=\"443412\" target=\"_self\" href=\"https:\/\/www.trojmiasto.pl\/dom\/Biotura-i1119.html\" rel=\"nofollow noopener\">Biotura<\/a> na \u0141ostowicach, <a data-tklik=\"289091\" target=\"_self\" href=\"https:\/\/www.trojmiasto.pl\/dom\/Star-Tower-i989.html\" rel=\"nofollow noopener\">Star Tower<\/a> w\u00a0Letnicy oraz wieloetapowego projektu <a data-tklik=\"769099\" target=\"_self\" href=\"https:\/\/www.trojmiasto.pl\/dom\/Osiedle-Sloneczne-Wzgorza-i18.html\" rel=\"nofollow noopener\">S\u0142oneczne Wzg\u00f3rza<\/a> na Uje\u015bcisku.<\/p>\n<p>&#8211; Pragniemy podkre\u015bli\u0107, \u017ce powy\u017csze nie zmienia niczego w\u00a0odniesieniu do praw Klient\u00f3w inwestycji <a href=\"https:\/\/www.trojmiasto.pl\/dom\/Rytelska-i1624.html\" class=\"parse-link\" title=\"Rytelska\" rel=\"nofollow noopener\" target=\"_blank\">Rytelska<\/a>, kt\u00f3r\u0105 Atal niezmiennie kontynuuje, zgodnie z\u00a0pierwotnymi za\u0142o\u017ceniami i\u00a0umownymi zapisami. Harmonogram i\u00a0standard inwestycji r\u00f3wnie\u017c pozostaj\u0105 bez zmian &#8211; czytamy w\u00a0o\u015bwiadczeniu na zmienionej ju\u017c stronie Budner. <br \/>Atal dzia\u0142a na rynku od 30 lat w\u00a0segmentach mieszkaniowym, komercyjnym oraz <a href=\"https:\/\/katalog.trojmiasto.pl\/turystyka_i_noclegi\/hotele\/\" class=\"parse-link\" title=\"Apartamenty w Gda\u0144sku, Gdyni, Sopocie\" rel=\"nofollow noopener\" target=\"_blank\">apartament\u00f3w<\/a> inwestycyjnych. Za\u0142o\u017cycielem i\u00a0w\u0142a\u015bcicielem firmy jest Zbigniew Juroszek. W\u00a0aktualnej ofercie deweloper ma inwestycje deweloperskie w\u00a0aglomeracji \u015bl\u0105skiej, Krakowie, \u0141odzi, Wroc\u0142awiu, Warszawie, Tr\u00f3jmie\u015bcie, Poznaniu i\u00a0Szczecinie. W\u00a02013 roku obligacje sp\u00f3\u0142ki zadebiutowa\u0142y na rynku Catalyst, a\u00a0od 2015 roku akcje Atal notowane s\u0105 na Gie\u0142dzie Papier\u00f3w Warto\u015bciowych w\u00a0Warszawie. Grupa po przekazaniu 500 lokali mieszkalnych i\u00a0us\u0142ugowych w\u00a0I kw. 2026 r. wygenerowa\u0142a skonsolidowane przychody na poziomie 315 mln z\u0142 i\u00a0skonsolidowany zysk netto w\u00a0wysoko\u015bci ponad 55,3 mln z\u0142.<\/p>\n<p>            <a href=\"https:\/\/www.trojmiasto.pl\/dom\/inwestycje\/deweloper,70037,s,ATAL,sprzedaz,1_2_3,zabudowa,1_8_1024.html?search=1\" data-tklik=\"inwest222240b\" rel=\"nofollow noopener\" target=\"_blank\">                INWESTYCJE                Dotychczasowe inwestycje Atal w Tr\u00f3jmie\u015bcie<br \/>\n            <\/a>        <\/p>\n<p>                <a href=\"https:\/\/www.trojmiasto.pl\/dom\/inwestycje\/deweloper,70037,s,ATAL,sprzedaz,1_2_3,zabudowa,1_8_1024.html?search=1\" data-tklik=\"inwest222240b\" rel=\"nofollow noopener\" target=\"_blank\"><br \/>\n                    Wi\u0119cej<br \/>\n                    (15)<br \/>\n                <\/a><\/p>\n","protected":false},"excerpt":{"rendered":"Grupa Atal, og\u00f3lnopolski, ale te\u017c od lat obecny na tr\u00f3jmiejskim rynku, deweloper z\u00a0siedzib\u0105 w\u00a0Cieszynie, przej\u0105\u0142 kontrol\u0119 nad Grup\u0105&hellip;\n","protected":false},"author":2,"featured_media":536034,"comment_status":"","ping_status":"","sticky":false,"template":"","format":"standard","meta":{"footnotes":"","_share_on_mastodon":"0"},"categories":[51610],"tags":[8719,7750,105049,105050,1140,41488,1792,1048,3511,10785,11596,42,38,40,39,41,6516,1367,1136,1078,30192,4000,27344,26],"class_list":["post-536033","post","type-post","status-publish","format-standard","has-post-thumbnail","category-gdansk","tag-architekt","tag-artykuly","tag-atal","tag-budner","tag-cena","tag-cieszyn","tag-deweloper","tag-gdansk","tag-inwestycje","tag-kontrola","tag-nieruchomosc","tag-pl","tag-poland","tag-polish","tag-polska","tag-polski","tag-poradnik","tag-porady","tag-rynek","tag-spolka","tag-transakcja","tag-trojmiasto","tag-udzial","tag-wiadomosci"],"share_on_mastodon":{"url":"https:\/\/pubeurope.com\/@pl\/116865164537337986","error":""},"_links":{"self":[{"href":"https:\/\/www.europesays.com\/pl\/wp-json\/wp\/v2\/posts\/536033","targetHints":{"allow":["GET"]}}],"collection":[{"href":"https:\/\/www.europesays.com\/pl\/wp-json\/wp\/v2\/posts"}],"about":[{"href":"https:\/\/www.europesays.com\/pl\/wp-json\/wp\/v2\/types\/post"}],"author":[{"embeddable":true,"href":"https:\/\/www.europesays.com\/pl\/wp-json\/wp\/v2\/users\/2"}],"replies":[{"embeddable":true,"href":"https:\/\/www.europesays.com\/pl\/wp-json\/wp\/v2\/comments?post=536033"}],"version-history":[{"count":0,"href":"https:\/\/www.europesays.com\/pl\/wp-json\/wp\/v2\/posts\/536033\/revisions"}],"wp:featuredmedia":[{"embeddable":true,"href":"https:\/\/www.europesays.com\/pl\/wp-json\/wp\/v2\/media\/536034"}],"wp:attachment":[{"href":"https:\/\/www.europesays.com\/pl\/wp-json\/wp\/v2\/media?parent=536033"}],"wp:term":[{"taxonomy":"category","embeddable":true,"href":"https:\/\/www.europesays.com\/pl\/wp-json\/wp\/v2\/categories?post=536033"},{"taxonomy":"post_tag","embeddable":true,"href":"https:\/\/www.europesays.com\/pl\/wp-json\/wp\/v2\/tags?post=536033"}],"curies":[{"name":"wp","href":"https:\/\/api.w.org\/{rel}","templated":true}]}}