{"id":536050,"date":"2026-07-05T03:19:12","date_gmt":"2026-07-05T03:19:12","guid":{"rendered":"https:\/\/www.europesays.com\/pl\/536050\/"},"modified":"2026-07-05T03:19:12","modified_gmt":"2026-07-05T03:19:12","slug":"mezczyzna-podchodzi-do-mlodych-dziewczyn-oferuje-im-50-zl","status":"publish","type":"post","link":"https:\/\/www.europesays.com\/pl\/536050\/","title":{"rendered":"M\u0119\u017cczyzna podchodzi do m\u0142odych dziewczyn. Oferuje im 50 z\u0142"},"content":{"rendered":"<p>Jedna z dziewczyn zdecydowa\u0142a si\u0119 nagra\u0107, a nast\u0119pnie opublikowa\u0107 w sieci nagranie, na kt\u00f3rym m\u0119\u017cczyzna do niej pochodzi i oferuje jej pieni\u0105dze za specyficzn\u0105 \u201eus\u0142ug\u0119\u201d.<\/p>\n<p>Na rzeszowskich grupach zacz\u0119\u0142a si\u0119 pojawia\u0107 informacja o starszym m\u0119\u017cczy\u017anie, kt\u00f3ry podchodzi do kobiet i oferuje im kupno skarpetek. Biznes ma polega\u0107 na noszeniu przez dziewczyny skarpetek, a nast\u0119pnie ich odsprzeda\u017cy. M\u0119\u017cczyzna najwyra\u017aniej albo nie wie, \u017ce takie us\u0142ugi s\u0105 dost\u0119pne w internecie, albo dzia\u0142a na czyje\u015b zlecenie.<\/p>\n<p>Jedna z dziewczyn zdecydowa\u0142a si\u0119 nagra\u0107 rozmow\u0119 z m\u0119\u017cczyzn\u0105, a nast\u0119pnie opublikowa\u0107 j\u0105 w internecie. Nagranie to, dodane na koncie \u201euser792939290\u201d bardzo szybko zyska\u0142o popularno\u015b\u0107.<\/p>\n<p>Po jednym dniu ma ponad 15 tysi\u0119cy polubie\u0144 i blisko 274 tysi\u0105ce ods\u0142on. Liczby te ci\u0105gle rosn\u0105.<\/p>\n<p><img decoding=\"async\" loading=\"lazy\" class=\"vimg-tumb\" alt=\"Video\"  \/><img decoding=\"async\" loading=\"lazy\" class=\"bimg-tumb\" alt=\"Video\"  \/><\/p>\n<p>Opinie? Jedni uwa\u017caj\u0105, \u017ce to oble\u015bne. Inni, \u017ce tak wygl\u0105da obecny \u015bwiat. Przynajmniej m\u0119\u017cczyzna by\u0142 kultularny \u2013 czytamy w komentarzach pod filmem.<\/p>\n<p>Pewnie s\u0105 jakie\u015b dziewczyny, kt\u00f3re si\u0119 na to zgodz\u0105. 50 z\u0142otych od jednej pary, to w skali miesi\u0105ca mo\u017ce da\u0107 kilkaset z\u0142otych. No obrzydliwa sprawa, ale widz\u0119, \u017ce ludzie maj\u0105 do tego bardzo specyficzne podej\u015bcie. Jednym z najbardziej lajkowanych komentarzy jest \u201ebiznes to biznes\u201d.<\/p>\n","protected":false},"excerpt":{"rendered":"Jedna z dziewczyn zdecydowa\u0142a si\u0119 nagra\u0107, a nast\u0119pnie opublikowa\u0107 w sieci nagranie, na kt\u00f3rym m\u0119\u017cczyzna do niej pochodzi&hellip;\n","protected":false},"author":2,"featured_media":536051,"comment_status":"","ping_status":"","sticky":false,"template":"","format":"standard","meta":{"footnotes":"","_share_on_mastodon":"0"},"categories":[16],"tags":[113,112,3342,3103,42,38,40,39,41],"class_list":["post-536050","post","type-post","status-publish","format-standard","has-post-thumbnail","category-biznes","tag-biznes","tag-business","tag-cdc","tag-dla-ciebie","tag-pl","tag-poland","tag-polish","tag-polska","tag-polski"],"share_on_mastodon":{"url":"https:\/\/pubeurope.com\/@pl\/116865214980258127","error":""},"_links":{"self":[{"href":"https:\/\/www.europesays.com\/pl\/wp-json\/wp\/v2\/posts\/536050","targetHints":{"allow":["GET"]}}],"collection":[{"href":"https:\/\/www.europesays.com\/pl\/wp-json\/wp\/v2\/posts"}],"about":[{"href":"https:\/\/www.europesays.com\/pl\/wp-json\/wp\/v2\/types\/post"}],"author":[{"embeddable":true,"href":"https:\/\/www.europesays.com\/pl\/wp-json\/wp\/v2\/users\/2"}],"replies":[{"embeddable":true,"href":"https:\/\/www.europesays.com\/pl\/wp-json\/wp\/v2\/comments?post=536050"}],"version-history":[{"count":0,"href":"https:\/\/www.europesays.com\/pl\/wp-json\/wp\/v2\/posts\/536050\/revisions"}],"wp:featuredmedia":[{"embeddable":true,"href":"https:\/\/www.europesays.com\/pl\/wp-json\/wp\/v2\/media\/536051"}],"wp:attachment":[{"href":"https:\/\/www.europesays.com\/pl\/wp-json\/wp\/v2\/media?parent=536050"}],"wp:term":[{"taxonomy":"category","embeddable":true,"href":"https:\/\/www.europesays.com\/pl\/wp-json\/wp\/v2\/categories?post=536050"},{"taxonomy":"post_tag","embeddable":true,"href":"https:\/\/www.europesays.com\/pl\/wp-json\/wp\/v2\/tags?post=536050"}],"curies":[{"name":"wp","href":"https:\/\/api.w.org\/{rel}","templated":true}]}}