{"id":536126,"date":"2026-07-05T04:30:20","date_gmt":"2026-07-05T04:30:20","guid":{"rendered":"https:\/\/www.europesays.com\/pl\/536126\/"},"modified":"2026-07-05T04:30:20","modified_gmt":"2026-07-05T04:30:20","slug":"tragedia-na-pomorzu-zginely-4-osoby","status":"publish","type":"post","link":"https:\/\/www.europesays.com\/pl\/536126\/","title":{"rendered":"Tragedia na Pomorzu. Zgin\u0119\u0142y 4 osoby"},"content":{"rendered":"<p>            <a href=\"https:\/\/s-trojmiasto.pl\/zdj\/c\/n\/9\/4363\/1200x0\/4363470-Tragedia-na-Pomorzu-Cztery-osoby-zginely-na-miejscu.webp\" target=\"_blank\" data-slide-name=\"848883\" data-lightbox-target=\"photo full\" data-sub-html=\"&lt;h4&gt;Tragedia na Pomorzu. Cztery osoby zgin\u0119\u0142y na miejscu.&lt;\/h4&gt;&lt;p&gt;fot. KPP Sztum&lt;\/p&gt;&#010;\" class=\"photoMarker__link\" data-filter-brightness=\"brightness--100\" rel=\"nofollow noopener\"><\/p>\n<p>    <img decoding=\"async\" style=\"height:421px; aspect-ratio: 1.77778\/1; filter:brightness(1);\" alt=\"Tragedia na Pomorzu. Cztery osoby zgin\u0119\u0142y na miejscu.\" src=\"https:\/\/www.europesays.com\/pl\/wp-content\/uploads\/2026\/07\/4363470-Tragedia-na-Pomorzu-Cztery-osoby-zginely-na-miejscu.webp\" class=\"photoMarker__img \" data-slider=\"img\" fetchpriority=\"high\"\/><\/p>\n<p>            <\/a><\/p>\n<p class=\"lead\">Do tragicznego wypadku dosz\u0142o nad ranem w\u00a0woj. pomorskim, na drodze powiatowej mi\u0119dzy Sztumem a\u00a0Postolinem. Samoch\u00f3d osobowy dachowa\u0142 i\u00a0uderzy\u0142 w\u00a0przepust. W\u00a0wyniku zdarzenia zgin\u0119\u0142y cztery kobiety. Pi\u0105ta osoba trafi\u0142a do szpitala. Okoliczno\u015bci tragedii wyja\u015bniaj\u0105 policjanci pod nadzorem prokuratora.<\/p>\n<p>Do tragicznego wypadku dosz\u0142o w\u00a0sobot\u0119 nad ranem na drodze powiatowej pomi\u0119dzy Sztumem a\u00a0Postolinem. Zg\u0142oszenie o\u00a0zdarzeniu wp\u0142yn\u0119\u0142o do Stanowiska Kierowania Komendanta Powiatowego Pa\u0144stwowej Stra\u017cy Po\u017carnej w\u00a0Sztumie po godzinie 4.<\/p>\n<p>&#8211; Po przybyciu na miejsce stra\u017cacy ustalili, \u017ce samoch\u00f3d osobowy dachowa\u0142, a\u00a0nast\u0119pnie uderzy\u0142 w\u00a0przepust. Pojazdem podr\u00f3\u017cowa\u0142o pi\u0119\u0107 os\u00f3b &#8211; informuj\u0105 stra\u017cacy.<\/p>\n<p>Cztery osoby zgin\u0119\u0142y na miejscu<\/p>\n<p>W wyniku wypadku zgin\u0119\u0142y cztery kobiety &#8211; obywatelki Polski. W\u015br\u00f3d ofiar znajduje si\u0119 12-latka. Pozosta\u0142e kobiety by\u0142y w\u00a0wieku od 35 do 50 lat.<\/p>\n<p>Pi\u0105ta osoba trafi\u0142a pod opiek\u0119 zespo\u0142u ratownictwa medycznego. Na razie s\u0142u\u017cby nie przekaza\u0142y informacji o\u00a0jej stanie zdrowia.<\/p>\n<p>&#8211; Ze wst\u0119pnych ustale\u0144 wynika, \u017ce kieruj\u0105cy samochodem BMW 22-latek prawdopodobnie nie dostosowa\u0142 pr\u0119dko\u015bci do warunk\u00f3w drogowych, straci\u0142 panowanie nad autem i\u00a0dachowa\u0142. Kierowca trafi\u0142 do szpitala. W\u00a0chwili wypadku by\u0142 trze\u017awy Jad\u0105ce z\u00a0nim cztery osoby zgin\u0119\u0142y na miejscu &#8211; informuj\u0105 \u015bledczy.<\/p>\n<p>                                    <a href=\"https:\/\/katalog.trojmiasto.pl\/prawo_i_doradztwo\/odszkodowania\/\" rel=\"nofollow noopener\" target=\"_blank\"><br \/>\n                                                    Katalog.trojmiasto.pl \u2013<br \/>\n                                                                    Pomoc prawna i odszkodowania po wypadkach<br \/>\n                                                                    <\/a><\/p>\n<p>                <a href=\"https:\/\/katalog.trojmiasto.pl\/prawo_i_doradztwo\/odszkodowania\/\" rel=\"nofollow noopener\" target=\"_blank\"><br \/>\n                    wi\u0119cej<\/p>\n<p>                <\/a><\/p>\n<p><\/p>\n<p>Na miejscu pracowa\u0142y s\u0142u\u017cby ratunkowe<\/p>\n<p>W akcji ratowniczej uczestniczy\u0142y trzy zast\u0119py Pa\u0144stwowej Stra\u017cy Po\u017carnej oraz zesp\u00f3\u0142 ratownictwa medycznego. Na czas prowadzonych dzia\u0142a\u0144 droga powiatowa pomi\u0119dzy Sztumem a\u00a0Postolinem by\u0142a ca\u0142kowicie zablokowana.<\/p>\n<p>Policja i\u00a0prokuratura wyja\u015bniaj\u0105 okoliczno\u015bci tragedii<\/p>\n<p>Przyczyny oraz dok\u0142adne okoliczno\u015bci tragicznego wypadku b\u0119d\u0105 wyja\u015bniane przez policj\u0119 pod nadzorem prokuratora. \u015aledczy ustal\u0105 m.in., co doprowadzi\u0142o do utraty panowania nad pojazdem i\u00a0jego dachowania.<\/p>\n<p>                                    <a href=\"https:\/\/katalog.trojmiasto.pl\/motoryzacja\/pomoc_drogowa\/\" rel=\"nofollow noopener\" target=\"_blank\"><br \/>\n                                                    Katalog.trojmiasto.pl \u2013<br \/>\n                                                                    Pomoc drogowa i holowanie pojazd\u00f3w<br \/>\n                                                                    <\/a><\/p>\n<p>                <a href=\"https:\/\/katalog.trojmiasto.pl\/motoryzacja\/pomoc_drogowa\/\" rel=\"nofollow noopener\" target=\"_blank\"><br \/>\n                    wi\u0119cej<\/p>\n<p>                <\/a><\/p>\n","protected":false},"excerpt":{"rendered":"Do tragicznego wypadku dosz\u0142o nad ranem w\u00a0woj. pomorskim, na drodze powiatowej mi\u0119dzy Sztumem a\u00a0Postolinem. Samoch\u00f3d osobowy dachowa\u0142 i\u00a0uderzy\u0142&hellip;\n","protected":false},"author":2,"featured_media":536127,"comment_status":"","ping_status":"","sticky":false,"template":"","format":"standard","meta":{"footnotes":"","_share_on_mastodon":"0"},"categories":[51610],"tags":[18709,1048,1064,6335,46659,70275,25859,28694,28018,42,26736,38,414,9017,40,39,41,5296,105053,19790,1627,105055,30180,28410,1248,30856,1063,105054,43917,5602,105052,8277,38946,2588],"class_list":["post-536126","post","type-post","status-publish","format-standard","has-post-thumbnail","category-gdansk","tag-droga","tag-gdansk","tag-gdynia","tag-kobieta","tag-nadzor","tag-obywatelka","tag-ofiara","tag-okolicznosc","tag-panstwowa-straz-pozarna","tag-pl","tag-pojazd","tag-poland","tag-policja","tag-policjant","tag-polish","tag-polska","tag-polski","tag-pomorze","tag-postolin","tag-prokurator","tag-prokuratura","tag-przepust","tag-rano","tag-ratownictwo","tag-samochod","tag-sledczy","tag-sopot","tag-stanowisko-kierowania-komendanta-powiatowego-panstwowej-strazy-pozarnej","tag-strazak","tag-szpital","tag-sztum","tag-tragedia","tag-wojewodztwo","tag-wypadek"],"share_on_mastodon":{"url":"https:\/\/pubeurope.com\/@pl\/116865494791966245","error":""},"_links":{"self":[{"href":"https:\/\/www.europesays.com\/pl\/wp-json\/wp\/v2\/posts\/536126","targetHints":{"allow":["GET"]}}],"collection":[{"href":"https:\/\/www.europesays.com\/pl\/wp-json\/wp\/v2\/posts"}],"about":[{"href":"https:\/\/www.europesays.com\/pl\/wp-json\/wp\/v2\/types\/post"}],"author":[{"embeddable":true,"href":"https:\/\/www.europesays.com\/pl\/wp-json\/wp\/v2\/users\/2"}],"replies":[{"embeddable":true,"href":"https:\/\/www.europesays.com\/pl\/wp-json\/wp\/v2\/comments?post=536126"}],"version-history":[{"count":0,"href":"https:\/\/www.europesays.com\/pl\/wp-json\/wp\/v2\/posts\/536126\/revisions"}],"wp:featuredmedia":[{"embeddable":true,"href":"https:\/\/www.europesays.com\/pl\/wp-json\/wp\/v2\/media\/536127"}],"wp:attachment":[{"href":"https:\/\/www.europesays.com\/pl\/wp-json\/wp\/v2\/media?parent=536126"}],"wp:term":[{"taxonomy":"category","embeddable":true,"href":"https:\/\/www.europesays.com\/pl\/wp-json\/wp\/v2\/categories?post=536126"},{"taxonomy":"post_tag","embeddable":true,"href":"https:\/\/www.europesays.com\/pl\/wp-json\/wp\/v2\/tags?post=536126"}],"curies":[{"name":"wp","href":"https:\/\/api.w.org\/{rel}","templated":true}]}}