{"id":536401,"date":"2026-07-05T08:36:12","date_gmt":"2026-07-05T08:36:12","guid":{"rendered":"https:\/\/www.europesays.com\/pl\/536401\/"},"modified":"2026-07-05T08:36:12","modified_gmt":"2026-07-05T08:36:12","slug":"dlaczego-polska-oszalala-na-punkcie-k-popu-przewodnik-dla-dziadersow","status":"publish","type":"post","link":"https:\/\/www.europesays.com\/pl\/536401\/","title":{"rendered":"Dlaczego Polska oszala\u0142a na punkcie k-popu? Przewodnik dla dziaders\u00f3w"},"content":{"rendered":"<p>K-pop ro\u015bnie w si\u0142\u0119 w Polsce;\u00a0<\/p>\n<p>Gwiazdy k-popu tworzone s\u0105 przez agencje, jak zawodowi sportowcy;\u00a0<\/p>\n<p>Czym jeszcze t\u0142umaczy\u0107 fenomen k-popu?\u00a0<\/p>\n<p>W Polsce przybywa fan\u00f3w k-popu. To skr\u00f3t od Korean pop, kt\u00f3ry oznacza\u00a0gatunek muzyki popularnej i zjawisko kulturowe pochodz\u0105ce z Korei Po\u0142udniowej. Czym jest? To mieszanka muzyczna, \u0142\u0105cz\u0105ca elementy popu, hip-hopu, R&amp;B, rocka i elektroniki, kt\u00f3rej towarzysz\u0105 perfekcyjnie zsynchronizowane uk\u0142ady taneczne i wyrazisty wizerunek gwizd-idoli.\u00a0<\/p>\n<p>O to, dlaczego Polska oszala\u0142a na punkcie k-popu pytany by\u0142 w TOK FM\u00a0kierownik Katedry Studi\u00f3w Azjatyckich Uniwersytetu SWPS prof. Marcin Jacoby.\u00a0<\/p>\n<p>&#8211; Tak naprawd\u0119 jeste\u015bmy na ko\u0144cu tej drogi, bo samo zafascynowanie korea\u0144sk\u0105 kultur\u0105 popularn\u0105 zacz\u0119\u0142o si\u0119 jeszcze w latach 90. w Japonii. Przesz\u0142o do Chin, Azji Po\u0142udniowo-Wschodniej i powoli si\u0119 rozlewa\u0142o, potem te\u017c na Bliski Wsch\u00f3d, do Afryki, Ameryki Po\u0142udniowej i Stan\u00f3w Zjednoczonych, a potem dopiero do Europy Zachodniej. Tak\u017ce je\u017celi teraz odkrywamy Kore\u0119, to musz\u0119 westchn\u0105\u0107 i powiedzie\u0107: &#8222;Fajnie, ale to nie jest nic nowego&#8221; &#8211; m\u00f3wi\u0142 w rozmowie z Ann\u0105 Soba\u0144d\u0105 i Rafa\u0142em Turowskim.\u00a0<\/p>\n<p>    <a name=\"eztoc32616755_0_3\" id=\"eztoc32616755_0_3\"\/>&#8222;Gwiazdy k-popu s\u0105 te\u017c jak zespo\u0142y pi\u0142karskie&#8221;<\/p>\n<p>Sk\u0105d w og\u00f3le taka popularno\u015b\u0107 k-popu? W ocenie go\u015bcia &#8222;Wsp\u00f3lnej soboty&#8221; decyduje o tym m.in. fakt, \u017ce\u00a0k-pop jest cz\u0119\u015bci\u0105 szerokiego pakietu. &#8211; Trudno m\u00f3wi\u0107 o samym k-popie, bo s\u0105 to te\u017c: kinematografia, jedzenie, moda, kosmetyki&#8230; I jest to wszystko po\u0142\u0105czone ze sob\u0105. Wi\u0119cej, korea\u0144skiej gwiazdy stworzy\u0142y w\u0142asny styl komunikacji z fanami i samej obecno\u015bci medialnej, diametralnie r\u00f3\u017cny od stylu gwiazd ameryka\u0144skich, na kt\u00f3rych wychowa\u0142o si\u0119 pokolenie dziaders\u00f3w &#8211; dopowiedzia\u0142 prof. Jacoby.\u00a0<\/p>\n<p>Wskaza\u0142, \u017ce nie jest to gwiazda, kt\u00f3ra si\u0119 upija, otwiera drzwi do studia kopni\u0119ciem i nie odpowiada na pytania, bo jej si\u0119 nie chce. &#8211; Nie. Gwiazdy k-popu s\u0105 mi\u0142e, u\u015bmiechni\u0119te otwarte i skromne. Bardzo cz\u0119sto fani pytaj\u0105: &#8222;Dobrze, ale co zrobi\u0107, \u017ceby by\u0107 tak\u0105 gwiazd\u0105 jak ty?&#8221;. Wtedy typowy gwiazdor k-popu m\u00f3wi: &#8222;Nie, jestem zwyk\u0142ym cz\u0142owiekiem, po prostu ci\u0119\u017cko pracowa\u0142em i uda\u0142o mi si\u0119. Ty te\u017c mo\u017cesz&#8221; &#8211; wyliczy\u0142.\u00a0<\/p>\n<p>    Quiz: My\u015blisz, \u017ce jeste\u015b dobrze poinformowany? Sprawd\u017a si\u0119 w quizie TOK FM!<\/p>\n<p class=\"quiz__article__award--title\">Uko\u0144cz quiz i odbierz nagrod\u0119 do -40% na TOK FM Premium!<\/p>\n<p>Zni\u017cka zale\u017cy od uzyskanego wyniku.<\/p>\n<p>\n                    Poprawnych odpowiedzi<br \/>\n                    Zni\u017cka\n                <\/p>\n<p>                    100%<\/p>\n<p>                    -40%<\/p>\n<p>                    81-99%<\/p>\n<p>                    -30%<\/p>\n<p>                    61-80%<\/p>\n<p>                    -25%<\/p>\n<p>                    41-60%<\/p>\n<p>                    -20%<\/p>\n<p>                    0-40%<\/p>\n<p>                    -10%<\/p>\n<p>Promocje nie \u0142\u0105cz\u0105 si\u0119.<\/p>\n<p>            Progi nagr\u00f3d <img decoding=\"async\" src=\"https:\/\/gfx.tokfm.pl\/extension\/embeds2\/design\/tokfm\/src\/images\/embed\/arrow-award.svg\" alt=\"Strza\u0142ka rozwi\u0144\"\/><\/p>\n<p>Inna rzecz, m\u00f3wi\u0142 wyk\u0142adowca Uniwersytetu SWPS, \u017ce\u00a0k-pop jest bardzo sprofesjonalizowanym procesem &#8211; najcz\u0119\u015bciej utwory s\u0105 wynikiem pracy du\u017cego gremium kompozytor\u00f3w. Je\u015bli z kolei chodzi o tworzenie zespo\u0142u, to na og\u00f3\u0142 powstaje on sztucznie w czterech g\u0142\u00f3wnych agencjach. Z czego trzy z nich zosta\u0142y za\u0142o\u017cone przez gwiazdy k-popu &#8211; dopowiedzia\u0142.\u00a0<\/p>\n<p>St\u0105d te\u017c ca\u0142y proces mo\u017cna por\u00f3wna\u0107 od zawodowego sportu wyczynowego.\u00a0&#8211; Gwiazdy k-popu s\u0105 te\u017c jak zespo\u0142y pi\u0142karskie. Maj\u0105 menad\u017cer\u00f3w. Maj\u0105 treningi. Nie ma tu przypadku. Nie ma cz\u0142owieka, kt\u00f3ry w gara\u017cu nagrywa\u0142 utw\u00f3r, wpu\u015bci\u0142 do sieci i chwyci\u0142o. To wielki biznes. Na tyle, \u017ce brytyjskie czy ameryka\u0144skie boys i girls bandy w por\u00f3wnaniu z k-popem dzi\u015b wygl\u0105daj\u0105 jak gara\u017cowe produkcje &#8211; podsumowa\u0142 prof. Jakoby w TOK FM.\u00a0<\/p>\n<p>\u0179r\u00f3d\u0142o: TOK FM, PAP\u00a0<\/p>\n","protected":false},"excerpt":{"rendered":"K-pop ro\u015bnie w si\u0142\u0119 w Polsce;\u00a0 Gwiazdy k-popu tworzone s\u0105 przez agencje, jak zawodowi sportowcy;\u00a0 Czym jeszcze t\u0142umaczy\u0107&hellip;\n","protected":false},"author":2,"featured_media":536402,"comment_status":"","ping_status":"","sticky":false,"template":"","format":"standard","meta":{"footnotes":"","_share_on_mastodon":"0"},"categories":[12],"tags":[94856,7613,2662,965,1252,42,38,40,39,41,105139],"class_list":["post-536401","post","type-post","status-publish","format-standard","has-post-thumbnail","category-polska","tag-anna-sobanda","tag-azja","tag-gosc-tok-fm","tag-korea-poludniowa","tag-muzyka","tag-pl","tag-poland","tag-polish","tag-polska","tag-polski","tag-rafal-turowski"],"share_on_mastodon":{"url":"https:\/\/pubeurope.com\/@pl\/116866461747502332","error":""},"_links":{"self":[{"href":"https:\/\/www.europesays.com\/pl\/wp-json\/wp\/v2\/posts\/536401","targetHints":{"allow":["GET"]}}],"collection":[{"href":"https:\/\/www.europesays.com\/pl\/wp-json\/wp\/v2\/posts"}],"about":[{"href":"https:\/\/www.europesays.com\/pl\/wp-json\/wp\/v2\/types\/post"}],"author":[{"embeddable":true,"href":"https:\/\/www.europesays.com\/pl\/wp-json\/wp\/v2\/users\/2"}],"replies":[{"embeddable":true,"href":"https:\/\/www.europesays.com\/pl\/wp-json\/wp\/v2\/comments?post=536401"}],"version-history":[{"count":0,"href":"https:\/\/www.europesays.com\/pl\/wp-json\/wp\/v2\/posts\/536401\/revisions"}],"wp:featuredmedia":[{"embeddable":true,"href":"https:\/\/www.europesays.com\/pl\/wp-json\/wp\/v2\/media\/536402"}],"wp:attachment":[{"href":"https:\/\/www.europesays.com\/pl\/wp-json\/wp\/v2\/media?parent=536401"}],"wp:term":[{"taxonomy":"category","embeddable":true,"href":"https:\/\/www.europesays.com\/pl\/wp-json\/wp\/v2\/categories?post=536401"},{"taxonomy":"post_tag","embeddable":true,"href":"https:\/\/www.europesays.com\/pl\/wp-json\/wp\/v2\/tags?post=536401"}],"curies":[{"name":"wp","href":"https:\/\/api.w.org\/{rel}","templated":true}]}}