{"id":536730,"date":"2026-07-05T12:59:11","date_gmt":"2026-07-05T12:59:11","guid":{"rendered":"https:\/\/www.europesays.com\/pl\/536730\/"},"modified":"2026-07-05T12:59:11","modified_gmt":"2026-07-05T12:59:11","slug":"zus-ulatwia-skladanie-wnioskow-o-zasilki-nowe-zasady-juz-w-bydgoszczy","status":"publish","type":"post","link":"https:\/\/www.europesays.com\/pl\/536730\/","title":{"rendered":"ZUS u\u0142atwia sk\u0142adanie wniosk\u00f3w o zasi\u0142ki! Nowe zasady ju\u017c w Bydgoszczy"},"content":{"rendered":"<p>        Nowe zasady sk\u0142adania wniosk\u00f3w <\/p>\n<p>Ju\u017c od 1 lipca 2026 r. obowi\u0105zuj\u0105 uproszczone zasady dotycz\u0105ce sk\u0142adania dokument\u00f3w niezb\u0119dnych do ustalenia prawa do zasi\u0142k\u00f3w z ubezpiecze\u0144 spo\u0142ecznych. Zmiany dotycz\u0105 zar\u00f3wno bezpo\u015brednich p\u0142atnik\u00f3w, jak i Zak\u0142adu Ubezpiecze\u0144 Spo\u0142ecznych.<\/p>\n<p> Kto wyp\u0142aca zasi\u0142ki? <\/p>\n<p>Kwestia, kto wyp\u0142aca zasi\u0142ek, jest uzale\u017cniona od liczby os\u00f3b zg\u0142aszanych do ubezpieczenia chorobowego. Je\u017celi liczba zg\u0142aszanych przez p\u0142atnika os\u00f3b przekracza 20, to on sam ustala prawo do zasi\u0142ku i jego wysoko\u015b\u0107 oraz wyp\u0142aca \u015bwiadczenie. W przypadku mniej ni\u017c 20 os\u00f3b zajmuje si\u0119 tym Zak\u0142ad Ubezpiecze\u0144 Spo\u0142ecznych. Informacje te dostarczy\u0142a Krystyna Micha\u0142ek, regionalna rzeczniczka prasowa ZUS w wojew\u00f3dztwie kujawsko-pomorskim.<\/p>\n<p> Jak z\u0142o\u017cy\u0107 wniosek? <\/p>\n<p>Je\u017celi zasi\u0142ek jest wyp\u0142acany przez p\u0142atnika sk\u0142adek, osoba ubezpieczona sk\u0142ada wniosek bezpo\u015brednio do tego podmiotu. Dokumenty mo\u017cna dostarczy\u0107 w postaci papierowej lub elektronicznej, np. jako e-mail lub skan.<\/p>\n<p> &#8222;Z\u0142o\u017cenie wniosku w formie elektronicznej na platformie eZUS czy za po\u015brednictwem innych kana\u0142\u00f3w elektronicznych jest teraz r\u00f3wnowa\u017cne dokumentom papierowym,&#8221; \u2014 podkre\u015bla Krystyna Micha\u0142ek. <\/p>\n<p>W przypadku gdy to ZUS zajmuje si\u0119 wyp\u0142at\u0105 zasi\u0142k\u00f3w, wniosek mo\u017cna sk\u0142ada\u0107 tradycyjnie lub przez platform\u0119 eZUS, podpisuj\u0105c go odpowiednim podpisem elektronicznym.<\/p>\n<p> Co zrobi\u0107 z wej\u015bciami wymagaj\u0105cymi dokumentami? <\/p>\n<p>Prawid\u0142owe za\u0142atwienie formalno\u015bci jest wa\u017cne, zw\u0142aszcza gdy wymagane s\u0105 dodatkowe dokumenty. Mo\u017cna je dostarczy\u0107 jako orygina\u0142y, potwierdzone kopie lub skany elektroniczne.<\/p>\n<p>P\u0142atnik sk\u0142adek przekazuje dokumenty do ZUS najp\u00f3\u017aniej 7 dni po ich otrzymaniu. To wa\u017cny krok u\u0142atwiaj\u0105cy szybkie zrealizowanie zasi\u0142ku.<\/p>\n","protected":false},"excerpt":{"rendered":"Nowe zasady sk\u0142adania wniosk\u00f3w Ju\u017c od 1 lipca 2026 r. obowi\u0105zuj\u0105 uproszczone zasady dotycz\u0105ce sk\u0142adania dokument\u00f3w niezb\u0119dnych do&hellip;\n","protected":false},"author":2,"featured_media":536731,"comment_status":"","ping_status":"","sticky":false,"template":"","format":"standard","meta":{"footnotes":"","_share_on_mastodon":"0"},"categories":[51613],"tags":[7132,14268,105221,105227,105225,42,105226,105223,38,40,39,41,105222,105228,2469,105220,105224,86316,38812,660],"class_list":["post-536730","post","type-post","status-publish","format-standard","has-post-thumbnail","category-bydgoszcz","tag-bydgoszcz","tag-dokumenty","tag-elektroniczne-skladanie-wnioskow","tag-formy-elektroniczne","tag-krystyna-michalek","tag-pl","tag-platforma-ezus","tag-platnik-skladek","tag-poland","tag-polish","tag-polska","tag-polski","tag-prawo-do-zasilku","tag-przepisy-zus","tag-swiadczenia","tag-ubezpieczenia-spoleczne","tag-wniosek-elektroniczny","tag-wojewodztwo-kujawsko-pomorskie","tag-zasilki","tag-zus"],"share_on_mastodon":{"url":"https:\/\/pubeurope.com\/@pl\/116867495849983705","error":""},"_links":{"self":[{"href":"https:\/\/www.europesays.com\/pl\/wp-json\/wp\/v2\/posts\/536730","targetHints":{"allow":["GET"]}}],"collection":[{"href":"https:\/\/www.europesays.com\/pl\/wp-json\/wp\/v2\/posts"}],"about":[{"href":"https:\/\/www.europesays.com\/pl\/wp-json\/wp\/v2\/types\/post"}],"author":[{"embeddable":true,"href":"https:\/\/www.europesays.com\/pl\/wp-json\/wp\/v2\/users\/2"}],"replies":[{"embeddable":true,"href":"https:\/\/www.europesays.com\/pl\/wp-json\/wp\/v2\/comments?post=536730"}],"version-history":[{"count":0,"href":"https:\/\/www.europesays.com\/pl\/wp-json\/wp\/v2\/posts\/536730\/revisions"}],"wp:featuredmedia":[{"embeddable":true,"href":"https:\/\/www.europesays.com\/pl\/wp-json\/wp\/v2\/media\/536731"}],"wp:attachment":[{"href":"https:\/\/www.europesays.com\/pl\/wp-json\/wp\/v2\/media?parent=536730"}],"wp:term":[{"taxonomy":"category","embeddable":true,"href":"https:\/\/www.europesays.com\/pl\/wp-json\/wp\/v2\/categories?post=536730"},{"taxonomy":"post_tag","embeddable":true,"href":"https:\/\/www.europesays.com\/pl\/wp-json\/wp\/v2\/tags?post=536730"}],"curies":[{"name":"wp","href":"https:\/\/api.w.org\/{rel}","templated":true}]}}