{"id":536969,"date":"2026-07-05T16:15:12","date_gmt":"2026-07-05T16:15:12","guid":{"rendered":"https:\/\/www.europesays.com\/pl\/536969\/"},"modified":"2026-07-05T16:15:12","modified_gmt":"2026-07-05T16:15:12","slug":"dzien-trzeci-world-climbing-series-krakow-2026-i-podsumowanie","status":"publish","type":"post","link":"https:\/\/www.europesays.com\/pl\/536969\/","title":{"rendered":"Dzie\u0144 trzeci World Climbing Series Krak\u00f3w 2026 i podsumowanie"},"content":{"rendered":"<p>5 lipca, trzeci, ostatni dzie\u0144 World Climbing Series w Krakowie przyni\u00f3s\u0142 <a href=\"https:\/\/wspinanie.pl\/2026\/07\/chinskie-sztafety-zgarniaja-zloto-srebro-dla-natalii-i-oli-klauckich\/\" rel=\"nofollow noopener\" target=\"_blank\">fina\u0142y sztafet kobiet i m\u0119\u017cczyzn<\/a>. Aleksandra i Natalia Ka\u0142uckie po fantastycznych eliminacjach z rekordem \u015bwiata (13.09) i dramatycznym p\u00f3\u0142finale (falstart Hiszpanek) si\u0119gn\u0119\u0142y po srebro, przegrywaj\u0105c w finale z Chinkami, kt\u00f3re po raz drugi tego dnia poprawi\u0142y rekord \u015bwiata. Drugi polski duet \u2013 Patrycja Chudziak i Ola Miros\u0142aw \u2013 odpad\u0142 w p\u00f3\u0142finale po nieszcz\u0119\u015bliwym b\u0142\u0119dzie. W\u015br\u00f3d m\u0119\u017cczyzn triumfowali Chi\u0144czycy (Long\/Chu) w pasjonuj\u0105cym finale z Amerykanami. Dzie\u0144 zako\u0144czy\u0142a wzruszaj\u0105ca ceremonia po\u017cegnania Oli Miros\u0142aw, podczas kt\u00f3rej reprezentacja Chin wr\u0119czy\u0142a jej pami\u0105tkowy dres w uznaniu wieloletniej rywalizacji.<\/p>\n","protected":false},"excerpt":{"rendered":"5 lipca, trzeci, ostatni dzie\u0144 World Climbing Series w Krakowie przyni\u00f3s\u0142 fina\u0142y sztafet kobiet i m\u0119\u017cczyzn. Aleksandra i&hellip;\n","protected":false},"author":2,"featured_media":536970,"comment_status":"","ping_status":"","sticky":false,"template":"","format":"standard","meta":{"footnotes":"","_share_on_mastodon":"0"},"categories":[51606],"tags":[7204,3760,8119,1304,42,38,40,39,41,8117,8118,5047],"class_list":["post-536969","post","type-post","status-publish","format-standard","has-post-thumbnail","category-krakow","tag-alpinizm","tag-gory","tag-himalaizm","tag-krakow","tag-pl","tag-poland","tag-polish","tag-polska","tag-polski","tag-skialpinizm","tag-taternictwo","tag-wspinaczka"],"share_on_mastodon":{"url":"https:\/\/pubeurope.com\/@pl\/116868268028098543","error":""},"_links":{"self":[{"href":"https:\/\/www.europesays.com\/pl\/wp-json\/wp\/v2\/posts\/536969","targetHints":{"allow":["GET"]}}],"collection":[{"href":"https:\/\/www.europesays.com\/pl\/wp-json\/wp\/v2\/posts"}],"about":[{"href":"https:\/\/www.europesays.com\/pl\/wp-json\/wp\/v2\/types\/post"}],"author":[{"embeddable":true,"href":"https:\/\/www.europesays.com\/pl\/wp-json\/wp\/v2\/users\/2"}],"replies":[{"embeddable":true,"href":"https:\/\/www.europesays.com\/pl\/wp-json\/wp\/v2\/comments?post=536969"}],"version-history":[{"count":0,"href":"https:\/\/www.europesays.com\/pl\/wp-json\/wp\/v2\/posts\/536969\/revisions"}],"wp:featuredmedia":[{"embeddable":true,"href":"https:\/\/www.europesays.com\/pl\/wp-json\/wp\/v2\/media\/536970"}],"wp:attachment":[{"href":"https:\/\/www.europesays.com\/pl\/wp-json\/wp\/v2\/media?parent=536969"}],"wp:term":[{"taxonomy":"category","embeddable":true,"href":"https:\/\/www.europesays.com\/pl\/wp-json\/wp\/v2\/categories?post=536969"},{"taxonomy":"post_tag","embeddable":true,"href":"https:\/\/www.europesays.com\/pl\/wp-json\/wp\/v2\/tags?post=536969"}],"curies":[{"name":"wp","href":"https:\/\/api.w.org\/{rel}","templated":true}]}}