{"id":537137,"date":"2026-07-05T18:30:18","date_gmt":"2026-07-05T18:30:18","guid":{"rendered":"https:\/\/www.europesays.com\/pl\/537137\/"},"modified":"2026-07-05T18:30:18","modified_gmt":"2026-07-05T18:30:18","slug":"zdjecia-z-serock-jest-zgoda-na-budowe-sklepu-dino-ale-jednej-decyzji-wciaz-brakuje-zdjecie-2026-07-04-090400","status":"publish","type":"post","link":"https:\/\/www.europesays.com\/pl\/537137\/","title":{"rendered":"Zdj\u0119cia z Serock. Jest zgoda na budow\u0119 sklepu Dino, ale jednej decyzji wci\u0105\u017c brakuje &#8211; zdj\u0119cie &#8211; 2026-07-04 09:04:00"},"content":{"rendered":"<p>&#13;<br \/>\n    Zdj\u0119cia z Serock. Jest zgoda na budow\u0119 sklepu Dino, ale jednej decyzji wci\u0105\u017c brakuje &#8211; zdj\u0119cie  &#8211; 2026-07-04 09:04:00 | foto z gazetapowiatowa.pl &#13;<br \/>\n    &#13;<br \/>\n    &#13;<br \/>\n    &#13;<br \/>\n    &#13;<br \/>\n    &#13;<br \/>\n    &#13;<br \/>\n    &#13;<br \/>\n    &#13;<br \/>\n            &#13;<br \/>\n                &#13;<br \/>\n                                                                                    &#13;<br \/>\n                                            &#13;<br \/>\n                                                                &#13;<br \/>\n    &#13;<br \/>\n            &#13;<br \/>\n                                &#13;<br \/>\n                        &#13;<br \/>\n        &#13;<br \/>\n                                                        &#13;<br \/>\n                &#13;<br \/>\n    &#13;<br \/>\n                        &#13;<br \/>\n                                    &#13;<br \/>\n                                    &#13;<br \/>\n                    &#13;<br \/>\n    &#13;<br \/>\n        &#13;<br \/>\n                &#13;<\/p>\n<p>&#13;<br \/>\n                                    &#13;<br \/>\n                                &#13;<br \/>\n            &#13;<br \/>\n            &#13;<br \/>\n            &#13;<br \/>\n                                                        &#13;<br \/>\n                                                                        &#13;<br \/>\n&#13;<br \/>\n                                                    &#13;<br \/>\n                &#13;<br \/>\n&#13;<br \/>\n                                    &#13;<br \/>\n                        &#13;<br \/>\n        &#13;<br \/>\n    &#13;<br \/>\n&#13;<br \/>\n&#13;<br \/>\n&#13;<br \/>\n&#13;<br \/>\n&#13;<br \/>\n                &#13;<br \/>\n&#13;<\/p>\n<p>                     Serock &#8211; zdj\u0119cia<br \/>\n                    &#13;<br \/>\n                                                                                                                                                            &#13;<br \/>\n                                        <a href=\"https:\/\/gazetapowiatowa.pl\/galerie\/serock-dino-rosnie-g493167\/8839286\" title=\"Zdj\u0119cie nr 1\" rel=\"nofollow noopener\" target=\"_blank\"><img decoding=\"async\" src=\"https:\/\/www.europesays.com\/pl\/wp-content\/uploads\/2026\/07\/thumb__68822-09ece-2061551__2941-----kopia.jpg\" style=\"margin: 3px;\" alt=\"zdj\u0119cie nr 1\"\/><\/a>&#13;<br \/>\n                                    &#13;<br \/>\n                                                                                                                                                                    &#13;<br \/>\n                                        <a href=\"https:\/\/gazetapowiatowa.pl\/galerie\/serock-dino-rosnie-g493167\/8839287\" title=\"Zdj\u0119cie nr 2\" rel=\"nofollow noopener\" target=\"_blank\"><img decoding=\"async\" src=\"https:\/\/www.europesays.com\/pl\/wp-content\/uploads\/2026\/07\/thumb__89506-cbf6b-serocka-nowa-wie-------kopia.jpeg\" style=\"margin: 3px;\" alt=\"zdj\u0119cie nr 2\"\/><\/a>&#13;<br \/>\n                                    &#13;<\/p>\n<p>&#13;<\/p>\n<p>                    &#13;<br \/>\n                                                                                                                                                            &#13;<\/p>\n<p>                                            1 z 2<br \/>\n                                            <img decoding=\"async\" src=\"https:\/\/www.europesays.com\/pl\/wp-content\/uploads\/2026\/07\/68822-09ece-2061551__2941-----kopia.jpg\" alt=\"\" class=\"photo__img\"\/><br \/>\n                                        &#13;<br \/>\n                                        &#13;<br \/>\n                                    &#13;<br \/>\n                                                                                                                                                                                                                                            &#13;<\/p>\n<p>                                            2 z 2<br \/>\n                                            <img decoding=\"async\" src=\"https:\/\/www.europesays.com\/pl\/wp-content\/uploads\/2026\/07\/89506-cbf6b-serocka-nowa-wie-------kopia.jpeg\" alt=\"\" class=\"photo__img\"\/><br \/>\n                                        &#13;<br \/>\n                                        &#13;<br \/>\n                                    &#13;<\/p>\n","protected":false},"excerpt":{"rendered":"&#13; Zdj\u0119cia z Serock. Jest zgoda na budow\u0119 sklepu Dino, ale jednej decyzji wci\u0105\u017c brakuje &#8211; zdj\u0119cie &#8211;&hellip;\n","protected":false},"author":2,"featured_media":537138,"comment_status":"","ping_status":"","sticky":false,"template":"","format":"standard","meta":{"footnotes":"","_share_on_mastodon":"0"},"categories":[52249],"tags":[61608,64217,105395,857,41997,53718,53714,95859,42,38,40,39,41,53719,18481,75859,56675,6783,52199,53717],"class_list":["post-537137","post","type-post","status-publish","format-standard","has-post-thumbnail","category-dino-polska","tag-brakuje","tag-budowe","tag-decyzji","tag-dino","tag-dino-polska","tag-dodane","tag-dotyczy","tag-jednej","tag-pl","tag-poland","tag-polish","tag-polska","tag-polski","tag-przez","tag-serock","tag-sklepu","tag-wciaz","tag-zdjecie","tag-zgoda","tag-zostalo"],"share_on_mastodon":{"url":"https:\/\/pubeurope.com\/@pl\/116868798202693402","error":""},"_links":{"self":[{"href":"https:\/\/www.europesays.com\/pl\/wp-json\/wp\/v2\/posts\/537137","targetHints":{"allow":["GET"]}}],"collection":[{"href":"https:\/\/www.europesays.com\/pl\/wp-json\/wp\/v2\/posts"}],"about":[{"href":"https:\/\/www.europesays.com\/pl\/wp-json\/wp\/v2\/types\/post"}],"author":[{"embeddable":true,"href":"https:\/\/www.europesays.com\/pl\/wp-json\/wp\/v2\/users\/2"}],"replies":[{"embeddable":true,"href":"https:\/\/www.europesays.com\/pl\/wp-json\/wp\/v2\/comments?post=537137"}],"version-history":[{"count":0,"href":"https:\/\/www.europesays.com\/pl\/wp-json\/wp\/v2\/posts\/537137\/revisions"}],"wp:featuredmedia":[{"embeddable":true,"href":"https:\/\/www.europesays.com\/pl\/wp-json\/wp\/v2\/media\/537138"}],"wp:attachment":[{"href":"https:\/\/www.europesays.com\/pl\/wp-json\/wp\/v2\/media?parent=537137"}],"wp:term":[{"taxonomy":"category","embeddable":true,"href":"https:\/\/www.europesays.com\/pl\/wp-json\/wp\/v2\/categories?post=537137"},{"taxonomy":"post_tag","embeddable":true,"href":"https:\/\/www.europesays.com\/pl\/wp-json\/wp\/v2\/tags?post=537137"}],"curies":[{"name":"wp","href":"https:\/\/api.w.org\/{rel}","templated":true}]}}