{"id":537168,"date":"2026-07-05T18:57:09","date_gmt":"2026-07-05T18:57:09","guid":{"rendered":"https:\/\/www.europesays.com\/pl\/537168\/"},"modified":"2026-07-05T18:57:09","modified_gmt":"2026-07-05T18:57:09","slug":"blackout-na-krymie-po-atakach-ukrainskich-dronow-i-rakiet","status":"publish","type":"post","link":"https:\/\/www.europesays.com\/pl\/537168\/","title":{"rendered":"Blackout na Krymie po atakach ukrai\u0144skich dron\u00f3w i rakiet"},"content":{"rendered":"<p>W niedziel\u0119, 5 lipca, od rana 100-tysi\u0119czna Eupatoria na zachodzie Krymu nie ma pr\u0105du. Rosyjskie w\u0142adze okupacyjne poinformowa\u0142y o 9.20, \u017ce zasilania nie ma w ca\u0142y mie\u015bcie. Przesta\u0142y kursowa\u0107 tramwaje, a w cz\u0119\u015bci dzielnic nie dzia\u0142aj\u0105 te\u017c wodoci\u0105gi. Administracja t\u0142umaczy to &#8222;sytuacj\u0105 nadzwyczajn\u0105&#8221;.<\/p>\n<p>W analogicznym po\u0142o\u017ceniu znalaz\u0142o si\u0119 miasto Saki<\/p>\n<p>G\u0142\u00f3wn\u0105 przyczyn\u0105 blackoutu na Krymie s\u0105 ataki ukrai\u0144skich dron\u00f3w i rakiet. Dow\u00f3dca Si\u0142 System\u00f3w Bezza\u0142ogowych Ukrainy Robert &#8222;Madziar&#8221; Browdie o\u015bwiadczy\u0142, \u017ce przez dwie ostatnie doby dronami uderzeniowymi uda\u0142o si\u0119 zniszczy\u0107 16 obiekt\u00f3w sieci energetycznej okupowanego p\u00f3\u0142wyspu.<\/p>\n<blockquote class=\"ods-o-quote\">\n<p class=\"ods-o-quote__paragraph\">\u2014 Technologie bez analog\u00f3w [sarkastycznie o rosyjskich \u2014 przyp. centrumeuropy.pl] bez zasilania z gniazdka oczywi\u015bcie b\u0119d\u0105 jeszcze troch\u0119 pracowa\u0107 na generatorach, ale to nie ma perspektyw \u2014 stwierdzi\u0142.<\/p>\n<\/blockquote>\n<p>Podkre\u015bli\u0142, \u017ce celem ukrai\u0144skich atak\u00f3w na system energetyczny Krymu jest izolacja rosyjskich wojsk.<\/p>\n<p>24 czerwca prezydent Ukrainy Wo\u0142odymyr Ze\u0142enski poinformowa\u0142 o rozpocz\u0119ciu 40-dniowej operacji przeciwko rosyjskiej okupacji Krymu. O\u015bwiadczy\u0142 on, \u017ce Kij\u00f3w b\u0119dzie si\u0119 stara\u0142 nie dopu\u015bci\u0107 do tego, by Moskwa wykorzystywa\u0142a tereny okupowane jako narz\u0119dzie przed\u0142u\u017cania wojny.<\/p>\n<p>Kryzys energetyczny na Krymie na\u0142o\u017cy\u0142 si\u0119 na trwaj\u0105cy tam od pocz\u0105tku czerwca kryzys paliwowy. Poprzez uszkodzenie Mostu Krymskiego, zatopienie cz\u0119\u015bci floty prom\u00f3w i okr\u0119t\u00f3w transportowych, a nast\u0119pnie przej\u0119cie kontroli ogniowej nad drogami i mostami \u0142\u0105cz\u0105cymi Krym ze &#8222;sta\u0142ym l\u0105dem&#8221; i Rosj\u0105, si\u0142y ukrai\u0144skie znacz\u0105co ograniczy\u0142y dostawy paliw na p\u00f3\u0142wysep.<\/p>\n<p>Dzia\u0142ania te sk\u0142oni\u0142y ju\u017c cz\u0119\u015b\u0107 rosyjskich osadnik\u00f3w i turyst\u00f3w do wyjazdu. Z kolei Tatarzy krymscy maj\u0105 by\u0107 gotowi na tymczasowe &#8222;niedogodno\u015bci&#8221;, skoro maj\u0105 one doprowadzi\u0107 do wyzwolenia \u2014 powiedzia\u0142 Centrum Europy krymskotatarski politolog UW Nedim Usejnow.<\/p>\n","protected":false},"excerpt":{"rendered":"W niedziel\u0119, 5 lipca, od rana 100-tysi\u0119czna Eupatoria na zachodzie Krymu nie ma pr\u0105du. Rosyjskie w\u0142adze okupacyjne poinformowa\u0142y&hellip;\n","protected":false},"author":2,"featured_media":537169,"comment_status":"","ping_status":"","sticky":false,"template":"","format":"standard","meta":{"footnotes":"","_share_on_mastodon":"0"},"categories":[14],"tags":[27365,61195,32,33,27,399,34,35,28,31,48,25,46,55,40,41,47,80,29,30,26,82,83,84],"class_list":["post-537168","post","type-post","status-publish","format-standard","has-post-thumbnail","category-swiat","tag-belsatpl","tag-bottomfeed_styl","tag-breaking-news","tag-breakingnews","tag-headlines","tag-informacje","tag-latest-news","tag-latestnews","tag-naglowki","tag-najwazniejsze-artykuly","tag-nat_styl","tag-news","tag-omp","tag-phx","tag-polish","tag-polski","tag-screening_general","tag-swiat","tag-top-stories","tag-topstories","tag-wiadomosci","tag-world","tag-world-news","tag-worldnews"],"share_on_mastodon":{"url":"https:\/\/pubeurope.com\/@pl\/116868903485103560","error":""},"_links":{"self":[{"href":"https:\/\/www.europesays.com\/pl\/wp-json\/wp\/v2\/posts\/537168","targetHints":{"allow":["GET"]}}],"collection":[{"href":"https:\/\/www.europesays.com\/pl\/wp-json\/wp\/v2\/posts"}],"about":[{"href":"https:\/\/www.europesays.com\/pl\/wp-json\/wp\/v2\/types\/post"}],"author":[{"embeddable":true,"href":"https:\/\/www.europesays.com\/pl\/wp-json\/wp\/v2\/users\/2"}],"replies":[{"embeddable":true,"href":"https:\/\/www.europesays.com\/pl\/wp-json\/wp\/v2\/comments?post=537168"}],"version-history":[{"count":0,"href":"https:\/\/www.europesays.com\/pl\/wp-json\/wp\/v2\/posts\/537168\/revisions"}],"wp:featuredmedia":[{"embeddable":true,"href":"https:\/\/www.europesays.com\/pl\/wp-json\/wp\/v2\/media\/537169"}],"wp:attachment":[{"href":"https:\/\/www.europesays.com\/pl\/wp-json\/wp\/v2\/media?parent=537168"}],"wp:term":[{"taxonomy":"category","embeddable":true,"href":"https:\/\/www.europesays.com\/pl\/wp-json\/wp\/v2\/categories?post=537168"},{"taxonomy":"post_tag","embeddable":true,"href":"https:\/\/www.europesays.com\/pl\/wp-json\/wp\/v2\/tags?post=537168"}],"curies":[{"name":"wp","href":"https:\/\/api.w.org\/{rel}","templated":true}]}}