{"id":537573,"date":"2026-07-06T00:52:12","date_gmt":"2026-07-06T00:52:12","guid":{"rendered":"https:\/\/www.europesays.com\/pl\/537573\/"},"modified":"2026-07-06T00:52:12","modified_gmt":"2026-07-06T00:52:12","slug":"ogromne-meczarnie-coco-gauff-a-potem-zle-wiesci-dla-igi-swiatek","status":"publish","type":"post","link":"https:\/\/www.europesays.com\/pl\/537573\/","title":{"rendered":"Ogromne m\u0119czarnie Coco Gauff. A potem z\u0142e wie\u015bci dla Igi \u015awi\u0105tek"},"content":{"rendered":"<p>Amerykanka w walce o \u0107wier\u0107fina\u0142 trafi\u0142a na mocn\u0105 rywalk\u0119, kt\u00f3ra w poprzedniej rundzie r\u00f3wnie\u017c awansowa\u0142a po trzysetowej batalii z Ann\u0105 Kalinsk\u0105. <a href=\"https:\/\/przegladsportowy.onet.pl\/tenis\/wimbledon\/146-rakieta-swiata-postraszyla-coco-gauff-na-wimbledonie-wojna-nerwow-w-koncowce\/mqyksj8\" id=\"32172ada-56fa-45b9-8b75-78d359d158f4\" rel=\"nofollow noopener\" target=\"_blank\">Gauff z kolei postraszy\u0142a 146. rakieta \u015bwiata Claire Liu<\/a>. Po poradzeniu sobie z problemami by\u0142a faworytk\u0105 kolejnego starcia. Dalszy ci\u0105g artyku\u0142u pod materia\u0142em wideo <\/p>\n<p>Dla 22-latki spotkanie ze Szwajcark\u0105 by\u0142o okazj\u0119 do pierwszego w karierze awansu do londy\u0144skiego \u0107wier\u0107fina\u0142u. W niedziel\u0119 po raz czwarty wyst\u0105pi\u0142a w 4. rundzie Wimbledonu i chcia\u0142a wreszcie przebrn\u0105\u0107 t\u0119 faz\u0119.<\/p>\n<p>Coco Gauff mia\u0142a problemy, ale pokaza\u0142a klas\u0119!<\/p>\n<p>Zacz\u0119\u0142o si\u0119 od szybkiego prze\u0142amania i prowadzenia 3:0 z Bencic. Zawodniczka ze Szwajcarii musia\u0142a si\u0119 nam\u0119czy\u0107 w grze na przewagi, by przy jej nazwisku pojawi\u0142a si\u0119 pierwsza zdobycz. Zdecydowanie \u0142atwiej posz\u0142o za to od\u0142amaniu faworytki i kolejny gem serwisowy wygrany do zera. To oznacza\u0142o remis 3:3.<\/p>\n<p>W wa\u017cnym momencie by\u0142a w stanie zmusza\u0107 te\u017c Gauff do b\u0142\u0119d\u00f3w. Po kolejnym wykorzystanym break poincie Amerykanka ju\u017c si\u0119 nie uratowa\u0142a i przegra\u0142a pierwsz\u0105 parti\u0119 po zagraniu w siatk\u0119 bekhendem.<\/p>\n<p>Wydawa\u0142o si\u0119, \u017ce wr\u00f3ci\u0142y koszmary z rywalizacji na trawie w Berlinie, gdzie 22-latka szybko odpad\u0142a z rywalizacji. Jednak gdy rozstawiona z si\u00f3demk\u0105 zawodniczka wysz\u0142a na prowadzenie 2:1 po gemie do zera, jasne by\u0142o, \u017ce nerwy nie zniszczy\u0142y faworytki. Ta zachowa\u0142a zimn\u0105 krew i po agresywnym returnie mia\u0142a ju\u017c przewag\u0119 prze\u0142amania.<\/p>\n<p>Rozgoryczona swoj\u0105 postaw\u0105 by\u0142a za to Bencic, kt\u00f3ra zbyt cz\u0119sto zacz\u0119\u0142a dyskutowa\u0107 ze swoim sztabem i macha\u0107 r\u0119kami z du\u017cym niezadowoleniem. Uda\u0142o jej si\u0119 nawet zmniejszy\u0107 straty, ale potem wr\u00f3ci\u0142y problemy z podaniem, przez co przegra\u0142a 3:6 i zn\u00f3w musia\u0142a rozgrywa\u0107 z Gauff &#8222;decidera&#8221;.<\/p>\n<p>W kluczowym secie lepiej zacz\u0119\u0142a zawodniczka, kt\u00f3ra walczy o powr\u00f3t do TOP5. Po \u015bwietnym behkendowym zagraniu pi\u0142ka min\u0119\u0142a Szwajcark\u0119, a to oznacza\u0142o b\u0142yskawiczne prze\u0142amanie. Po raz kolejny zabrak\u0142o jednak konsekwencji i z 2:0 zrobi\u0142o si\u0119 2:2 po autowym zagraniu spod siatki.<\/p>\n<p>Bencic nie zawsze potrafi\u0142a utrzyma\u0107 nerw\u00f3w na wodzy, ale nie cierpia\u0142a na tym jako\u015b\u0107 jej zagra\u0144. Do pokonania Gauf potrzeba by\u0142o jednak czego\u015b wi\u0119cej. M\u0142odsza z zawodniczek po doskona\u0142ym returnie zn\u00f3w z prowadzi\u0142a z przewag\u0105 prze\u0142amania i po szalonej walce o ka\u017cd\u0105 pi\u0142k\u0119 wygra\u0142a 4:6, 6:3, 6:4.<\/p>\n<p>W rankingu WTA &#8222;na \u017cywo&#8221; Amerykanka ju\u017c od poprzedniego triumfu znajduje si\u0119 wy\u017cej od Igi \u015awi\u0105tek, po tym jak Polka nie obroni\u0142a gigantycznej cz\u0119\u015bci punkt\u00f3w za zesz\u0142oroczny triumf. Zwyci\u0119stwo z nocy z niedzieli na poniedzia\u0142ek sprawi\u0142o, \u017ce obecnie przewaga nad 25-latk\u0105 wynosi ju\u017c nieca\u0142e 700 punkt\u00f3w. Obecnie jest czwarta, a \u015awi\u0105tek sz\u00f3sta.<\/p>\n<p>W \u0107wier\u0107finale Coco Gauf zagra z Jessik\u0105 Pegul\u0105, kt\u00f3ra wyrzuci\u0142a z turnieju rodaczk\u0119 Iv\u0119 Jovi\u0107.<\/p>\n","protected":false},"excerpt":{"rendered":"Amerykanka w walce o \u0107wier\u0107fina\u0142 trafi\u0142a na mocn\u0105 rywalk\u0119, kt\u00f3ra w poprzedniej rundzie r\u00f3wnie\u017c awansowa\u0142a po trzysetowej batalii&hellip;\n","protected":false},"author":2,"featured_media":537574,"comment_status":"","ping_status":"","sticky":false,"template":"","format":"standard","meta":{"footnotes":"","_share_on_mastodon":"0"},"categories":[24],"tags":[7398,61195,5218,48,46,42,38,40,39,41,47,127,126,156,130,17823],"class_list":["post-537573","post","type-post","status-publish","format-standard","has-post-thumbnail","category-sport","tag-belinda_bencic","tag-bottomfeed_styl","tag-coco_gauff","tag-nat_styl","tag-omp","tag-pl","tag-poland","tag-polish","tag-polska","tag-polski","tag-screening_general","tag-sport","tag-sports","tag-tenis","tag-wiadomosci_sportowe","tag-wimbledon"],"share_on_mastodon":{"url":"https:\/\/pubeurope.com\/@pl\/116870299420390554","error":""},"_links":{"self":[{"href":"https:\/\/www.europesays.com\/pl\/wp-json\/wp\/v2\/posts\/537573","targetHints":{"allow":["GET"]}}],"collection":[{"href":"https:\/\/www.europesays.com\/pl\/wp-json\/wp\/v2\/posts"}],"about":[{"href":"https:\/\/www.europesays.com\/pl\/wp-json\/wp\/v2\/types\/post"}],"author":[{"embeddable":true,"href":"https:\/\/www.europesays.com\/pl\/wp-json\/wp\/v2\/users\/2"}],"replies":[{"embeddable":true,"href":"https:\/\/www.europesays.com\/pl\/wp-json\/wp\/v2\/comments?post=537573"}],"version-history":[{"count":0,"href":"https:\/\/www.europesays.com\/pl\/wp-json\/wp\/v2\/posts\/537573\/revisions"}],"wp:featuredmedia":[{"embeddable":true,"href":"https:\/\/www.europesays.com\/pl\/wp-json\/wp\/v2\/media\/537574"}],"wp:attachment":[{"href":"https:\/\/www.europesays.com\/pl\/wp-json\/wp\/v2\/media?parent=537573"}],"wp:term":[{"taxonomy":"category","embeddable":true,"href":"https:\/\/www.europesays.com\/pl\/wp-json\/wp\/v2\/categories?post=537573"},{"taxonomy":"post_tag","embeddable":true,"href":"https:\/\/www.europesays.com\/pl\/wp-json\/wp\/v2\/tags?post=537573"}],"curies":[{"name":"wp","href":"https:\/\/api.w.org\/{rel}","templated":true}]}}