{"id":537581,"date":"2026-07-06T00:56:09","date_gmt":"2026-07-06T00:56:09","guid":{"rendered":"https:\/\/www.europesays.com\/pl\/537581\/"},"modified":"2026-07-06T00:56:09","modified_gmt":"2026-07-06T00:56:09","slug":"wzrosla-liczba-ofiar-podwojnego-trzesienia-ziemi-w-wenezueli-powazne-zarzuty-wobec-sluzb","status":"publish","type":"post","link":"https:\/\/www.europesays.com\/pl\/537581\/","title":{"rendered":"Wzros\u0142a liczba ofiar podw\u00f3jnego trz\u0119sienia ziemi w Wenezueli. Powa\u017cne zarzuty wobec s\u0142u\u017cb"},"content":{"rendered":"<p>Wed\u0142ug najnowszych danych liczba rannych wynosi obecnie 16 tys. 470, a liczba os\u00f3b pozbawionych dachu nad g\u0142ow\u0105 wzros\u0142a do 17 tys. 345. Cytowana przez agencj\u0119 Reutera Delcy Rodriguez, pe\u0142ni\u0105ca obowi\u0105zki prezydenta, broni\u0142a dzia\u0142a\u0144 rz\u0105du podj\u0119tych po trz\u0119sieniach ziemi w obliczu rosn\u0105cego niezadowolenia.<\/p>\n<p>Powa\u017cne zarzuty wobec s\u0142u\u017cb<\/p>\n<p>W Wenezueli narasta krytyka reakcji w\u0142adz na kataklizm i opiesza\u0142o\u015bci pa\u0144stwowych s\u0142u\u017cb. Policji i wojsku zarzucano utrudnianie akcji ratowniczej, pojawi\u0142y si\u0119 oskar\u017cenia o blokowanie pomocy, przejmowanie datk\u00f3w, a nawet kradzie\u017ce kosztowno\u015bci z zawalonych budynk\u00f3w.<\/p>\n<p>Rodriguez o\u015bwiadczy\u0142a, \u017ce natychmiast rozmie\u015bci\u0142a si\u0142y bezpiecze\u0144stwa oraz og\u0142osi\u0142a utworzenie nowej jednostki wojskowej, kt\u00f3ra ma pomaga\u0107 w radzeniu sobie z sytuacjami kryzysowymi i katastrofami.<\/p>\n<p>Podw\u00f3jne trz\u0119sienie ziemi mia\u0142o miejsce 24 czerwca. W\u0142adze og\u0142osi\u0142y siedmiodniow\u0105 \u017ca\u0142ob\u0119 narodow\u0105, kt\u00f3ra trwa od \u015brody. Liczba zaginionych szacowana jest przez ONZ na ponad 50 tys.<\/p>\n<p> &#8222;Nie pope\u0142nijcie b\u0142\u0119d\u00f3w Zachodu&#8221;. Odkry\u0142 sekret Nord Stream. Teraz ostrzega Polak\u00f3w   <img class=\"ods-a-photo ods-a-photo--background\" src=\"https:\/\/www.europesays.com\/pl\/wp-content\/uploads\/2026\/07\/uGMk9lBaHR0cHM6Ly9vY2RuLmV1L3B1bHNjbXMvTURBXy8xMDVhNzY1NmRiM2JhZTA1MjYwMmM0NzhkYWUxZGFmMy5qcGeRlQLNA.jpeg\" height=\"292\" width=\"450\" alt=\"W\u0142adimir Putin i Donald Trump \" loading=\"lazy\" fetchpriority=\"low\" decoding=\"async\"\/>  <\/p>\n","protected":false},"excerpt":{"rendered":"Wed\u0142ug najnowszych danych liczba rannych wynosi obecnie 16 tys. 470, a liczba os\u00f3b pozbawionych dachu nad g\u0142ow\u0105 wzros\u0142a&hellip;\n","protected":false},"author":2,"featured_media":537582,"comment_status":"","ping_status":"","sticky":false,"template":"","format":"standard","meta":{"footnotes":"","_share_on_mastodon":"0"},"categories":[14],"tags":[61195,32,33,27,34,35,28,31,48,25,46,55,40,41,47,80,29,30,1933,3008,26,82,83,84],"class_list":["post-537581","post","type-post","status-publish","format-standard","has-post-thumbnail","category-swiat","tag-bottomfeed_styl","tag-breaking-news","tag-breakingnews","tag-headlines","tag-latest-news","tag-latestnews","tag-naglowki","tag-najwazniejsze-artykuly","tag-nat_styl","tag-news","tag-omp","tag-phx","tag-polish","tag-polski","tag-screening_general","tag-swiat","tag-top-stories","tag-topstories","tag-trzesienie_ziemi","tag-wenezuela","tag-wiadomosci","tag-world","tag-world-news","tag-worldnews"],"share_on_mastodon":{"url":"","error":""},"_links":{"self":[{"href":"https:\/\/www.europesays.com\/pl\/wp-json\/wp\/v2\/posts\/537581","targetHints":{"allow":["GET"]}}],"collection":[{"href":"https:\/\/www.europesays.com\/pl\/wp-json\/wp\/v2\/posts"}],"about":[{"href":"https:\/\/www.europesays.com\/pl\/wp-json\/wp\/v2\/types\/post"}],"author":[{"embeddable":true,"href":"https:\/\/www.europesays.com\/pl\/wp-json\/wp\/v2\/users\/2"}],"replies":[{"embeddable":true,"href":"https:\/\/www.europesays.com\/pl\/wp-json\/wp\/v2\/comments?post=537581"}],"version-history":[{"count":0,"href":"https:\/\/www.europesays.com\/pl\/wp-json\/wp\/v2\/posts\/537581\/revisions"}],"wp:featuredmedia":[{"embeddable":true,"href":"https:\/\/www.europesays.com\/pl\/wp-json\/wp\/v2\/media\/537582"}],"wp:attachment":[{"href":"https:\/\/www.europesays.com\/pl\/wp-json\/wp\/v2\/media?parent=537581"}],"wp:term":[{"taxonomy":"category","embeddable":true,"href":"https:\/\/www.europesays.com\/pl\/wp-json\/wp\/v2\/categories?post=537581"},{"taxonomy":"post_tag","embeddable":true,"href":"https:\/\/www.europesays.com\/pl\/wp-json\/wp\/v2\/tags?post=537581"}],"curies":[{"name":"wp","href":"https:\/\/api.w.org\/{rel}","templated":true}]}}