{"id":537931,"date":"2026-07-06T06:26:14","date_gmt":"2026-07-06T06:26:14","guid":{"rendered":"https:\/\/www.europesays.com\/pl\/537931\/"},"modified":"2026-07-06T06:26:14","modified_gmt":"2026-07-06T06:26:14","slug":"jest-wart-119-mln-dol-jacht-putina-ucieka-do-arktyki","status":"publish","type":"post","link":"https:\/\/www.europesays.com\/pl\/537931\/","title":{"rendered":"Jest wart 119 mln dol. Jacht Putina ucieka do Arktyki"},"content":{"rendered":"<p>Z danych rozpoznania morskiego i zdj\u0119\u0107 satelitarnych ma wynika\u0107, \u017ce jednostka zmierza do rosyjskiego portu w Murma\u0144sku pod eskort\u0105 okr\u0119tu zwalczania okr\u0119t\u00f3w podwodnych Siewieromorsk oraz statku ratowniczego Wojewoda \u2014 b\u0119d\u0105cego kolejn\u0105 nieoficjalna jednostk\u0105 dla rosyjskich VIP-\u00f3w.<\/p>\n<p>Konw\u00f3j ma by\u0107 obserwowany przez NATO, a marynarki wojenne Niemiec i Danii mia\u0142y pod\u0105\u017ca\u0107 za nim przez Ba\u0142tyk.<\/p>\n<p>O ewakuacji Graceful z Morza Ba\u0142tyckiego media poinformowa\u0142y 29 czerwca. Podczas przej\u015bcia superjachtu przez Cie\u015bniny Du\u0144skie zauwa\u017cono, \u017ce jego nadbud\u00f3wka zosta\u0142a os\u0142oni\u0119ta siatkami maj\u0105cymi chroni\u0107 przed atakiem ma\u0142ych dron\u00f3w uderzeniowych. Decyzja o wyprowadzeniu jednostki z Petersburga jest \u0142\u0105czona z ukrai\u0144skimi atakami lotniczymi na rosyjskie porty nad Ba\u0142tykiem.<\/p>\n<p>Jednostka ma 80 metr\u00f3w d\u0142ugo\u015bci i wed\u0142ug Forbes warta jest 119 mln dol. Ma on mie\u015bci\u0107 si\u0142owni\u0119, basen ze s\u0142on\u0105 i s\u0142odk\u0105 wod\u0105 oraz l\u0105dowisko helikoptera. To w\u0142a\u015bnie na jego pok\u0142adzie rosyjski przyw\u00f3dca go\u015bci\u0142 w 2021 r. Aleksandra \u0141ukaszenk\u0119 podczas rejsu po Morzu Czarnym.<\/p>\n<p>Drugi jacht Putina     <img class=\"ods-a-photo ods-a-photo--background\" src=\"https:\/\/www.europesays.com\/pl\/wp-content\/uploads\/2026\/07\/mawk9lBaHR0cHM6Ly9vY2RuLmV1L3B1bHNjbXMvTURBXy84YmQyZjkxYjZjZjVkZmViNzNkZTdiNDRjNWUwNWUxZS5qcGeRkwXNB.jpeg\" height=\"530\" width=\"940\" alt=\"Victoria - czarnomorski jacht W\u0142adimira Putina - pod koniec czerwca przep\u0142yn\u0105\u0142 Cie\u015bnin\u0119 Bosfor i wyszed\u0142 na Morze \u015ar\u00f3dziemne. \u0179r\u00f3d\u0142o: Vot Tak\" loading=\"lazy\" fetchpriority=\"auto\" decoding=\"auto\"\/>    <\/p>\n<p>Partner Centrum Europy<\/p>\n<p>  Victoria &#8211; czarnomorski jacht W\u0142adimira Putina &#8211; pod koniec czerwca przep\u0142yn\u0105\u0142 Cie\u015bnin\u0119 Bosfor i wyszed\u0142 na Morze \u015ar\u00f3dziemne. \u0179r\u00f3d\u0142o: Vot Tak  <\/p>\n<p>1 lipca Vot Tak \u2014 rosyjskoj\u0119zyczna redakcja Telewizji Polskiej \u2014 poinformowa\u0142, \u017ce drugi superjacht Putina \u2014 Victoria \u2014 zosta\u0142 w serwisie Marine Traffic zauwa\u017cony w porcie Torba u tureckiego wybrze\u017ca Morza Egejskiego. 26 czerwca wyszed\u0142 on z portu w rosyjskim Kraju Krasnodarskim, a 28 czerwca przeszed\u0142 Cie\u015bnin\u0119 Bosfor i stan\u0105\u0142 na kotwicy w Stambule.<\/p>\n<p>Victoria to &#8222;okr\u0119t flagowy&#8221; czarnomorskiej flotylli Putina. Jednostka wyceniana jest na 50 mln dol.<\/p>\n<p>Wed\u0142ug rosyjskiego opozycyjnego centrum \u015bledczego Dosier, ch\u0119tnie korzysta z niego konkubentka i matka utrzymywanych w tajemnicy syn\u00f3w rosyjskiego przyw\u00f3dcy Alina Kabajewa z rodzin\u0105.<\/p>\n<p>Wi\u0119cej o ewakuacji Graceful Centrum Europy pisa\u0142o<a rel=\"nofollow noopener\" href=\"https:\/\/centrumeuropy.pl\/94092228\/jacht-putina-ewakuowano-z-baltyku-w-eskorcie-okretu-zop\" id=\"6a133b67-1fab-4648-8101-1e65d71dd984\" target=\"_blank\"> TUTAJ.<\/a><\/p>\n","protected":false},"excerpt":{"rendered":"Z danych rozpoznania morskiego i zdj\u0119\u0107 satelitarnych ma wynika\u0107, \u017ce jednostka zmierza do rosyjskiego portu w Murma\u0144sku pod&hellip;\n","protected":false},"author":2,"featured_media":537932,"comment_status":"","ping_status":"","sticky":false,"template":"","format":"standard","meta":{"footnotes":"","_share_on_mastodon":"0"},"categories":[14],"tags":[27365,61195,32,33,27,399,34,35,28,31,48,25,46,55,40,41,47,80,29,30,26,82,83,84],"class_list":["post-537931","post","type-post","status-publish","format-standard","has-post-thumbnail","category-swiat","tag-belsatpl","tag-bottomfeed_styl","tag-breaking-news","tag-breakingnews","tag-headlines","tag-informacje","tag-latest-news","tag-latestnews","tag-naglowki","tag-najwazniejsze-artykuly","tag-nat_styl","tag-news","tag-omp","tag-phx","tag-polish","tag-polski","tag-screening_general","tag-swiat","tag-top-stories","tag-topstories","tag-wiadomosci","tag-world","tag-world-news","tag-worldnews"],"share_on_mastodon":{"url":"https:\/\/pubeurope.com\/@pl\/116871612760666742","error":""},"_links":{"self":[{"href":"https:\/\/www.europesays.com\/pl\/wp-json\/wp\/v2\/posts\/537931","targetHints":{"allow":["GET"]}}],"collection":[{"href":"https:\/\/www.europesays.com\/pl\/wp-json\/wp\/v2\/posts"}],"about":[{"href":"https:\/\/www.europesays.com\/pl\/wp-json\/wp\/v2\/types\/post"}],"author":[{"embeddable":true,"href":"https:\/\/www.europesays.com\/pl\/wp-json\/wp\/v2\/users\/2"}],"replies":[{"embeddable":true,"href":"https:\/\/www.europesays.com\/pl\/wp-json\/wp\/v2\/comments?post=537931"}],"version-history":[{"count":0,"href":"https:\/\/www.europesays.com\/pl\/wp-json\/wp\/v2\/posts\/537931\/revisions"}],"wp:featuredmedia":[{"embeddable":true,"href":"https:\/\/www.europesays.com\/pl\/wp-json\/wp\/v2\/media\/537932"}],"wp:attachment":[{"href":"https:\/\/www.europesays.com\/pl\/wp-json\/wp\/v2\/media?parent=537931"}],"wp:term":[{"taxonomy":"category","embeddable":true,"href":"https:\/\/www.europesays.com\/pl\/wp-json\/wp\/v2\/categories?post=537931"},{"taxonomy":"post_tag","embeddable":true,"href":"https:\/\/www.europesays.com\/pl\/wp-json\/wp\/v2\/tags?post=537931"}],"curies":[{"name":"wp","href":"https:\/\/api.w.org\/{rel}","templated":true}]}}